{"id":4783,"date":"2025-05-21T17:49:41","date_gmt":"2025-05-21T15:49:41","guid":{"rendered":"https:\/\/agora.xtec.cat\/ins-intermunicipal\/?p=4783"},"modified":"2025-05-21T17:52:12","modified_gmt":"2025-05-21T15:52:12","slug":"marques-presenta-el-mar-dins-meu","status":"publish","type":"post","link":"https:\/\/agora.xtec.cat\/ins-intermunicipal\/general\/marques-presenta-el-mar-dins-meu\/","title":{"rendered":"Marqu\u00e8s presenta El mar dins meu"},"content":{"rendered":"<p style=\"text-align: left;\">L&#8217;autora penedesenca Montse Marqu\u00e8s ens ha visitat aquesta setmana per presentar el seu llibre <a href=\"https:\/\/edita.cat\/projects\/el-mar-dins-meu\/\">El Mar dins meu<\/a>, una eina per trencar tab\u00fas, obrir espais d&#8217;escolta i de di\u00e0leg, i per conscienciar la poblaci\u00f3 que els abusos sexuals infantils s\u00f3n reals i estan entre nosaltres. Una hist\u00f2ria per despertar sensibilitat i empatia, i permetre donar veu a les v\u00edctimes.<br \/>\nGr\u00e0cies per la visita Montse i per compartir-ho.<\/p>\n<p><a href=\"https:\/\/agora.xtec.cat\/ins-intermunicipal\/wp-content\/uploads\/usu2220\/2025\/05\/Imagen-de-WhatsApp-2025-05-20-a-las-20.03.50_45a82ef0-2.jpg\"><img loading=\"lazy\" decoding=\"async\" class=\"alignnone size-large wp-image-4789\" src=\"https:\/\/agora.xtec.cat\/ins-intermunicipal\/wp-content\/uploads\/usu2220\/2025\/05\/Imagen-de-WhatsApp-2025-05-20-a-las-20.03.50_45a82ef0-2-576x1024.jpg\" alt=\"\" width=\"576\" height=\"1024\" srcset=\"https:\/\/agora.xtec.cat\/ins-intermunicipal\/wp-content\/uploads\/usu2220\/2025\/05\/Imagen-de-WhatsApp-2025-05-20-a-las-20.03.50_45a82ef0-2-576x1024.jpg 576w, https:\/\/agora.xtec.cat\/ins-intermunicipal\/wp-content\/uploads\/usu2220\/2025\/05\/Imagen-de-WhatsApp-2025-05-20-a-las-20.03.50_45a82ef0-2-169x300.jpg 169w, https:\/\/agora.xtec.cat\/ins-intermunicipal\/wp-content\/uploads\/usu2220\/2025\/05\/Imagen-de-WhatsApp-2025-05-20-a-las-20.03.50_45a82ef0-2-768x1365.jpg 768w, https:\/\/agora.xtec.cat\/ins-intermunicipal\/wp-content\/uploads\/usu2220\/2025\/05\/Imagen-de-WhatsApp-2025-05-20-a-las-20.03.50_45a82ef0-2-864x1536.jpg 864w, https:\/\/agora.xtec.cat\/ins-intermunicipal\/wp-content\/uploads\/usu2220\/2025\/05\/Imagen-de-WhatsApp-2025-05-20-a-las-20.03.50_45a82ef0-2.jpg 1152w\" sizes=\"auto, (max-width: 576px) 100vw, 576px\" \/><\/a><a href=\"https:\/\/agora.xtec.cat\/ins-intermunicipal\/wp-content\/uploads\/usu2220\/2025\/05\/Imagen-de-WhatsApp-2025-05-20-a-las-20.03.50_283928b1.jpg\"><img loading=\"lazy\" decoding=\"async\" class=\"alignnone size-large wp-image-4784\" src=\"https:\/\/agora.xtec.cat\/ins-intermunicipal\/wp-content\/uploads\/usu2220\/2025\/05\/Imagen-de-WhatsApp-2025-05-20-a-las-20.03.50_283928b1-576x1024.jpg\" alt=\"\" width=\"576\" height=\"1024\" srcset=\"https:\/\/agora.xtec.cat\/ins-intermunicipal\/wp-content\/uploads\/usu2220\/2025\/05\/Imagen-de-WhatsApp-2025-05-20-a-las-20.03.50_283928b1-576x1024.jpg 576w, https:\/\/agora.xtec.cat\/ins-intermunicipal\/wp-content\/uploads\/usu2220\/2025\/05\/Imagen-de-WhatsApp-2025-05-20-a-las-20.03.50_283928b1-169x300.jpg 169w, https:\/\/agora.xtec.cat\/ins-intermunicipal\/wp-content\/uploads\/usu2220\/2025\/05\/Imagen-de-WhatsApp-2025-05-20-a-las-20.03.50_283928b1-768x1365.jpg 768w, https:\/\/agora.xtec.cat\/ins-intermunicipal\/wp-content\/uploads\/usu2220\/2025\/05\/Imagen-de-WhatsApp-2025-05-20-a-las-20.03.50_283928b1-864x1536.jpg 864w, https:\/\/agora.xtec.cat\/ins-intermunicipal\/wp-content\/uploads\/usu2220\/2025\/05\/Imagen-de-WhatsApp-2025-05-20-a-las-20.03.50_283928b1.jpg 1134w\" sizes=\"auto, (max-width: 576px) 100vw, 576px\" \/><\/a><\/p>\n","protected":false},"excerpt":{"rendered":"<p>L&#8217;autora penedesenca Montse Marqu\u00e8s ens ha visitat aquesta setmana per presentar el seu llibre <a href=\"https:\/\/edita.cat\/projects\/el-mar-dins-meu\/\">El Mar dins meu<\/a>, una eina per trencar tab\u00fas, obrir espais d&#8217;escolta i de di\u00e0leg, i per conscienciar la poblaci\u00f3 que els abusos sexuals infantils s\u00f3n reals i estan entre&hellip;  <a href=\"https:\/\/agora.xtec.cat\/ins-intermunicipal\/general\/marques-presenta-el-mar-dins-meu\/\" title=\"Read Marqu\u00e8s presenta El mar dins meu\">Llegeix m\u00e9s\u00bb<\/a><\/p>\n","protected":false},"author":8,"featured_media":4787,"comment_status":"closed","ping_status":"closed","sticky":false,"template":"","format":"standard","meta":{"_bbp_topic_count":0,"_bbp_reply_count":0,"_bbp_total_topic_count":0,"_bbp_total_reply_count":0,"_bbp_voice_count":0,"_bbp_anonymous_reply_count":0,"_bbp_topic_count_hidden":0,"_bbp_reply_count_hidden":0,"_bbp_forum_subforum_count":0,"footnotes":""},"categories":[30,1,29],"tags":[],"class_list":["post-4783","post","type-post","status-publish","format-standard","has-post-thumbnail","hentry","category-formacio-professional","category-general","category-portada"],"post_mailing_queue_ids":[],"_links":{"self":[{"href":"https:\/\/agora.xtec.cat\/ins-intermunicipal\/wp-json\/wp\/v2\/posts\/4783","targetHints":{"allow":["GET"]}}],"collection":[{"href":"https:\/\/agora.xtec.cat\/ins-intermunicipal\/wp-json\/wp\/v2\/posts"}],"about":[{"href":"https:\/\/agora.xtec.cat\/ins-intermunicipal\/wp-json\/wp\/v2\/types\/post"}],"author":[{"embeddable":true,"href":"https:\/\/agora.xtec.cat\/ins-intermunicipal\/wp-json\/wp\/v2\/users\/8"}],"replies":[{"embeddable":true,"href":"https:\/\/agora.xtec.cat\/ins-intermunicipal\/wp-json\/wp\/v2\/comments?post=4783"}],"version-history":[{"count":3,"href":"https:\/\/agora.xtec.cat\/ins-intermunicipal\/wp-json\/wp\/v2\/posts\/4783\/revisions"}],"predecessor-version":[{"id":4792,"href":"https:\/\/agora.xtec.cat\/ins-intermunicipal\/wp-json\/wp\/v2\/posts\/4783\/revisions\/4792"}],"wp:featuredmedia":[{"embeddable":true,"href":"https:\/\/agora.xtec.cat\/ins-intermunicipal\/wp-json\/wp\/v2\/media\/4787"}],"wp:attachment":[{"href":"https:\/\/agora.xtec.cat\/ins-intermunicipal\/wp-json\/wp\/v2\/media?parent=4783"}],"wp:term":[{"taxonomy":"category","embeddable":true,"href":"https:\/\/agora.xtec.cat\/ins-intermunicipal\/wp-json\/wp\/v2\/categories?post=4783"},{"taxonomy":"post_tag","embeddable":true,"href":"https:\/\/agora.xtec.cat\/ins-intermunicipal\/wp-json\/wp\/v2\/tags?post=4783"}],"curies":[{"name":"wp","href":"https:\/\/api.w.org\/{rel}","templated":true}]}}