{"id":4771,"date":"2025-05-16T12:08:51","date_gmt":"2025-05-16T10:08:51","guid":{"rendered":"https:\/\/agora.xtec.cat\/ins-intermunicipal\/?p=4771"},"modified":"2025-05-19T14:17:13","modified_gmt":"2025-05-19T12:17:13","slug":"nous-cartells-de-normativa","status":"publish","type":"post","link":"https:\/\/agora.xtec.cat\/ins-intermunicipal\/general\/nous-cartells-de-normativa\/","title":{"rendered":"Nous cartells de normativa"},"content":{"rendered":"<p align=\"justify\"><span style=\"font-family: Arial, sans-serif;\">La Comissi\u00f3 de Funcionament i Normativa del Consell d\u2019Alumnes de l\u2019institut, amb l\u2019ajuda i disseny final de l\u2019Aura Gum\u00e0, coordinadora COCOBE del nostre centre i professora d\u2019Educaci\u00f3 Visual i Pl\u00e0stica, han elaborat una s\u00e8rie de cartells amb la normativa dels diferents espais de l\u2019institut. A les fotografies en teniu una mostra:<\/span><\/p>\n<p align=\"justify\"><a href=\"https:\/\/agora.xtec.cat\/ins-intermunicipal\/wp-content\/uploads\/usu2220\/2025\/05\/IMG_7806-2-rotated.jpg\"><img loading=\"lazy\" decoding=\"async\" class=\" wp-image-4772 alignleft\" src=\"https:\/\/agora.xtec.cat\/ins-intermunicipal\/wp-content\/uploads\/usu2220\/2025\/05\/IMG_7806-2-225x300.jpg\" alt=\"\" width=\"159\" height=\"212\" srcset=\"https:\/\/agora.xtec.cat\/ins-intermunicipal\/wp-content\/uploads\/usu2220\/2025\/05\/IMG_7806-2-225x300.jpg 225w, https:\/\/agora.xtec.cat\/ins-intermunicipal\/wp-content\/uploads\/usu2220\/2025\/05\/IMG_7806-2-rotated.jpg 675w\" sizes=\"auto, (max-width: 159px) 100vw, 159px\" \/><\/a> <a href=\"https:\/\/agora.xtec.cat\/ins-intermunicipal\/wp-content\/uploads\/usu2220\/2025\/05\/IMG_7807-1-rotated.jpg\"><img loading=\"lazy\" decoding=\"async\" class=\" wp-image-4773 alignleft\" src=\"https:\/\/agora.xtec.cat\/ins-intermunicipal\/wp-content\/uploads\/usu2220\/2025\/05\/IMG_7807-1-225x300.jpg\" alt=\"\" width=\"161\" height=\"214\" srcset=\"https:\/\/agora.xtec.cat\/ins-intermunicipal\/wp-content\/uploads\/usu2220\/2025\/05\/IMG_7807-1-225x300.jpg 225w, https:\/\/agora.xtec.cat\/ins-intermunicipal\/wp-content\/uploads\/usu2220\/2025\/05\/IMG_7807-1-rotated.jpg 675w\" sizes=\"auto, (max-width: 161px) 100vw, 161px\" \/><\/a> <a href=\"https:\/\/agora.xtec.cat\/ins-intermunicipal\/wp-content\/uploads\/usu2220\/2025\/05\/IMG_7808-1-rotated.jpg\"><img loading=\"lazy\" decoding=\"async\" class=\" wp-image-4774 alignleft\" src=\"https:\/\/agora.xtec.cat\/ins-intermunicipal\/wp-content\/uploads\/usu2220\/2025\/05\/IMG_7808-1-225x300.jpg\" alt=\"\" width=\"163\" height=\"217\" \/><\/a> <a href=\"https:\/\/agora.xtec.cat\/ins-intermunicipal\/wp-content\/uploads\/usu2220\/2025\/05\/IMG_7809-1.jpg\"><img loading=\"lazy\" decoding=\"async\" class=\" wp-image-4775 alignleft\" src=\"https:\/\/agora.xtec.cat\/ins-intermunicipal\/wp-content\/uploads\/usu2220\/2025\/05\/IMG_7809-1-300x225.jpg\" alt=\"\" width=\"293\" height=\"220\" srcset=\"https:\/\/agora.xtec.cat\/ins-intermunicipal\/wp-content\/uploads\/usu2220\/2025\/05\/IMG_7809-1-300x225.jpg 300w, https:\/\/agora.xtec.cat\/ins-intermunicipal\/wp-content\/uploads\/usu2220\/2025\/05\/IMG_7809-1-768x576.jpg 768w, https:\/\/agora.xtec.cat\/ins-intermunicipal\/wp-content\/uploads\/usu2220\/2025\/05\/IMG_7809-1-200x150.jpg 200w, https:\/\/agora.xtec.cat\/ins-intermunicipal\/wp-content\/uploads\/usu2220\/2025\/05\/IMG_7809-1.jpg 900w\" sizes=\"auto, (max-width: 293px) 100vw, 293px\" \/><\/a><\/p>\n","protected":false},"excerpt":{"rendered":"<p>La Comissi\u00f3 de Funcionament i Normativa del Consell d\u2019Alumnes de l\u2019institut, amb l\u2019ajuda i disseny final de l\u2019Aura Gum\u00e0, coordinadora COCOBE del nostre centre i professora d\u2019Educaci\u00f3 Visual i Pl\u00e0stica, han elaborat una s\u00e8rie de cartells amb la normativa dels diferents espais de l\u2019institut. A&hellip;  <a href=\"https:\/\/agora.xtec.cat\/ins-intermunicipal\/general\/nous-cartells-de-normativa\/\" title=\"Read Nous cartells de normativa\">Llegeix m\u00e9s\u00bb<\/a><\/p>\n","protected":false},"author":7,"featured_media":4774,"comment_status":"closed","ping_status":"closed","sticky":false,"template":"","format":"standard","meta":{"_bbp_topic_count":0,"_bbp_reply_count":0,"_bbp_total_topic_count":0,"_bbp_total_reply_count":0,"_bbp_voice_count":0,"_bbp_anonymous_reply_count":0,"_bbp_topic_count_hidden":0,"_bbp_reply_count_hidden":0,"_bbp_forum_subforum_count":0,"footnotes":""},"categories":[8,3,30,1,29],"tags":[716,717,715,176,718],"class_list":["post-4771","post","type-post","status-publish","format-standard","has-post-thumbnail","hentry","category-bat","category-eso","category-formacio-professional","category-general","category-portada","tag-aura-goma","tag-cartells","tag-cocobe","tag-consell-dalumnes","tag-normativa"],"post_mailing_queue_ids":[],"_links":{"self":[{"href":"https:\/\/agora.xtec.cat\/ins-intermunicipal\/wp-json\/wp\/v2\/posts\/4771","targetHints":{"allow":["GET"]}}],"collection":[{"href":"https:\/\/agora.xtec.cat\/ins-intermunicipal\/wp-json\/wp\/v2\/posts"}],"about":[{"href":"https:\/\/agora.xtec.cat\/ins-intermunicipal\/wp-json\/wp\/v2\/types\/post"}],"author":[{"embeddable":true,"href":"https:\/\/agora.xtec.cat\/ins-intermunicipal\/wp-json\/wp\/v2\/users\/7"}],"replies":[{"embeddable":true,"href":"https:\/\/agora.xtec.cat\/ins-intermunicipal\/wp-json\/wp\/v2\/comments?post=4771"}],"version-history":[{"count":2,"href":"https:\/\/agora.xtec.cat\/ins-intermunicipal\/wp-json\/wp\/v2\/posts\/4771\/revisions"}],"predecessor-version":[{"id":4779,"href":"https:\/\/agora.xtec.cat\/ins-intermunicipal\/wp-json\/wp\/v2\/posts\/4771\/revisions\/4779"}],"wp:featuredmedia":[{"embeddable":true,"href":"https:\/\/agora.xtec.cat\/ins-intermunicipal\/wp-json\/wp\/v2\/media\/4774"}],"wp:attachment":[{"href":"https:\/\/agora.xtec.cat\/ins-intermunicipal\/wp-json\/wp\/v2\/media?parent=4771"}],"wp:term":[{"taxonomy":"category","embeddable":true,"href":"https:\/\/agora.xtec.cat\/ins-intermunicipal\/wp-json\/wp\/v2\/categories?post=4771"},{"taxonomy":"post_tag","embeddable":true,"href":"https:\/\/agora.xtec.cat\/ins-intermunicipal\/wp-json\/wp\/v2\/tags?post=4771"}],"curies":[{"name":"wp","href":"https:\/\/api.w.org\/{rel}","templated":true}]}}