{"id":4751,"date":"2025-05-13T12:59:55","date_gmt":"2025-05-13T10:59:55","guid":{"rendered":"https:\/\/agora.xtec.cat\/ins-intermunicipal\/?p=4751"},"modified":"2025-05-13T12:59:55","modified_gmt":"2025-05-13T10:59:55","slug":"participem-al-forum-descoles-verdes","status":"publish","type":"post","link":"https:\/\/agora.xtec.cat\/ins-intermunicipal\/general\/participem-al-forum-descoles-verdes\/","title":{"rendered":"Participem al F\u00f2rum d&#8217;Escoles Verdes"},"content":{"rendered":"<p align=\"justify\"><span style=\"color: #000000;\"><span style=\"font-family: Arial, sans-serif;\"><span style=\"font-size: medium;\"><a href=\"https:\/\/agora.xtec.cat\/ins-intermunicipal\/wp-content\/uploads\/usu2220\/2025\/05\/unnamed-3.png\"><img loading=\"lazy\" decoding=\"async\" class=\"size-full wp-image-4754 alignleft\" src=\"https:\/\/agora.xtec.cat\/ins-intermunicipal\/wp-content\/uploads\/usu2220\/2025\/05\/unnamed-3.png\" alt=\"\" width=\"184\" height=\"145\" \/><\/a>El passat\u00a0 8 de maig i en representaci\u00f3 dels delegats Verds del nostre institut, els alumnes Bil Santeugini i Adam El Aissati, acompanyats per la coordinadora del programa Merc\u00e8 Mompel, van participar en el F\u00f2rum d&#8217;Escoles Verdes del Garraf i l&#8217;Alt Pened\u00e8s, celebrat a l\u2019Escorxador de Vilafranca del Pened\u00e8s.<\/span><\/span><\/span><\/p>\n<p align=\"justify\"><span style=\"color: #000000;\"><span style=\"font-family: Arial, sans-serif;\"><span style=\"font-size: medium;\">All\u00e0 els alumnes van interactuar amb altres alumnes i van poder participar en diferents activitats relacionades amb el medi i l\u2019entorn per posteriorment\u00a0 presentar a la resta dels centres, la Burillat\u00f3.<\/span><\/span><\/span><\/p>\n<p align=\"justify\"><span style=\"color: #000000;\"><span style=\"font-family: Arial, sans-serif;\"><span style=\"font-size: medium;\">L\u2019experi\u00e8ncia va ser enriquidora per a tots, ja que els docents tamb\u00e9 vam assistir a una xerrada per con\u00e8ixer associacions del Garraf que treballen per cuidar l\u2019entorn.<\/span><\/span><\/span><\/p>\n<p align=\"justify\"><a href=\"https:\/\/agora.xtec.cat\/ins-intermunicipal\/wp-content\/uploads\/usu2220\/2025\/05\/IMG_0201-2.jpg\">\u00a0 \u00a0 \u00a0 \u00a0 \u00a0 \u00a0 \u00a0 \u00a0 \u00a0 \u00a0 \u00a0 \u00a0 \u00a0 <img loading=\"lazy\" decoding=\"async\" class=\"alignnone  wp-image-4755\" src=\"https:\/\/agora.xtec.cat\/ins-intermunicipal\/wp-content\/uploads\/usu2220\/2025\/05\/IMG_0201-2-300x225.jpg\" alt=\"\" width=\"399\" height=\"299\" srcset=\"https:\/\/agora.xtec.cat\/ins-intermunicipal\/wp-content\/uploads\/usu2220\/2025\/05\/IMG_0201-2-300x225.jpg 300w, https:\/\/agora.xtec.cat\/ins-intermunicipal\/wp-content\/uploads\/usu2220\/2025\/05\/IMG_0201-2-768x576.jpg 768w, https:\/\/agora.xtec.cat\/ins-intermunicipal\/wp-content\/uploads\/usu2220\/2025\/05\/IMG_0201-2-200x150.jpg 200w, https:\/\/agora.xtec.cat\/ins-intermunicipal\/wp-content\/uploads\/usu2220\/2025\/05\/IMG_0201-2.jpg 900w\" sizes=\"auto, (max-width: 399px) 100vw, 399px\" \/><\/a> <a href=\"https:\/\/agora.xtec.cat\/ins-intermunicipal\/wp-content\/uploads\/usu2220\/2025\/05\/IMG_0212-1-rotated.jpg\"><img loading=\"lazy\" decoding=\"async\" class=\"alignnone size-medium wp-image-4756\" src=\"https:\/\/agora.xtec.cat\/ins-intermunicipal\/wp-content\/uploads\/usu2220\/2025\/05\/IMG_0212-1-225x300.jpg\" alt=\"\" width=\"225\" height=\"300\" srcset=\"https:\/\/agora.xtec.cat\/ins-intermunicipal\/wp-content\/uploads\/usu2220\/2025\/05\/IMG_0212-1-225x300.jpg 225w, https:\/\/agora.xtec.cat\/ins-intermunicipal\/wp-content\/uploads\/usu2220\/2025\/05\/IMG_0212-1-rotated.jpg 675w\" sizes=\"auto, (max-width: 225px) 100vw, 225px\" \/><\/a><\/p>\n","protected":false},"excerpt":{"rendered":"<p><a href=\"https:\/\/agora.xtec.cat\/ins-intermunicipal\/wp-content\/uploads\/usu2220\/2025\/05\/unnamed-3.png\"><\/a>El passat\u00a0 8 de maig i en representaci\u00f3 dels delegats Verds del nostre institut, els alumnes Bil Santeugini i Adam El Aissati, acompanyats per la coordinadora del programa Merc\u00e8 Mompel, van participar en el F\u00f2rum d&#8217;Escoles Verdes del Garraf i l&#8217;Alt Pened\u00e8s, celebrat a&hellip;  <a href=\"https:\/\/agora.xtec.cat\/ins-intermunicipal\/general\/participem-al-forum-descoles-verdes\/\" title=\"Read Participem al F\u00f2rum d&#8217;Escoles Verdes\">Llegeix m\u00e9s\u00bb<\/a><\/p>\n","protected":false},"author":7,"featured_media":4754,"comment_status":"closed","ping_status":"closed","sticky":false,"template":"","format":"standard","meta":{"_bbp_topic_count":0,"_bbp_reply_count":0,"_bbp_total_topic_count":0,"_bbp_total_reply_count":0,"_bbp_voice_count":0,"_bbp_anonymous_reply_count":0,"_bbp_topic_count_hidden":0,"_bbp_reply_count_hidden":0,"_bbp_forum_subforum_count":0,"footnotes":""},"categories":[6,3,1,29],"tags":[709,708,655,56,710,654],"class_list":["post-4751","post","type-post","status-publish","format-standard","has-post-thumbnail","hentry","category-3eso","category-eso","category-general","category-portada","tag-adam-el-aissati","tag-bil-santeugini","tag-burillato","tag-escola-verda","tag-forum-descoles-verdes","tag-merce-mompel"],"post_mailing_queue_ids":[],"_links":{"self":[{"href":"https:\/\/agora.xtec.cat\/ins-intermunicipal\/wp-json\/wp\/v2\/posts\/4751","targetHints":{"allow":["GET"]}}],"collection":[{"href":"https:\/\/agora.xtec.cat\/ins-intermunicipal\/wp-json\/wp\/v2\/posts"}],"about":[{"href":"https:\/\/agora.xtec.cat\/ins-intermunicipal\/wp-json\/wp\/v2\/types\/post"}],"author":[{"embeddable":true,"href":"https:\/\/agora.xtec.cat\/ins-intermunicipal\/wp-json\/wp\/v2\/users\/7"}],"replies":[{"embeddable":true,"href":"https:\/\/agora.xtec.cat\/ins-intermunicipal\/wp-json\/wp\/v2\/comments?post=4751"}],"version-history":[{"count":4,"href":"https:\/\/agora.xtec.cat\/ins-intermunicipal\/wp-json\/wp\/v2\/posts\/4751\/revisions"}],"predecessor-version":[{"id":4758,"href":"https:\/\/agora.xtec.cat\/ins-intermunicipal\/wp-json\/wp\/v2\/posts\/4751\/revisions\/4758"}],"wp:featuredmedia":[{"embeddable":true,"href":"https:\/\/agora.xtec.cat\/ins-intermunicipal\/wp-json\/wp\/v2\/media\/4754"}],"wp:attachment":[{"href":"https:\/\/agora.xtec.cat\/ins-intermunicipal\/wp-json\/wp\/v2\/media?parent=4751"}],"wp:term":[{"taxonomy":"category","embeddable":true,"href":"https:\/\/agora.xtec.cat\/ins-intermunicipal\/wp-json\/wp\/v2\/categories?post=4751"},{"taxonomy":"post_tag","embeddable":true,"href":"https:\/\/agora.xtec.cat\/ins-intermunicipal\/wp-json\/wp\/v2\/tags?post=4751"}],"curies":[{"name":"wp","href":"https:\/\/api.w.org\/{rel}","templated":true}]}}