{"id":4745,"date":"2025-05-09T18:34:45","date_gmt":"2025-05-09T16:34:45","guid":{"rendered":"https:\/\/agora.xtec.cat\/ins-intermunicipal\/?p=4745"},"modified":"2025-05-09T18:34:45","modified_gmt":"2025-05-09T16:34:45","slug":"visita-a-la-cooperativa-entrem","status":"publish","type":"post","link":"https:\/\/agora.xtec.cat\/ins-intermunicipal\/general\/visita-a-la-cooperativa-entrem\/","title":{"rendered":"Visita a la cooperativa Entrem"},"content":{"rendered":"<p>El passat dia 30 d\u2019abril l\u2019alumnat del m\u00f2dul d\u2019Inserci\u00f3 Sociolaboral de segon curs del GFGS d\u2019Integraci\u00f3 Social del nostre institut va visitar les instal\u00b7lacions de la <a href=\"https:\/\/www.entrem.coop\/\">Cooperativa d\u2019Iniciativa Social Entrem<\/a>. Durant la trobada, t\u00e8cniques professionals de l\u2019entitat ens va oferir una explicaci\u00f3 detallada sobre la tasca d\u2019inserci\u00f3 social i laboral que duen a terme amb el col\u00b7lectiu de persones en situaci\u00f3 de gran vulnerabilitat social que atenen. A m\u00e9s, vam realitzar un recorregut per con\u00e8ixer de primera m\u00e0 com treballen per afavorir la inserci\u00f3 de persones amb trastorn mental i en situaci\u00f3 d\u2019exclusi\u00f3 social. Vam tenir, tamb\u00e9, l&#8217;ocasi\u00f3 de visitar la cafeteria Espai SIS i el SIS Caprabo, un projecte d\u2019inserci\u00f3 en l\u2019\u00e0mbit de la distribuci\u00f3 i el local on es fa atenci\u00f3 directa i s\u2019imparteixen formacions. Una experi\u00e8ncia enriquidora que ens apropa a la realitat i als recursos existents al nostre territori.<\/p>\n<p><a href=\"https:\/\/agora.xtec.cat\/ins-intermunicipal\/wp-content\/uploads\/usu2220\/2025\/05\/Imagen-de-WhatsApp-2025-05-05-a-las-09.30.51_33734363.jpg\"><img loading=\"lazy\" decoding=\"async\" class=\"alignnone size-large wp-image-4747\" src=\"https:\/\/agora.xtec.cat\/ins-intermunicipal\/wp-content\/uploads\/usu2220\/2025\/05\/Imagen-de-WhatsApp-2025-05-05-a-las-09.30.51_33734363-1024x574.jpg\" alt=\"\" width=\"1024\" height=\"574\" srcset=\"https:\/\/agora.xtec.cat\/ins-intermunicipal\/wp-content\/uploads\/usu2220\/2025\/05\/Imagen-de-WhatsApp-2025-05-05-a-las-09.30.51_33734363-1024x574.jpg 1024w, https:\/\/agora.xtec.cat\/ins-intermunicipal\/wp-content\/uploads\/usu2220\/2025\/05\/Imagen-de-WhatsApp-2025-05-05-a-las-09.30.51_33734363-300x168.jpg 300w, https:\/\/agora.xtec.cat\/ins-intermunicipal\/wp-content\/uploads\/usu2220\/2025\/05\/Imagen-de-WhatsApp-2025-05-05-a-las-09.30.51_33734363-768x431.jpg 768w, https:\/\/agora.xtec.cat\/ins-intermunicipal\/wp-content\/uploads\/usu2220\/2025\/05\/Imagen-de-WhatsApp-2025-05-05-a-las-09.30.51_33734363-1536x861.jpg 1536w, https:\/\/agora.xtec.cat\/ins-intermunicipal\/wp-content\/uploads\/usu2220\/2025\/05\/Imagen-de-WhatsApp-2025-05-05-a-las-09.30.51_33734363.jpg 1600w\" sizes=\"auto, (max-width: 1024px) 100vw, 1024px\" \/><\/a><\/p>\n<p><a href=\"https:\/\/agora.xtec.cat\/ins-intermunicipal\/wp-content\/uploads\/usu2220\/2025\/05\/Imagen-de-WhatsApp-2025-05-05-a-las-09.31.21_0b4c0b81.jpg\"><img loading=\"lazy\" decoding=\"async\" class=\"alignnone size-large wp-image-4748\" src=\"https:\/\/agora.xtec.cat\/ins-intermunicipal\/wp-content\/uploads\/usu2220\/2025\/05\/Imagen-de-WhatsApp-2025-05-05-a-las-09.31.21_0b4c0b81-1024x574.jpg\" alt=\"\" width=\"1024\" height=\"574\" srcset=\"https:\/\/agora.xtec.cat\/ins-intermunicipal\/wp-content\/uploads\/usu2220\/2025\/05\/Imagen-de-WhatsApp-2025-05-05-a-las-09.31.21_0b4c0b81-1024x574.jpg 1024w, https:\/\/agora.xtec.cat\/ins-intermunicipal\/wp-content\/uploads\/usu2220\/2025\/05\/Imagen-de-WhatsApp-2025-05-05-a-las-09.31.21_0b4c0b81-300x168.jpg 300w, https:\/\/agora.xtec.cat\/ins-intermunicipal\/wp-content\/uploads\/usu2220\/2025\/05\/Imagen-de-WhatsApp-2025-05-05-a-las-09.31.21_0b4c0b81-768x431.jpg 768w, https:\/\/agora.xtec.cat\/ins-intermunicipal\/wp-content\/uploads\/usu2220\/2025\/05\/Imagen-de-WhatsApp-2025-05-05-a-las-09.31.21_0b4c0b81-1536x861.jpg 1536w, https:\/\/agora.xtec.cat\/ins-intermunicipal\/wp-content\/uploads\/usu2220\/2025\/05\/Imagen-de-WhatsApp-2025-05-05-a-las-09.31.21_0b4c0b81.jpg 1600w\" sizes=\"auto, (max-width: 1024px) 100vw, 1024px\" \/><\/a><a href=\"https:\/\/agora.xtec.cat\/ins-intermunicipal\/wp-content\/uploads\/usu2220\/2025\/05\/Imagen-de-WhatsApp-2025-05-05-a-las-09.30.50_0341080d.jpg\"><img loading=\"lazy\" decoding=\"async\" class=\"alignnone size-large wp-image-4746\" src=\"https:\/\/agora.xtec.cat\/ins-intermunicipal\/wp-content\/uploads\/usu2220\/2025\/05\/Imagen-de-WhatsApp-2025-05-05-a-las-09.30.50_0341080d-1024x919.jpg\" alt=\"\" width=\"1024\" height=\"919\" srcset=\"https:\/\/agora.xtec.cat\/ins-intermunicipal\/wp-content\/uploads\/usu2220\/2025\/05\/Imagen-de-WhatsApp-2025-05-05-a-las-09.30.50_0341080d-1024x919.jpg 1024w, https:\/\/agora.xtec.cat\/ins-intermunicipal\/wp-content\/uploads\/usu2220\/2025\/05\/Imagen-de-WhatsApp-2025-05-05-a-las-09.30.50_0341080d-300x269.jpg 300w, https:\/\/agora.xtec.cat\/ins-intermunicipal\/wp-content\/uploads\/usu2220\/2025\/05\/Imagen-de-WhatsApp-2025-05-05-a-las-09.30.50_0341080d-768x689.jpg 768w, https:\/\/agora.xtec.cat\/ins-intermunicipal\/wp-content\/uploads\/usu2220\/2025\/05\/Imagen-de-WhatsApp-2025-05-05-a-las-09.30.50_0341080d-1536x1379.jpg 1536w, https:\/\/agora.xtec.cat\/ins-intermunicipal\/wp-content\/uploads\/usu2220\/2025\/05\/Imagen-de-WhatsApp-2025-05-05-a-las-09.30.50_0341080d.jpg 1600w\" sizes=\"auto, (max-width: 1024px) 100vw, 1024px\" \/><\/a><\/p>\n","protected":false},"excerpt":{"rendered":"<p>El passat dia 30 d\u2019abril l\u2019alumnat del m\u00f2dul d\u2019Inserci\u00f3 Sociolaboral de segon curs del GFGS d\u2019Integraci\u00f3 Social del nostre institut va visitar les instal\u00b7lacions de la <a href=\"https:\/\/www.entrem.coop\/\">Cooperativa d\u2019Iniciativa Social Entrem<\/a>. Durant la trobada, t\u00e8cniques professionals de l\u2019entitat ens va oferir una explicaci\u00f3 detallada sobre&hellip;  <a href=\"https:\/\/agora.xtec.cat\/ins-intermunicipal\/general\/visita-a-la-cooperativa-entrem\/\" title=\"Read Visita a la cooperativa Entrem\">Llegeix m\u00e9s\u00bb<\/a><\/p>\n","protected":false},"author":8,"featured_media":4747,"comment_status":"closed","ping_status":"closed","sticky":false,"template":"","format":"standard","meta":{"_bbp_topic_count":0,"_bbp_reply_count":0,"_bbp_total_topic_count":0,"_bbp_total_reply_count":0,"_bbp_voice_count":0,"_bbp_anonymous_reply_count":0,"_bbp_topic_count_hidden":0,"_bbp_reply_count_hidden":0,"_bbp_forum_subforum_count":0,"footnotes":""},"categories":[30,1,29],"tags":[],"class_list":["post-4745","post","type-post","status-publish","format-standard","has-post-thumbnail","hentry","category-formacio-professional","category-general","category-portada"],"post_mailing_queue_ids":[],"_links":{"self":[{"href":"https:\/\/agora.xtec.cat\/ins-intermunicipal\/wp-json\/wp\/v2\/posts\/4745","targetHints":{"allow":["GET"]}}],"collection":[{"href":"https:\/\/agora.xtec.cat\/ins-intermunicipal\/wp-json\/wp\/v2\/posts"}],"about":[{"href":"https:\/\/agora.xtec.cat\/ins-intermunicipal\/wp-json\/wp\/v2\/types\/post"}],"author":[{"embeddable":true,"href":"https:\/\/agora.xtec.cat\/ins-intermunicipal\/wp-json\/wp\/v2\/users\/8"}],"replies":[{"embeddable":true,"href":"https:\/\/agora.xtec.cat\/ins-intermunicipal\/wp-json\/wp\/v2\/comments?post=4745"}],"version-history":[{"count":1,"href":"https:\/\/agora.xtec.cat\/ins-intermunicipal\/wp-json\/wp\/v2\/posts\/4745\/revisions"}],"predecessor-version":[{"id":4749,"href":"https:\/\/agora.xtec.cat\/ins-intermunicipal\/wp-json\/wp\/v2\/posts\/4745\/revisions\/4749"}],"wp:featuredmedia":[{"embeddable":true,"href":"https:\/\/agora.xtec.cat\/ins-intermunicipal\/wp-json\/wp\/v2\/media\/4747"}],"wp:attachment":[{"href":"https:\/\/agora.xtec.cat\/ins-intermunicipal\/wp-json\/wp\/v2\/media?parent=4745"}],"wp:term":[{"taxonomy":"category","embeddable":true,"href":"https:\/\/agora.xtec.cat\/ins-intermunicipal\/wp-json\/wp\/v2\/categories?post=4745"},{"taxonomy":"post_tag","embeddable":true,"href":"https:\/\/agora.xtec.cat\/ins-intermunicipal\/wp-json\/wp\/v2\/tags?post=4745"}],"curies":[{"name":"wp","href":"https:\/\/api.w.org\/{rel}","templated":true}]}}