{"id":4737,"date":"2025-05-09T11:34:15","date_gmt":"2025-05-09T09:34:15","guid":{"rendered":"https:\/\/agora.xtec.cat\/ins-intermunicipal\/?p=4737"},"modified":"2025-05-09T11:36:06","modified_gmt":"2025-05-09T09:36:06","slug":"projecte-de-ciencia-sobre-la-vespa-velutina","status":"publish","type":"post","link":"https:\/\/agora.xtec.cat\/ins-intermunicipal\/general\/projecte-de-ciencia-sobre-la-vespa-velutina\/","title":{"rendered":"Projecte de ci\u00e8ncia sobre la vespa velutina"},"content":{"rendered":"<p align=\"justify\"><em>Els alumnes del Projecte Entorns de Natura de 4t d&#8217;ESO ens fan arribar aquesta nota de premsa referida la feina que fan aquest 3r trimestre sobre la vespa velutina:<\/em><\/p>\n<p align=\"justify\"><span style=\"color: #000000;\"><span style=\"font-family: Arial, sans-serif;\"><span style=\"font-size: medium;\"><a href=\"https:\/\/agora.xtec.cat\/ins-intermunicipal\/wp-content\/uploads\/usu2220\/2025\/05\/trampa-vespa-1-rotated.jpg\"><img loading=\"lazy\" decoding=\"async\" class=\" wp-image-4738 alignleft\" src=\"https:\/\/agora.xtec.cat\/ins-intermunicipal\/wp-content\/uploads\/usu2220\/2025\/05\/trampa-vespa-1-225x300.jpg\" alt=\"\" width=\"312\" height=\"416\" srcset=\"https:\/\/agora.xtec.cat\/ins-intermunicipal\/wp-content\/uploads\/usu2220\/2025\/05\/trampa-vespa-1-225x300.jpg 225w, https:\/\/agora.xtec.cat\/ins-intermunicipal\/wp-content\/uploads\/usu2220\/2025\/05\/trampa-vespa-1-rotated.jpg 675w\" sizes=\"auto, (max-width: 312px) 100vw, 312px\" \/><\/a>Aquest tercer trimestre, els alumnes de 4t d\u2019ESO A i B hem comen\u00e7at un projecte de ci\u00e8ncia ciutadana per investigar l\u2019expansi\u00f3 de la vespa velutina a Sant Sadurn\u00ed d\u2019Anoia. Tindrem l\u2019ajuda de l\u2019ADF, que ens donar\u00e0 les instruccions necess\u00e0ries per construir les trampes i ens ajudar\u00e0 en tot el proc\u00e9s. Un cop tinguem les dades recollides a partir d\u2019aquestes trampes, les pujarem a la plataforma Exocat, on es podran consultar els resultats i veure com evoluciona aquesta esp\u00e8cie invasora a la nostra zona.<\/span><\/span><\/span><\/p>\n<p align=\"justify\"><span style=\"color: #000000;\"><span style=\"font-family: Arial, sans-serif;\"><span style=\"font-size: medium;\">L\u2019objectiu del nostre projecte \u00e9s trobar en quines zones de Sant Sadurn\u00ed la vespa velutina est\u00e0 m\u00e9s present i quin impacte pot tenir. En el nostre cas, ens centrarem a estudiar la zona de Can Mas de la Riera, fent un seguiment detallat de les captures que fem amb les trampes fetes per nosaltres. Per fer-ho, treballarem en grups de 4 persones i cada grup tindr\u00e0 la seva pr\u00f2pia trampa, amb la qual podr\u00e0 analitzar quantes vespes es capturen. Aix\u00f2 ens ajudar\u00e0 a comparar els resultats entre diferents punts i veure si hi ha alguna zona m\u00e9s afectada que una altra.<\/span><\/span><\/span><\/p>\n<p align=\"justify\"><span style=\"color: #000000;\"><span style=\"font-family: Arial, sans-serif;\"><span style=\"font-size: medium;\">Aquest projecte ens permet obtenir dades reals sobre la pres\u00e8ncia i distribuci\u00f3 de la vespa velutina a la zona de Can Mas de la Riera de Sant Sadurn\u00ed d\u2019Anoia, cosa que pot ajudar a entendre millor com afecta el nostre entorn i ser \u00fatil per a futures accions de control i prevenci\u00f3. D\u2019altra banda, fomenta la participaci\u00f3 activa en la ci\u00e8ncia ciutadana, implicant-nos directament en la recerca i en la protecci\u00f3 del medi ambient. Finalment, col\u00b7laborar amb l\u2019ADF ens permet adquirir coneixements sobre les estrat\u00e8gies de gesti\u00f3 d\u2019esp\u00e8cies invasores i la import\u00e0ncia de la conservaci\u00f3 de les esp\u00e8cies\u00a0<\/span><\/span><\/span><\/p>\n<p>&nbsp;<\/p>\n<p align=\"justify\"><span style=\"color: #000000;\"><span style=\"font-family: Arial, sans-serif;\"><span style=\"font-size: medium;\">aut\u00f2ctones.<\/span><\/span><\/span><\/p>\n<p align=\"justify\"><a style=\"color: #2795b6; font-family: Arial, sans-serif; font-size: medium; text-align: justify;\" href=\"https:\/\/agora.xtec.cat\/ins-intermunicipal\/wp-content\/uploads\/usu2220\/2025\/03\/Screenshot-2025-03-26-11.25.51.png\"><img loading=\"lazy\" decoding=\"async\" class=\" wp-image-4485 alignleft\" src=\"https:\/\/agora.xtec.cat\/ins-intermunicipal\/wp-content\/uploads\/usu2220\/2025\/03\/Screenshot-2025-03-26-11.25.51.png\" alt=\"\" width=\"236\" height=\"62\" \/><\/a><a href=\"https:\/\/agora.xtec.cat\/ins-intermunicipal\/wp-content\/uploads\/usu2220\/2025\/03\/Screenshot-2025-03-26-11.25.38.png\"><img loading=\"lazy\" decoding=\"async\" class=\"size-full wp-image-4484 alignleft\" src=\"https:\/\/agora.xtec.cat\/ins-intermunicipal\/wp-content\/uploads\/usu2220\/2025\/03\/Screenshot-2025-03-26-11.25.38.png\" alt=\"\" width=\"231\" height=\"49\" \/><\/a><a href=\"https:\/\/agora.xtec.cat\/ins-intermunicipal\/wp-content\/uploads\/usu2220\/2025\/05\/adf_page-0001.jpg\"><img loading=\"lazy\" decoding=\"async\" class=\"alignnone wp-image-4739\" src=\"https:\/\/agora.xtec.cat\/ins-intermunicipal\/wp-content\/uploads\/usu2220\/2025\/05\/adf_page-0001.jpg\" alt=\"\" width=\"85\" height=\"106\" \/><\/a><a href=\"https:\/\/agora.xtec.cat\/ins-intermunicipal\/wp-content\/uploads\/usu2220\/2024\/11\/Logotip-entorns_Fons-blanc.png\"><img loading=\"lazy\" decoding=\"async\" class=\"wp-image-3780 alignright\" src=\"https:\/\/agora.xtec.cat\/ins-intermunicipal\/wp-content\/uploads\/usu2220\/2024\/11\/Logotip-entorns_Fons-blanc-300x163.png\" alt=\"\" width=\"164\" height=\"89\" srcset=\"https:\/\/agora.xtec.cat\/ins-intermunicipal\/wp-content\/uploads\/usu2220\/2024\/11\/Logotip-entorns_Fons-blanc-300x163.png 300w, https:\/\/agora.xtec.cat\/ins-intermunicipal\/wp-content\/uploads\/usu2220\/2024\/11\/Logotip-entorns_Fons-blanc.png 500w\" sizes=\"auto, (max-width: 164px) 100vw, 164px\" \/><\/a><\/p>\n<p>&nbsp;<\/p>\n","protected":false},"excerpt":{"rendered":"<p>Els alumnes del Projecte Entorns de Natura de 4t d&#8217;ESO ens fan arribar aquesta nota de premsa referida la feina que fan aquest 3r trimestre sobre la vespa velutina:<br \/>\n<a href=\"https:\/\/agora.xtec.cat\/ins-intermunicipal\/wp-content\/uploads\/usu2220\/2025\/05\/trampa-vespa-1-rotated.jpg\"><\/a>Aquest tercer trimestre, els alumnes de 4t d\u2019ESO A i B hem comen\u00e7at un projecte de&hellip;  <a href=\"https:\/\/agora.xtec.cat\/ins-intermunicipal\/general\/projecte-de-ciencia-sobre-la-vespa-velutina\/\" title=\"Read Projecte de ci\u00e8ncia sobre la vespa velutina\">Llegeix m\u00e9s\u00bb<\/a><\/p>\n","protected":false},"author":7,"featured_media":4738,"comment_status":"closed","ping_status":"closed","sticky":false,"template":"","format":"standard","meta":{"_bbp_topic_count":0,"_bbp_reply_count":0,"_bbp_total_topic_count":0,"_bbp_total_reply_count":0,"_bbp_voice_count":0,"_bbp_anonymous_reply_count":0,"_bbp_topic_count_hidden":0,"_bbp_reply_count_hidden":0,"_bbp_forum_subforum_count":0,"footnotes":""},"categories":[7,3,1,29],"tags":[705,706,683,707,704,485,703],"class_list":["post-4737","post","type-post","status-publish","format-standard","has-post-thumbnail","hentry","category-4eso","category-eso","category-general","category-portada","tag-adgf","tag-ajuntament-de-sant-sadurni-danoia","tag-can-mas-de-la-riera","tag-ciencia-ciutadana","tag-cread","tag-entorns-de-natura","tag-vespa-velutina"],"post_mailing_queue_ids":[],"_links":{"self":[{"href":"https:\/\/agora.xtec.cat\/ins-intermunicipal\/wp-json\/wp\/v2\/posts\/4737","targetHints":{"allow":["GET"]}}],"collection":[{"href":"https:\/\/agora.xtec.cat\/ins-intermunicipal\/wp-json\/wp\/v2\/posts"}],"about":[{"href":"https:\/\/agora.xtec.cat\/ins-intermunicipal\/wp-json\/wp\/v2\/types\/post"}],"author":[{"embeddable":true,"href":"https:\/\/agora.xtec.cat\/ins-intermunicipal\/wp-json\/wp\/v2\/users\/7"}],"replies":[{"embeddable":true,"href":"https:\/\/agora.xtec.cat\/ins-intermunicipal\/wp-json\/wp\/v2\/comments?post=4737"}],"version-history":[{"count":3,"href":"https:\/\/agora.xtec.cat\/ins-intermunicipal\/wp-json\/wp\/v2\/posts\/4737\/revisions"}],"predecessor-version":[{"id":4742,"href":"https:\/\/agora.xtec.cat\/ins-intermunicipal\/wp-json\/wp\/v2\/posts\/4737\/revisions\/4742"}],"wp:featuredmedia":[{"embeddable":true,"href":"https:\/\/agora.xtec.cat\/ins-intermunicipal\/wp-json\/wp\/v2\/media\/4738"}],"wp:attachment":[{"href":"https:\/\/agora.xtec.cat\/ins-intermunicipal\/wp-json\/wp\/v2\/media?parent=4737"}],"wp:term":[{"taxonomy":"category","embeddable":true,"href":"https:\/\/agora.xtec.cat\/ins-intermunicipal\/wp-json\/wp\/v2\/categories?post=4737"},{"taxonomy":"post_tag","embeddable":true,"href":"https:\/\/agora.xtec.cat\/ins-intermunicipal\/wp-json\/wp\/v2\/tags?post=4737"}],"curies":[{"name":"wp","href":"https:\/\/api.w.org\/{rel}","templated":true}]}}