{"id":4729,"date":"2025-05-08T12:13:17","date_gmt":"2025-05-08T10:13:17","guid":{"rendered":"https:\/\/agora.xtec.cat\/ins-intermunicipal\/?p=4729"},"modified":"2025-05-08T12:13:17","modified_gmt":"2025-05-08T10:13:17","slug":"la-nova-web-de-les-alumnes-dods","status":"publish","type":"post","link":"https:\/\/agora.xtec.cat\/ins-intermunicipal\/general\/la-nova-web-de-les-alumnes-dods\/","title":{"rendered":"La nova web de les alumnes d&#8217;ODS"},"content":{"rendered":"<p style=\"text-align: justify;\"><span style=\"color: #222222;\"><span style=\"font-family: Arial, Helvetica, sans-serif;\"><span style=\"font-size: medium;\"><span style=\"color: #000000;\"><span style=\"font-family: Arial, sans-serif;\"><a href=\"https:\/\/agora.xtec.cat\/ins-intermunicipal\/wp-content\/uploads\/usu2220\/2025\/05\/WhatsApp-Image-2025-05-05-at-21.21.41.jpeg\"><img loading=\"lazy\" decoding=\"async\" class=\" wp-image-4735 alignleft\" src=\"https:\/\/agora.xtec.cat\/ins-intermunicipal\/wp-content\/uploads\/usu2220\/2025\/05\/WhatsApp-Image-2025-05-05-at-21.21.41-300x300.jpeg\" alt=\"\" width=\"166\" height=\"166\" srcset=\"https:\/\/agora.xtec.cat\/ins-intermunicipal\/wp-content\/uploads\/usu2220\/2025\/05\/WhatsApp-Image-2025-05-05-at-21.21.41-300x300.jpeg 300w, https:\/\/agora.xtec.cat\/ins-intermunicipal\/wp-content\/uploads\/usu2220\/2025\/05\/WhatsApp-Image-2025-05-05-at-21.21.41-1024x1024.jpeg 1024w, https:\/\/agora.xtec.cat\/ins-intermunicipal\/wp-content\/uploads\/usu2220\/2025\/05\/WhatsApp-Image-2025-05-05-at-21.21.41-150x150.jpeg 150w, https:\/\/agora.xtec.cat\/ins-intermunicipal\/wp-content\/uploads\/usu2220\/2025\/05\/WhatsApp-Image-2025-05-05-at-21.21.41-768x768.jpeg 768w, https:\/\/agora.xtec.cat\/ins-intermunicipal\/wp-content\/uploads\/usu2220\/2025\/05\/WhatsApp-Image-2025-05-05-at-21.21.41.jpeg 1080w\" sizes=\"auto, (max-width: 166px) 100vw, 166px\" \/><\/a>Les alumnes de 2n de batxillerat de l\u2019Institut Intermunicipal del Pened\u00e8s han creat <\/span><\/span><span style=\"color: #000000;\"><span style=\"font-family: Arial, sans-serif;\">una<\/span><\/span><span style=\"color: #000000;\"><span style=\"font-family: Arial, sans-serif;\"> p\u00e0gina web per donar a con\u00e8ixer els projectes que han realitzat durant el curs en l&#8217;assignatura d&#8217;Objectius de Desenvolupament Sostenible <\/span><\/span><span style=\"color: #000000;\"><span style=\"font-family: Arial, sans-serif;\">(ODS<\/span><\/span><span style=\"color: #000000;\"><span style=\"font-family: Arial, sans-serif;\">).<\/span><\/span><\/span><\/span><\/span><\/p>\n<p style=\"text-align: justify;\"><span style=\"color: #222222;\"><span style=\"font-family: Arial, Helvetica, sans-serif;\"><span style=\"font-size: medium;\">Algunes de les activitats destacades han estat les visites a una resid\u00e8ncia de gent gran de Sant Sadurn\u00ed d\u2019Anoia, on van organitzar tallers de mem\u00f2ria, o una recollida de residus a la platja de Vilanova i la Geltr\u00fa entre altres accions.<\/span><\/span><\/span><\/p>\n<p style=\"text-align: justify;\"><span style=\"color: #222222;\"><span style=\"font-family: Arial, Helvetica, sans-serif;\"><span style=\"font-size: medium;\">Amb aquesta iniciativa volen compartir el seu comprom\u00eds amb un futur m\u00e9s just, solidari i sostenible. Per aix\u00f2 ens conviden a descobrir tots els projectes a la nova web,<a href=\"https:\/\/sites.google.com\/view\/actuemods\/p%C3%A0gina-dinici?authuser=1\" target=\"_blank\" rel=\"noopener\"> ACTUEM ODS<\/a>, que han creat.<\/span><\/span><\/span><\/p>\n<p><a href=\"https:\/\/agora.xtec.cat\/ins-intermunicipal\/wp-content\/uploads\/usu2220\/2025\/05\/WhatsApp-Image-2025-05-05-at-21.18.58.jpeg\"><img loading=\"lazy\" decoding=\"async\" class=\"alignnone size-medium wp-image-4730\" src=\"https:\/\/agora.xtec.cat\/ins-intermunicipal\/wp-content\/uploads\/usu2220\/2025\/05\/WhatsApp-Image-2025-05-05-at-21.18.58-300x300.jpeg\" alt=\"\" width=\"300\" height=\"300\" srcset=\"https:\/\/agora.xtec.cat\/ins-intermunicipal\/wp-content\/uploads\/usu2220\/2025\/05\/WhatsApp-Image-2025-05-05-at-21.18.58-300x300.jpeg 300w, https:\/\/agora.xtec.cat\/ins-intermunicipal\/wp-content\/uploads\/usu2220\/2025\/05\/WhatsApp-Image-2025-05-05-at-21.18.58-1024x1024.jpeg 1024w, https:\/\/agora.xtec.cat\/ins-intermunicipal\/wp-content\/uploads\/usu2220\/2025\/05\/WhatsApp-Image-2025-05-05-at-21.18.58-150x150.jpeg 150w, https:\/\/agora.xtec.cat\/ins-intermunicipal\/wp-content\/uploads\/usu2220\/2025\/05\/WhatsApp-Image-2025-05-05-at-21.18.58-768x768.jpeg 768w, https:\/\/agora.xtec.cat\/ins-intermunicipal\/wp-content\/uploads\/usu2220\/2025\/05\/WhatsApp-Image-2025-05-05-at-21.18.58-1536x1536.jpeg 1536w, https:\/\/agora.xtec.cat\/ins-intermunicipal\/wp-content\/uploads\/usu2220\/2025\/05\/WhatsApp-Image-2025-05-05-at-21.18.58.jpeg 2048w\" sizes=\"auto, (max-width: 300px) 100vw, 300px\" \/><\/a> <a href=\"https:\/\/agora.xtec.cat\/ins-intermunicipal\/wp-content\/uploads\/usu2220\/2025\/05\/WhatsApp-Image-2025-05-05-at-21.18.59-1.jpeg\"><img loading=\"lazy\" decoding=\"async\" class=\"alignnone size-medium wp-image-4731\" src=\"https:\/\/agora.xtec.cat\/ins-intermunicipal\/wp-content\/uploads\/usu2220\/2025\/05\/WhatsApp-Image-2025-05-05-at-21.18.59-1-225x300.jpeg\" alt=\"\" width=\"225\" height=\"300\" srcset=\"https:\/\/agora.xtec.cat\/ins-intermunicipal\/wp-content\/uploads\/usu2220\/2025\/05\/WhatsApp-Image-2025-05-05-at-21.18.59-1-225x300.jpeg 225w, https:\/\/agora.xtec.cat\/ins-intermunicipal\/wp-content\/uploads\/usu2220\/2025\/05\/WhatsApp-Image-2025-05-05-at-21.18.59-1-768x1024.jpeg 768w, https:\/\/agora.xtec.cat\/ins-intermunicipal\/wp-content\/uploads\/usu2220\/2025\/05\/WhatsApp-Image-2025-05-05-at-21.18.59-1-1152x1536.jpeg 1152w, https:\/\/agora.xtec.cat\/ins-intermunicipal\/wp-content\/uploads\/usu2220\/2025\/05\/WhatsApp-Image-2025-05-05-at-21.18.59-1.jpeg 1536w\" sizes=\"auto, (max-width: 225px) 100vw, 225px\" \/><\/a> <a href=\"https:\/\/agora.xtec.cat\/ins-intermunicipal\/wp-content\/uploads\/usu2220\/2025\/05\/WhatsApp-Image-2025-05-05-at-21.18.59-2.jpeg\"><img loading=\"lazy\" decoding=\"async\" class=\"alignnone size-medium wp-image-4732\" src=\"https:\/\/agora.xtec.cat\/ins-intermunicipal\/wp-content\/uploads\/usu2220\/2025\/05\/WhatsApp-Image-2025-05-05-at-21.18.59-2-225x300.jpeg\" alt=\"\" width=\"225\" height=\"300\" srcset=\"https:\/\/agora.xtec.cat\/ins-intermunicipal\/wp-content\/uploads\/usu2220\/2025\/05\/WhatsApp-Image-2025-05-05-at-21.18.59-2-225x300.jpeg 225w, https:\/\/agora.xtec.cat\/ins-intermunicipal\/wp-content\/uploads\/usu2220\/2025\/05\/WhatsApp-Image-2025-05-05-at-21.18.59-2-768x1024.jpeg 768w, https:\/\/agora.xtec.cat\/ins-intermunicipal\/wp-content\/uploads\/usu2220\/2025\/05\/WhatsApp-Image-2025-05-05-at-21.18.59-2-1152x1536.jpeg 1152w, https:\/\/agora.xtec.cat\/ins-intermunicipal\/wp-content\/uploads\/usu2220\/2025\/05\/WhatsApp-Image-2025-05-05-at-21.18.59-2.jpeg 1200w\" sizes=\"auto, (max-width: 225px) 100vw, 225px\" \/><\/a> <a href=\"https:\/\/agora.xtec.cat\/ins-intermunicipal\/wp-content\/uploads\/usu2220\/2025\/05\/WhatsApp-Image-2025-05-05-at-21.18.59.jpeg\"><img loading=\"lazy\" decoding=\"async\" class=\"alignnone  wp-image-4733\" src=\"https:\/\/agora.xtec.cat\/ins-intermunicipal\/wp-content\/uploads\/usu2220\/2025\/05\/WhatsApp-Image-2025-05-05-at-21.18.59-300x225.jpeg\" alt=\"\" width=\"368\" height=\"276\" srcset=\"https:\/\/agora.xtec.cat\/ins-intermunicipal\/wp-content\/uploads\/usu2220\/2025\/05\/WhatsApp-Image-2025-05-05-at-21.18.59-300x225.jpeg 300w, https:\/\/agora.xtec.cat\/ins-intermunicipal\/wp-content\/uploads\/usu2220\/2025\/05\/WhatsApp-Image-2025-05-05-at-21.18.59-1024x768.jpeg 1024w, https:\/\/agora.xtec.cat\/ins-intermunicipal\/wp-content\/uploads\/usu2220\/2025\/05\/WhatsApp-Image-2025-05-05-at-21.18.59-768x576.jpeg 768w, https:\/\/agora.xtec.cat\/ins-intermunicipal\/wp-content\/uploads\/usu2220\/2025\/05\/WhatsApp-Image-2025-05-05-at-21.18.59-1536x1152.jpeg 1536w, https:\/\/agora.xtec.cat\/ins-intermunicipal\/wp-content\/uploads\/usu2220\/2025\/05\/WhatsApp-Image-2025-05-05-at-21.18.59-200x150.jpeg 200w, https:\/\/agora.xtec.cat\/ins-intermunicipal\/wp-content\/uploads\/usu2220\/2025\/05\/WhatsApp-Image-2025-05-05-at-21.18.59.jpeg 2048w\" sizes=\"auto, (max-width: 368px) 100vw, 368px\" \/><\/a> <a href=\"https:\/\/agora.xtec.cat\/ins-intermunicipal\/wp-content\/uploads\/usu2220\/2025\/05\/WhatsApp-Image-2025-05-05-at-21.19.00.jpeg\"><img loading=\"lazy\" decoding=\"async\" class=\"alignnone  wp-image-4734\" src=\"https:\/\/agora.xtec.cat\/ins-intermunicipal\/wp-content\/uploads\/usu2220\/2025\/05\/WhatsApp-Image-2025-05-05-at-21.19.00-300x225.jpeg\" alt=\"\" width=\"376\" height=\"282\" srcset=\"https:\/\/agora.xtec.cat\/ins-intermunicipal\/wp-content\/uploads\/usu2220\/2025\/05\/WhatsApp-Image-2025-05-05-at-21.19.00-300x225.jpeg 300w, https:\/\/agora.xtec.cat\/ins-intermunicipal\/wp-content\/uploads\/usu2220\/2025\/05\/WhatsApp-Image-2025-05-05-at-21.19.00-1024x768.jpeg 1024w, https:\/\/agora.xtec.cat\/ins-intermunicipal\/wp-content\/uploads\/usu2220\/2025\/05\/WhatsApp-Image-2025-05-05-at-21.19.00-768x576.jpeg 768w, https:\/\/agora.xtec.cat\/ins-intermunicipal\/wp-content\/uploads\/usu2220\/2025\/05\/WhatsApp-Image-2025-05-05-at-21.19.00-1536x1152.jpeg 1536w, https:\/\/agora.xtec.cat\/ins-intermunicipal\/wp-content\/uploads\/usu2220\/2025\/05\/WhatsApp-Image-2025-05-05-at-21.19.00-200x150.jpeg 200w, https:\/\/agora.xtec.cat\/ins-intermunicipal\/wp-content\/uploads\/usu2220\/2025\/05\/WhatsApp-Image-2025-05-05-at-21.19.00.jpeg 2048w\" sizes=\"auto, (max-width: 376px) 100vw, 376px\" \/><\/a><\/p>\n","protected":false},"excerpt":{"rendered":"<p><a href=\"https:\/\/agora.xtec.cat\/ins-intermunicipal\/wp-content\/uploads\/usu2220\/2025\/05\/WhatsApp-Image-2025-05-05-at-21.21.41.jpeg\"><\/a>Les alumnes de 2n de batxillerat de l\u2019Institut Intermunicipal del Pened\u00e8s han creat una p\u00e0gina web per donar a con\u00e8ixer els projectes que han realitzat durant el curs en l&#8217;assignatura d&#8217;Objectius de Desenvolupament Sostenible (ODS).<br \/>\nAlgunes de les activitats destacades han estat les visites a&hellip;  <a href=\"https:\/\/agora.xtec.cat\/ins-intermunicipal\/general\/la-nova-web-de-les-alumnes-dods\/\" title=\"Read La nova web de les alumnes d&#8217;ODS\">Llegeix m\u00e9s\u00bb<\/a><\/p>\n","protected":false},"author":7,"featured_media":4730,"comment_status":"closed","ping_status":"closed","sticky":false,"template":"","format":"standard","meta":{"_bbp_topic_count":0,"_bbp_reply_count":0,"_bbp_total_topic_count":0,"_bbp_total_reply_count":0,"_bbp_voice_count":0,"_bbp_anonymous_reply_count":0,"_bbp_topic_count_hidden":0,"_bbp_reply_count_hidden":0,"_bbp_forum_subforum_count":0,"footnotes":""},"categories":[107,8,1,29],"tags":[702,701,533],"class_list":["post-4729","post","type-post","status-publish","format-standard","has-post-thumbnail","hentry","category-bat2","category-bat","category-general","category-portada","tag-actuem-ods","tag-objectius-de-desenvolupament-sostenible","tag-ods"],"post_mailing_queue_ids":[],"_links":{"self":[{"href":"https:\/\/agora.xtec.cat\/ins-intermunicipal\/wp-json\/wp\/v2\/posts\/4729","targetHints":{"allow":["GET"]}}],"collection":[{"href":"https:\/\/agora.xtec.cat\/ins-intermunicipal\/wp-json\/wp\/v2\/posts"}],"about":[{"href":"https:\/\/agora.xtec.cat\/ins-intermunicipal\/wp-json\/wp\/v2\/types\/post"}],"author":[{"embeddable":true,"href":"https:\/\/agora.xtec.cat\/ins-intermunicipal\/wp-json\/wp\/v2\/users\/7"}],"replies":[{"embeddable":true,"href":"https:\/\/agora.xtec.cat\/ins-intermunicipal\/wp-json\/wp\/v2\/comments?post=4729"}],"version-history":[{"count":1,"href":"https:\/\/agora.xtec.cat\/ins-intermunicipal\/wp-json\/wp\/v2\/posts\/4729\/revisions"}],"predecessor-version":[{"id":4736,"href":"https:\/\/agora.xtec.cat\/ins-intermunicipal\/wp-json\/wp\/v2\/posts\/4729\/revisions\/4736"}],"wp:featuredmedia":[{"embeddable":true,"href":"https:\/\/agora.xtec.cat\/ins-intermunicipal\/wp-json\/wp\/v2\/media\/4730"}],"wp:attachment":[{"href":"https:\/\/agora.xtec.cat\/ins-intermunicipal\/wp-json\/wp\/v2\/media?parent=4729"}],"wp:term":[{"taxonomy":"category","embeddable":true,"href":"https:\/\/agora.xtec.cat\/ins-intermunicipal\/wp-json\/wp\/v2\/categories?post=4729"},{"taxonomy":"post_tag","embeddable":true,"href":"https:\/\/agora.xtec.cat\/ins-intermunicipal\/wp-json\/wp\/v2\/tags?post=4729"}],"curies":[{"name":"wp","href":"https:\/\/api.w.org\/{rel}","templated":true}]}}