{"id":4718,"date":"2025-05-08T12:15:53","date_gmt":"2025-05-08T10:15:53","guid":{"rendered":"https:\/\/agora.xtec.cat\/ins-intermunicipal\/?p=4718"},"modified":"2025-05-08T12:14:54","modified_gmt":"2025-05-08T10:14:54","slug":"exit-rotund-de-la-sortida-a-mar-i-cel","status":"publish","type":"post","link":"https:\/\/agora.xtec.cat\/ins-intermunicipal\/general\/exit-rotund-de-la-sortida-a-mar-i-cel\/","title":{"rendered":"\u00c8xit rotund de la sortida a &#8216;Mar i Cel&#8217;"},"content":{"rendered":"<p align=\"justify\"><span style=\"font-family: Arial, sans-serif;\"><span style=\"color: #000000;\"><span style=\"font-size: medium;\"><a href=\"https:\/\/agora.xtec.cat\/ins-intermunicipal\/wp-content\/uploads\/usu2220\/2025\/05\/20250507_191915.jpg\"><img loading=\"lazy\" decoding=\"async\" class=\"aligncenter wp-image-4723 size-full\" src=\"https:\/\/agora.xtec.cat\/ins-intermunicipal\/wp-content\/uploads\/usu2220\/2025\/05\/20250507_191915.jpg\" alt=\"\" width=\"899\" height=\"506\" srcset=\"https:\/\/agora.xtec.cat\/ins-intermunicipal\/wp-content\/uploads\/usu2220\/2025\/05\/20250507_191915.jpg 899w, https:\/\/agora.xtec.cat\/ins-intermunicipal\/wp-content\/uploads\/usu2220\/2025\/05\/20250507_191915-300x169.jpg 300w, https:\/\/agora.xtec.cat\/ins-intermunicipal\/wp-content\/uploads\/usu2220\/2025\/05\/20250507_191915-768x432.jpg 768w\" sizes=\"auto, (max-width: 899px) 100vw, 899px\" \/><\/a><\/span><\/span><\/span><\/p>\n<p align=\"justify\"><span style=\"font-family: Arial, sans-serif;\"><span style=\"color: #000000;\"><span style=\"font-size: medium;\">Dimecres 7 de maig, 43 nois i noies de tots els cursos d\u2019ESO i batxillerat, acompanyats de professorat, a les 8 del vespre, est\u00e0vem contents, feli\u00e7os i expectants a la platea del Teatre Vict\u00f2ria per veure i viure el musical <\/span><\/span><span style=\"color: #000000;\"><span style=\"font-size: medium;\"><i>Mar i Cel<\/i><\/span><\/span><span style=\"color: #000000;\"><span style=\"font-size: medium;\">, de la companyia Dagoll Dagom, a partir de l\u2019obra d\u2019\u00c0ngel Guimer\u00e0 publicada i estrenada l\u2019any 1888.<\/span><\/span><\/span><\/p>\n<p align=\"justify\"><span style=\"color: #000000;\"><span style=\"font-family: Arial, sans-serif;\"><span style=\"font-size: medium;\">El musical es va estrenar per primera vegada l\u2019any 1988 i amb l\u2019\u00faltima representaci\u00f3 d\u2019aquesta obra la companyia Dagoll Dagom <\/span><\/span><\/span><a href=\"https:\/\/www.dagolldagom.com\/ca\/maricel2024\"><span style=\"color: #0000ff;\"><span style=\"font-family: Arial, sans-serif;\"><span style=\"font-size: medium;\"><u>celebra el seu 50\u00e8 aniversari<\/u><\/span><\/span><\/span><\/a> <span style=\"color: #000000;\"><span style=\"font-family: Arial, sans-serif;\"><span style=\"font-size: medium;\">i s\u2019acomiada dels escenaris.<\/span><\/span><\/span><\/p>\n<p align=\"justify\"><span style=\"color: #000000;\"><span style=\"font-family: Arial, sans-serif;\"><span style=\"font-size: medium;\">Amb m\u00fasica d\u2019Albert Guinovart i text de Xavier Bru de Sala, l\u2019obra ens va fascinar, tant als qui ja l\u2019havien vist com als qui el descobrien per primera vegada. Vam gaudir molt amb l\u2019ambient de teatre d\u2019un vespre-nit a Barcelona, i n\u2019hem tornat cantant i recordant la hist\u00f2ria de Blanca i Sa\u00efd i tots els qui el dest\u00ed fa trobar en el magn\u00edfic vaixell de l\u2019escenari.<\/span><\/span><\/span><\/p>\n<p align=\"justify\"><span style=\"color: #000000;\"><span style=\"font-family: Arial, sans-serif;\"><span style=\"font-size: medium;\">L\u2019experi\u00e8ncia ens ha deixat ganes de tornar-ho a fer, de tornar, sempre, al teatre.<\/span><\/span><\/span><\/p>\n<p align=\"justify\"><a href=\"https:\/\/agora.xtec.cat\/ins-intermunicipal\/wp-content\/uploads\/usu2220\/2025\/05\/20250507_191929-rotated-e1746697635885.jpg\">\u00a0 \u00a0 \u00a0 \u00a0 \u00a0 \u00a0 \u00a0 \u00a0 \u00a0 \u00a0 \u00a0 \u00a0 <img loading=\"lazy\" decoding=\"async\" class=\"alignnone wp-image-4724\" src=\"https:\/\/agora.xtec.cat\/ins-intermunicipal\/wp-content\/uploads\/usu2220\/2025\/05\/20250507_191929-rotated-e1746697635885-255x300.jpg\" alt=\"\" width=\"249\" height=\"293\" srcset=\"https:\/\/agora.xtec.cat\/ins-intermunicipal\/wp-content\/uploads\/usu2220\/2025\/05\/20250507_191929-rotated-e1746697635885-255x300.jpg 255w, https:\/\/agora.xtec.cat\/ins-intermunicipal\/wp-content\/uploads\/usu2220\/2025\/05\/20250507_191929-rotated-e1746697635885.jpg 505w\" sizes=\"auto, (max-width: 249px) 100vw, 249px\" \/> <\/a><a href=\"https:\/\/agora.xtec.cat\/ins-intermunicipal\/wp-content\/uploads\/usu2220\/2025\/05\/IMG-20250507-WA0037.jpg\"><img loading=\"lazy\" decoding=\"async\" class=\"alignnone wp-image-4726\" src=\"https:\/\/agora.xtec.cat\/ins-intermunicipal\/wp-content\/uploads\/usu2220\/2025\/05\/IMG-20250507-WA0037-300x225.jpg\" alt=\"\" width=\"388\" height=\"291\" srcset=\"https:\/\/agora.xtec.cat\/ins-intermunicipal\/wp-content\/uploads\/usu2220\/2025\/05\/IMG-20250507-WA0037-300x225.jpg 300w, https:\/\/agora.xtec.cat\/ins-intermunicipal\/wp-content\/uploads\/usu2220\/2025\/05\/IMG-20250507-WA0037-768x576.jpg 768w, https:\/\/agora.xtec.cat\/ins-intermunicipal\/wp-content\/uploads\/usu2220\/2025\/05\/IMG-20250507-WA0037-200x150.jpg 200w, https:\/\/agora.xtec.cat\/ins-intermunicipal\/wp-content\/uploads\/usu2220\/2025\/05\/IMG-20250507-WA0037.jpg 900w\" sizes=\"auto, (max-width: 388px) 100vw, 388px\" \/><\/a><\/p>\n<p>&nbsp;<\/p>\n<p>&nbsp;<\/p>\n","protected":false},"excerpt":{"rendered":"<p><a href=\"https:\/\/agora.xtec.cat\/ins-intermunicipal\/wp-content\/uploads\/usu2220\/2025\/05\/20250507_191915.jpg\"><\/a><br \/>\nDimecres 7 de maig, 43 nois i noies de tots els cursos d\u2019ESO i batxillerat, acompanyats de professorat, a les 8 del vespre, est\u00e0vem contents, feli\u00e7os i expectants a la platea del Teatre Vict\u00f2ria per veure i viure el musical Mar i Cel, de&hellip;  <a href=\"https:\/\/agora.xtec.cat\/ins-intermunicipal\/general\/exit-rotund-de-la-sortida-a-mar-i-cel\/\" title=\"Read \u00c8xit rotund de la sortida a &#8216;Mar i Cel&#8217;\">Llegeix m\u00e9s\u00bb<\/a><\/p>\n","protected":false},"author":7,"featured_media":4724,"comment_status":"closed","ping_status":"closed","sticky":false,"template":"","format":"standard","meta":{"_bbp_topic_count":0,"_bbp_reply_count":0,"_bbp_total_topic_count":0,"_bbp_total_reply_count":0,"_bbp_voice_count":0,"_bbp_anonymous_reply_count":0,"_bbp_topic_count_hidden":0,"_bbp_reply_count_hidden":0,"_bbp_forum_subforum_count":0,"footnotes":""},"categories":[8,3,1,29],"tags":[699,698,603,602,40,697,700],"class_list":["post-4718","post","type-post","status-publish","format-standard","has-post-thumbnail","hentry","category-bat","category-eso","category-general","category-portada","tag-albert-guinovart","tag-angel-guimera","tag-dagoll-dagom","tag-mar-i-cel","tag-teatre","tag-teatre-victoria","tag-xavier-bru-de-sala"],"post_mailing_queue_ids":[],"_links":{"self":[{"href":"https:\/\/agora.xtec.cat\/ins-intermunicipal\/wp-json\/wp\/v2\/posts\/4718","targetHints":{"allow":["GET"]}}],"collection":[{"href":"https:\/\/agora.xtec.cat\/ins-intermunicipal\/wp-json\/wp\/v2\/posts"}],"about":[{"href":"https:\/\/agora.xtec.cat\/ins-intermunicipal\/wp-json\/wp\/v2\/types\/post"}],"author":[{"embeddable":true,"href":"https:\/\/agora.xtec.cat\/ins-intermunicipal\/wp-json\/wp\/v2\/users\/7"}],"replies":[{"embeddable":true,"href":"https:\/\/agora.xtec.cat\/ins-intermunicipal\/wp-json\/wp\/v2\/comments?post=4718"}],"version-history":[{"count":4,"href":"https:\/\/agora.xtec.cat\/ins-intermunicipal\/wp-json\/wp\/v2\/posts\/4718\/revisions"}],"predecessor-version":[{"id":4728,"href":"https:\/\/agora.xtec.cat\/ins-intermunicipal\/wp-json\/wp\/v2\/posts\/4718\/revisions\/4728"}],"wp:featuredmedia":[{"embeddable":true,"href":"https:\/\/agora.xtec.cat\/ins-intermunicipal\/wp-json\/wp\/v2\/media\/4724"}],"wp:attachment":[{"href":"https:\/\/agora.xtec.cat\/ins-intermunicipal\/wp-json\/wp\/v2\/media?parent=4718"}],"wp:term":[{"taxonomy":"category","embeddable":true,"href":"https:\/\/agora.xtec.cat\/ins-intermunicipal\/wp-json\/wp\/v2\/categories?post=4718"},{"taxonomy":"post_tag","embeddable":true,"href":"https:\/\/agora.xtec.cat\/ins-intermunicipal\/wp-json\/wp\/v2\/tags?post=4718"}],"curies":[{"name":"wp","href":"https:\/\/api.w.org\/{rel}","templated":true}]}}