{"id":4699,"date":"2025-05-05T13:28:16","date_gmt":"2025-05-05T11:28:16","guid":{"rendered":"https:\/\/agora.xtec.cat\/ins-intermunicipal\/?p=4699"},"modified":"2025-05-05T13:31:07","modified_gmt":"2025-05-05T11:31:07","slug":"9-de-maig-inauguracio-del-projecte-solidart-a-la-fassina","status":"publish","type":"post","link":"https:\/\/agora.xtec.cat\/ins-intermunicipal\/general\/9-de-maig-inauguracio-del-projecte-solidart-a-la-fassina\/","title":{"rendered":"9 de maig, inauguraci\u00f3 del Projecte SolidArt a la Fassina"},"content":{"rendered":"<p align=\"justify\"><span style=\"color: #000000;\"><span style=\"font-family: Arial, sans-serif;\"><span style=\"font-size: medium;\"><a href=\"https:\/\/agora.xtec.cat\/ins-intermunicipal\/wp-content\/uploads\/usu2220\/2025\/05\/Totem-Solidart-25-publicitat-1-1-1.jpg\"><img loading=\"lazy\" decoding=\"async\" class=\"alignleft wp-image-4700 \" src=\"https:\/\/agora.xtec.cat\/ins-intermunicipal\/wp-content\/uploads\/usu2220\/2025\/05\/Totem-Solidart-25-publicitat-1-1-1-576x1024.jpg\" alt=\"\" width=\"350\" height=\"622\" srcset=\"https:\/\/agora.xtec.cat\/ins-intermunicipal\/wp-content\/uploads\/usu2220\/2025\/05\/Totem-Solidart-25-publicitat-1-1-1-576x1024.jpg 576w, https:\/\/agora.xtec.cat\/ins-intermunicipal\/wp-content\/uploads\/usu2220\/2025\/05\/Totem-Solidart-25-publicitat-1-1-1-169x300.jpg 169w, https:\/\/agora.xtec.cat\/ins-intermunicipal\/wp-content\/uploads\/usu2220\/2025\/05\/Totem-Solidart-25-publicitat-1-1-1-768x1365.jpg 768w, https:\/\/agora.xtec.cat\/ins-intermunicipal\/wp-content\/uploads\/usu2220\/2025\/05\/Totem-Solidart-25-publicitat-1-1-1-864x1536.jpg 864w, https:\/\/agora.xtec.cat\/ins-intermunicipal\/wp-content\/uploads\/usu2220\/2025\/05\/Totem-Solidart-25-publicitat-1-1-1.jpg 900w\" sizes=\"auto, (max-width: 350px) 100vw, 350px\" \/><\/a>Aquest curs, com ja hav\u00edem explicat i anunciat anteriorment, els alumnes de l\u2019Institut Intermunicipal del Pened\u00e8s estem duent a terme el projecte SolidArt, una iniciativa per ajudar una entitat solid\u00e0ria a trav\u00e9s de l\u2019art.<\/span><\/span><\/span><\/p>\n<p align=\"justify\"><span style=\"color: #000000;\"><span style=\"font-family: Arial, sans-serif;\"><span style=\"font-size: medium;\">Des de l\u2019inici de curs, hem estat fent diverses tasques per con\u00e8ixer les entitats solid\u00e0ries de la nostra zona i aprenent sobre l\u2019art per crear les nostres pr\u00f2pies obres. Pr\u00f2ximament, des del 9 de maig al 6 de juny, les obres s&#8217;instal\u00b7laran en diversos comer\u00e7os de Sant Sadurn\u00ed d\u2019Anoia pertanyents a l\u2019associaci\u00f3 <a href=\"https:\/\/www.somsantsadurni.com\/\" target=\"_blank\" rel=\"noopener\">Som Sant Sadurn\u00ed<\/a>. En els aparadors de 42 dels establiments qui hi estan associats, s\u2019hi exposaran les obres d\u2019art, permeten aix\u00ed que el projecte surti de les aules. Finalment, el divendres 9 de maig a les 8 del vespre, es far\u00e0 a la Fassina la inauguraci\u00f3 oficial del SolidArt, s\u2019obrir\u00e0 l\u2019exposici\u00f3 al p\u00fablic i s\u2019oferir\u00e0 un pica-pica als assistents, donant d\u2019aquesta manera el tret de sortida a la recta final del projecte SolidArt.<\/span><\/span><\/span><\/p>\n<p align=\"justify\"><span style=\"color: #000000;\"><span style=\"font-family: Arial, sans-serif;\"><span style=\"font-size: medium;\">Per\u00f2 no tot s\u2019acaba aqu\u00ed, perqu\u00e8 durant les seg\u00fcents setmanes s\u2019organitzar\u00e0 la subhasta ben\u00e8fica final en la qual tindreu l\u2019oportunitat d\u2019adquirir les obres exposades. Els diners recaptats es destinaran completament a <a href=\"https:\/\/www.ampert.org\/\" target=\"_blank\" rel=\"noopener\">AMPERT<\/a>, l&#8217;associaci\u00f3 que acompanya als pacients oncol\u00f2gics i les seves fam\u00edlies durant tot el proc\u00e9s de la malaltia. D\u2019aquesta manera, l\u2019art creat pels alumnes es convertir\u00e0 en una ajuda real.<\/span><\/span><\/span><\/p>\n","protected":false},"excerpt":{"rendered":"<p><a href=\"https:\/\/agora.xtec.cat\/ins-intermunicipal\/wp-content\/uploads\/usu2220\/2025\/05\/Totem-Solidart-25-publicitat-1-1-1.jpg\"><\/a>Aquest curs, com ja hav\u00edem explicat i anunciat anteriorment, els alumnes de l\u2019Institut Intermunicipal del Pened\u00e8s estem duent a terme el projecte SolidArt, una iniciativa per ajudar una entitat solid\u00e0ria a trav\u00e9s de l\u2019art.<br \/>\nDes de l\u2019inici de curs, hem estat fent diverses tasques per&hellip;  <a href=\"https:\/\/agora.xtec.cat\/ins-intermunicipal\/general\/9-de-maig-inauguracio-del-projecte-solidart-a-la-fassina\/\" title=\"Read 9 de maig, inauguraci\u00f3 del Projecte SolidArt a la Fassina\">Llegeix m\u00e9s\u00bb<\/a><\/p>\n","protected":false},"author":7,"featured_media":4700,"comment_status":"closed","ping_status":"closed","sticky":false,"template":"","format":"standard","meta":{"_bbp_topic_count":0,"_bbp_reply_count":0,"_bbp_total_topic_count":0,"_bbp_total_reply_count":0,"_bbp_voice_count":0,"_bbp_anonymous_reply_count":0,"_bbp_topic_count_hidden":0,"_bbp_reply_count_hidden":0,"_bbp_forum_subforum_count":0,"footnotes":""},"categories":[6,1,29],"tags":[584,460,461],"class_list":["post-4699","post","type-post","status-publish","format-standard","has-post-thumbnail","hentry","category-3eso","category-general","category-portada","tag-ampert","tag-solidart","tag-som-sant-sadurni"],"post_mailing_queue_ids":[],"_links":{"self":[{"href":"https:\/\/agora.xtec.cat\/ins-intermunicipal\/wp-json\/wp\/v2\/posts\/4699","targetHints":{"allow":["GET"]}}],"collection":[{"href":"https:\/\/agora.xtec.cat\/ins-intermunicipal\/wp-json\/wp\/v2\/posts"}],"about":[{"href":"https:\/\/agora.xtec.cat\/ins-intermunicipal\/wp-json\/wp\/v2\/types\/post"}],"author":[{"embeddable":true,"href":"https:\/\/agora.xtec.cat\/ins-intermunicipal\/wp-json\/wp\/v2\/users\/7"}],"replies":[{"embeddable":true,"href":"https:\/\/agora.xtec.cat\/ins-intermunicipal\/wp-json\/wp\/v2\/comments?post=4699"}],"version-history":[{"count":3,"href":"https:\/\/agora.xtec.cat\/ins-intermunicipal\/wp-json\/wp\/v2\/posts\/4699\/revisions"}],"predecessor-version":[{"id":4703,"href":"https:\/\/agora.xtec.cat\/ins-intermunicipal\/wp-json\/wp\/v2\/posts\/4699\/revisions\/4703"}],"wp:featuredmedia":[{"embeddable":true,"href":"https:\/\/agora.xtec.cat\/ins-intermunicipal\/wp-json\/wp\/v2\/media\/4700"}],"wp:attachment":[{"href":"https:\/\/agora.xtec.cat\/ins-intermunicipal\/wp-json\/wp\/v2\/media?parent=4699"}],"wp:term":[{"taxonomy":"category","embeddable":true,"href":"https:\/\/agora.xtec.cat\/ins-intermunicipal\/wp-json\/wp\/v2\/categories?post=4699"},{"taxonomy":"post_tag","embeddable":true,"href":"https:\/\/agora.xtec.cat\/ins-intermunicipal\/wp-json\/wp\/v2\/tags?post=4699"}],"curies":[{"name":"wp","href":"https:\/\/api.w.org\/{rel}","templated":true}]}}