{"id":4687,"date":"2025-04-30T15:28:06","date_gmt":"2025-04-30T13:28:06","guid":{"rendered":"https:\/\/agora.xtec.cat\/ins-intermunicipal\/?p=4687"},"modified":"2025-04-30T15:28:06","modified_gmt":"2025-04-30T13:28:06","slug":"ofertes-de-feina-a-lalt-penedes-30-dabril","status":"publish","type":"post","link":"https:\/\/agora.xtec.cat\/ins-intermunicipal\/formacio-professional\/feina-fp\/ofertes-de-feina-a-lalt-penedes-30-dabril\/","title":{"rendered":"Ofertes de feina a l&#8217;Alt Pened\u00e8s. 30 d&#8217;abril."},"content":{"rendered":"<p>Compartim amb vosaltres les <a href=\"https:\/\/drive.google.com\/file\/d\/1r3CGRgsTCiMGkPtBPm4lppnWF5F9rJYJ\/view?usp=sharing\">ofertes de feina actualitzades<\/a> que l\u2019Oficina Municipal del Treball de Vilafranca del Pened\u00e8s ens ha preparat. Trobareu vacants vinculades als estudis que tenim a l\u2019Institut Intermunicipal del Pened\u00e8s. L\u2019oficina ens informa tamb\u00e9 sobre <a href=\"https:\/\/drive.google.com\/file\/d\/1r3CGRgsTCiMGkPtBPm4lppnWF5F9rJYJ\/view?usp=sharing\">com s\u2019ha de procedir<\/a> per formalitzar les inscripcions.<\/p>\n<p>Tamb\u00e9 ens comunica els <a href=\"https:\/\/drive.google.com\/file\/d\/1teGd-Mx6-MRaVdsArQM5WwW4r9dFidzb\/view?usp=sharing\">cursos o c\u00e0psules formatives<\/a> que ofereixen al mes de mar\u00e7.<\/p>\n<p>Us deixem tamb\u00e9 una petita explicaci\u00f3 del contingut de les c\u00e0psules per si us interessa.<\/p>\n<p>16\/05\/2025<\/p>\n<p><strong>El valor del treball en equip<\/strong><\/p>\n<p>T\u2019agradaria millorar la teva capacitat per treballar amb altres persones? Coneix la compet\u00e8ncia de treball en equip a trav\u00e9s de din\u00e0miques grupals. Aquesta sessi\u00f3 et convida a experimentar el treball en equip de manera vivencial i divertida.<\/p>\n<p>&nbsp;<\/p>\n<p>23\/05\/2025<\/p>\n<p><strong>Fes-te veure! Envia la teva autocandidatura amb \u00e8xit<\/strong><\/p>\n<p>Contactar directament amb les empreses \u00e9s una forma de tenir m\u00e9s possibilitats de trobar feina. Dedicarem aquesta sessi\u00f3 a entendre el funcionament de les seves borses de treball, con\u00e8ixer les passes a seguir per formar-ne part i preparar una autocandidatura. Per a dur a terme aquesta sessi\u00f3 es requereix un coneixement b\u00e0sic en TIC.<\/p>\n<p>&nbsp;<\/p>\n<p>30\/05\/2025<\/p>\n<p><strong>Troba feina sense perdre la calma: Gesti\u00f3 de l\u2019estr\u00e8s<\/strong><\/p>\n<p>L&#8217;estr\u00e8s i la frustraci\u00f3 s\u00f3n emocions comunes en el proc\u00e9s de cerca de feina. Aquesta sessi\u00f3 se centrar\u00e0 a proporcionar estrat\u00e8gies per gestionar aquestes emocions, mantenir una mentalitat positiva i millorar l&#8217;efici\u00e8ncia en la recerca feina.<\/p>\n<p>&nbsp;<\/p>\n<p>A m\u00e9s us informem que el pr\u00f2xim 9 de maig de 10:00 h a 12:00 h, tindr\u00e0 lloc la segona xerrada d\u2019empresa, emmarcada en el projecte Treball als Barris, a la sala d\u2019actes. L&#8217;empresa col\u00b7laboradora ser\u00e0 MAS ALBORN\u00c0.<\/p>\n<p>La sessi\u00f3 est\u00e0 adre\u00e7ada a totes aquelles persones interessades en con\u00e8ixer la professi\u00f3 de l\u2019atenci\u00f3 sociosanit\u00e0ria. Durant la xerrada, es tractaran els seg\u00fcents temes:<\/p>\n<p>\u2022 Estructura de les llars-resid\u00e8ncia i del Servei Domiciliari.<\/p>\n<p>\u2022 Quin col\u00b7lectiu atenen.<\/p>\n<p>\u2022 Quines necessitats cobreixen.<\/p>\n<p>\u2022 Quines s\u00f3n les tasques assignades als sociosanitaris i els seus horaris.<\/p>\n<p>\u2022 Quines s\u00f3n les compet\u00e8ncies requerides.<\/p>\n<p>\u2022 Com fan la selecci\u00f3 de personal.<\/p>\n<p>Per a m\u00e9s informaci\u00f3: Vegeu <a href=\"https:\/\/drive.google.com\/file\/d\/1Y5BAY7D0YVtaa5pcWv3ntBKCHIirFikT\/view?usp=sharing\">l&#8217;enlla\u00e7<\/a>.<\/p>\n","protected":false},"excerpt":{"rendered":"<p>Compartim amb vosaltres les <a href=\"https:\/\/drive.google.com\/file\/d\/1r3CGRgsTCiMGkPtBPm4lppnWF5F9rJYJ\/view?usp=sharing\">ofertes de feina actualitzades<\/a> que l\u2019Oficina Municipal del Treball de Vilafranca del Pened\u00e8s ens ha preparat. Trobareu vacants vinculades als estudis que tenim a l\u2019Institut Intermunicipal del Pened\u00e8s. L\u2019oficina ens informa tamb\u00e9 sobre <a href=\"https:\/\/drive.google.com\/file\/d\/1r3CGRgsTCiMGkPtBPm4lppnWF5F9rJYJ\/view?usp=sharing\">com s\u2019ha de procedir<\/a> per formalitzar&hellip;  <a href=\"https:\/\/agora.xtec.cat\/ins-intermunicipal\/formacio-professional\/feina-fp\/ofertes-de-feina-a-lalt-penedes-30-dabril\/\" title=\"Read Ofertes de feina a l&#8217;Alt Pened\u00e8s. 30 d&#8217;abril.\">Llegeix m\u00e9s\u00bb<\/a><\/p>\n","protected":false},"author":8,"featured_media":0,"comment_status":"closed","ping_status":"closed","sticky":false,"template":"","format":"standard","meta":{"_bbp_topic_count":0,"_bbp_reply_count":0,"_bbp_total_topic_count":0,"_bbp_total_reply_count":0,"_bbp_voice_count":0,"_bbp_anonymous_reply_count":0,"_bbp_topic_count_hidden":0,"_bbp_reply_count_hidden":0,"_bbp_forum_subforum_count":0,"footnotes":""},"categories":[189],"tags":[],"class_list":["post-4687","post","type-post","status-publish","format-standard","hentry","category-feina-fp"],"post_mailing_queue_ids":[],"_links":{"self":[{"href":"https:\/\/agora.xtec.cat\/ins-intermunicipal\/wp-json\/wp\/v2\/posts\/4687","targetHints":{"allow":["GET"]}}],"collection":[{"href":"https:\/\/agora.xtec.cat\/ins-intermunicipal\/wp-json\/wp\/v2\/posts"}],"about":[{"href":"https:\/\/agora.xtec.cat\/ins-intermunicipal\/wp-json\/wp\/v2\/types\/post"}],"author":[{"embeddable":true,"href":"https:\/\/agora.xtec.cat\/ins-intermunicipal\/wp-json\/wp\/v2\/users\/8"}],"replies":[{"embeddable":true,"href":"https:\/\/agora.xtec.cat\/ins-intermunicipal\/wp-json\/wp\/v2\/comments?post=4687"}],"version-history":[{"count":1,"href":"https:\/\/agora.xtec.cat\/ins-intermunicipal\/wp-json\/wp\/v2\/posts\/4687\/revisions"}],"predecessor-version":[{"id":4688,"href":"https:\/\/agora.xtec.cat\/ins-intermunicipal\/wp-json\/wp\/v2\/posts\/4687\/revisions\/4688"}],"wp:attachment":[{"href":"https:\/\/agora.xtec.cat\/ins-intermunicipal\/wp-json\/wp\/v2\/media?parent=4687"}],"wp:term":[{"taxonomy":"category","embeddable":true,"href":"https:\/\/agora.xtec.cat\/ins-intermunicipal\/wp-json\/wp\/v2\/categories?post=4687"},{"taxonomy":"post_tag","embeddable":true,"href":"https:\/\/agora.xtec.cat\/ins-intermunicipal\/wp-json\/wp\/v2\/tags?post=4687"}],"curies":[{"name":"wp","href":"https:\/\/api.w.org\/{rel}","templated":true}]}}