{"id":4624,"date":"2025-04-22T08:31:47","date_gmt":"2025-04-22T06:31:47","guid":{"rendered":"https:\/\/agora.xtec.cat\/ins-intermunicipal\/?p=4624"},"modified":"2025-04-22T13:37:05","modified_gmt":"2025-04-22T11:37:05","slug":"els-alumnes-de-1r-deso-a-lespectacle-cossos","status":"publish","type":"post","link":"https:\/\/agora.xtec.cat\/ins-intermunicipal\/general\/els-alumnes-de-1r-deso-a-lespectacle-cossos\/","title":{"rendered":"Els alumnes de 1r d&#8217;ESO a l&#8217;espectacle COSSOS"},"content":{"rendered":"<p><a href=\"https:\/\/agora.xtec.cat\/ins-intermunicipal\/wp-content\/uploads\/usu2220\/2025\/04\/IMG_20250410_1417362-1-scaled-e1745313858114.jpg\"><img loading=\"lazy\" decoding=\"async\" class=\"wp-image-4625 size-medium\" src=\"https:\/\/agora.xtec.cat\/ins-intermunicipal\/wp-content\/uploads\/usu2220\/2025\/04\/IMG_20250410_1417362-1-scaled-e1745313858114-300x204.jpg\" alt=\"\" width=\"300\" height=\"204\" srcset=\"https:\/\/agora.xtec.cat\/ins-intermunicipal\/wp-content\/uploads\/usu2220\/2025\/04\/IMG_20250410_1417362-1-scaled-e1745313858114-300x204.jpg 300w, https:\/\/agora.xtec.cat\/ins-intermunicipal\/wp-content\/uploads\/usu2220\/2025\/04\/IMG_20250410_1417362-1-scaled-e1745313858114-1024x696.jpg 1024w, https:\/\/agora.xtec.cat\/ins-intermunicipal\/wp-content\/uploads\/usu2220\/2025\/04\/IMG_20250410_1417362-1-scaled-e1745313858114-768x522.jpg 768w, https:\/\/agora.xtec.cat\/ins-intermunicipal\/wp-content\/uploads\/usu2220\/2025\/04\/IMG_20250410_1417362-1-scaled-e1745313858114-1536x1044.jpg 1536w, https:\/\/agora.xtec.cat\/ins-intermunicipal\/wp-content\/uploads\/usu2220\/2025\/04\/IMG_20250410_1417362-1-scaled-e1745313858114-2048x1392.jpg 2048w\" sizes=\"auto, (max-width: 300px) 100vw, 300px\" \/><\/a><\/p>\n<p align=\"justify\"><span style=\"color: #000000;\"><span style=\"font-family: Arial, sans-serif;\"><span style=\"font-size: medium;\">El dijous 10 d\u2019abril els alumnes de 1r d\u2019ESO van gaudir del show <em>COSSOS, trobant l\u2019amor propi i el plaer<\/em>, de la m\u00e0 de Maria Lamata, Eli F\u00e1bregas i Carla Gonz\u00e1lez.<\/span><\/span><\/span><\/p>\n<p align=\"justify\"><span style=\"font-family: Arial, sans-serif;\"><span style=\"font-size: medium;\"><span style=\"color: #000000;\">A trav\u00e9s de la interpretaci\u00f3 de vuit can\u00e7ons en directe, es van tractar temes com l\u2019empatia, els c\u00e0nons est\u00e8tics i la salut mental, les cures i la comunicaci\u00f3, les actituds t\u00f2xiques, els cossos no normatius, els \u00f2rgans sexuals sense tab\u00fa, els per\u00edodes hormonals i la import\u00e0ncia de les cures i trastorns de la conducta aliment\u00e0ria, entre altres.<\/span><\/span><\/span><\/p>\n<p align=\"justify\"><span style=\"font-size: medium;\"><span style=\"color: #000000;\"><span style=\"font-family: Arial, sans-serif;\">Les int\u00e8rprets van buscar la complicitat i la participaci\u00f3, tant de l\u2019alumnat, com del professorat que van assistir a l\u2019espectacle, fent especial esment a les tres \u201cC\u201d: CONFIAN\u00c7A, COMUNICACI\u00d3 I CURES.<\/span><\/span> <\/span><\/p>\n","protected":false},"excerpt":{"rendered":"<p><a href=\"https:\/\/agora.xtec.cat\/ins-intermunicipal\/wp-content\/uploads\/usu2220\/2025\/04\/IMG_20250410_1417362-1-scaled-e1745313858114.jpg\"><\/a><br \/>\nEl dijous 10 d\u2019abril els alumnes de 1r d\u2019ESO van gaudir del show COSSOS, trobant l\u2019amor propi i el plaer, de la m\u00e0 de Maria Lamata, Eli F\u00e1bregas i Carla Gonz\u00e1lez.<br \/>\nA trav\u00e9s de la interpretaci\u00f3 de vuit can\u00e7ons en directe, es van tractar temes&hellip;  <a href=\"https:\/\/agora.xtec.cat\/ins-intermunicipal\/general\/els-alumnes-de-1r-deso-a-lespectacle-cossos\/\" title=\"Read Els alumnes de 1r d&#8217;ESO a l&#8217;espectacle COSSOS\">Llegeix m\u00e9s\u00bb<\/a><\/p>\n","protected":false},"author":7,"featured_media":4625,"comment_status":"closed","ping_status":"closed","sticky":false,"template":"","format":"standard","meta":{"_bbp_topic_count":0,"_bbp_reply_count":0,"_bbp_total_topic_count":0,"_bbp_total_reply_count":0,"_bbp_voice_count":0,"_bbp_anonymous_reply_count":0,"_bbp_topic_count_hidden":0,"_bbp_reply_count_hidden":0,"_bbp_forum_subforum_count":0,"footnotes":""},"categories":[4,3,1,29],"tags":[689,686,688,694,684,690,687,685,691,692,544,693],"class_list":["post-4624","post","type-post","status-publish","format-standard","has-post-thumbnail","hentry","category-1eso","category-eso","category-general","category-portada","tag-actituds-toxiques","tag-canons-estetics","tag-comunicacio","tag-confianca","tag-cossos","tag-cossos-no-normatius","tag-cures","tag-empatia","tag-organs-sexuals-sense-tabu","tag-periodes-hormonals","tag-salut-mental","tag-trastorns-de-conducta-alimentaria"],"post_mailing_queue_ids":[],"_links":{"self":[{"href":"https:\/\/agora.xtec.cat\/ins-intermunicipal\/wp-json\/wp\/v2\/posts\/4624","targetHints":{"allow":["GET"]}}],"collection":[{"href":"https:\/\/agora.xtec.cat\/ins-intermunicipal\/wp-json\/wp\/v2\/posts"}],"about":[{"href":"https:\/\/agora.xtec.cat\/ins-intermunicipal\/wp-json\/wp\/v2\/types\/post"}],"author":[{"embeddable":true,"href":"https:\/\/agora.xtec.cat\/ins-intermunicipal\/wp-json\/wp\/v2\/users\/7"}],"replies":[{"embeddable":true,"href":"https:\/\/agora.xtec.cat\/ins-intermunicipal\/wp-json\/wp\/v2\/comments?post=4624"}],"version-history":[{"count":6,"href":"https:\/\/agora.xtec.cat\/ins-intermunicipal\/wp-json\/wp\/v2\/posts\/4624\/revisions"}],"predecessor-version":[{"id":4634,"href":"https:\/\/agora.xtec.cat\/ins-intermunicipal\/wp-json\/wp\/v2\/posts\/4624\/revisions\/4634"}],"wp:featuredmedia":[{"embeddable":true,"href":"https:\/\/agora.xtec.cat\/ins-intermunicipal\/wp-json\/wp\/v2\/media\/4625"}],"wp:attachment":[{"href":"https:\/\/agora.xtec.cat\/ins-intermunicipal\/wp-json\/wp\/v2\/media?parent=4624"}],"wp:term":[{"taxonomy":"category","embeddable":true,"href":"https:\/\/agora.xtec.cat\/ins-intermunicipal\/wp-json\/wp\/v2\/categories?post=4624"},{"taxonomy":"post_tag","embeddable":true,"href":"https:\/\/agora.xtec.cat\/ins-intermunicipal\/wp-json\/wp\/v2\/tags?post=4624"}],"curies":[{"name":"wp","href":"https:\/\/api.w.org\/{rel}","templated":true}]}}