{"id":4616,"date":"2025-04-22T10:26:31","date_gmt":"2025-04-22T08:26:31","guid":{"rendered":"https:\/\/agora.xtec.cat\/ins-intermunicipal\/?p=4616"},"modified":"2025-04-22T10:27:47","modified_gmt":"2025-04-22T08:27:47","slug":"1a-jornada-saludable-a-can-mas-de-la-riera","status":"publish","type":"post","link":"https:\/\/agora.xtec.cat\/ins-intermunicipal\/general\/1a-jornada-saludable-a-can-mas-de-la-riera\/","title":{"rendered":"1a Jornada Saludable a Can Mas de la Riera"},"content":{"rendered":"<p align=\"justify\"><span style=\"color: #000000;\"><span style=\"font-family: Arial, sans-serif;\"><span style=\"font-size: medium;\">El dia 11 d\u2019abril a Can Mas de la Riera els alumnes de 3r d\u2019ESO juntament amb els seus tutors, professorat d\u2019Educaci\u00f3 F\u00edsica i el professorat de Biologia d\u2019aquest nivell van poder gaudir de la <a href=\"https:\/\/agora.xtec.cat\/ins-intermunicipal\/general\/els-alumnes-de-3r-deso-participen-en-el-salutometre\/\" target=\"_blank\" rel=\"noopener\">1a Jornada Saludable<\/a>, una nova experi\u00e8ncia englobada en el projecte IPSAP &#8211; Institut Promotor de la Salut.<\/span><\/span><\/span><\/p>\n<p align=\"justify\"><span style=\"color: #000000;\"><span style=\"font-family: Arial, sans-serif;\"><span style=\"font-size: medium;\">La Jornada es va preparar conjuntament amb professionals sanitaris del CAP de Sant Sadurn\u00ed d\u2019Anoia i va ser coordinat per la Infermera responsable del programa Salut-Escola. L\u2019alumnat es va distribuir en diferents grups-classe i va dur a terme 6 proves diferents, totes elles relacionades amb la salut i el benestar, com la Higiene de mans, Maniobres RCP, Autocura, Mites alimentaris, Bones Postures i Pressi\u00f3 Arterial i Tabac. Totes les proves van ser liderades per professionals sanitaris i professorat del centre a m\u00e9s d\u2019alumnes de l\u2019assignatura Reptes Cient\u00edfics de Biologia de primer curs de batxillerat, els quals van col\u00b7laborar en la preparaci\u00f3 de la Jornada i dels enigmes que calia descobrir despr\u00e9s de fer el recorregut. Vam passar el mat\u00ed en un molt bon ambient i vam adquirir molts aprenentatges. Finalment, amb la distribuci\u00f3 de fruits secs a tot l\u2019alumnat a m\u00e9s de pomes per cadasc\u00fa proporcionades per la fruiteria Plana Rodona de Vilafranca del Pened\u00e8s, es va tancar l\u2019activitat.<\/span><\/span><\/span><\/p>\n<p align=\"justify\" data-wp-editing=\"1\"><a href=\"https:\/\/agora.xtec.cat\/ins-intermunicipal\/wp-content\/uploads\/usu2220\/2025\/04\/PHOTO-2025-04-11-13-24-31.jpg\"><img loading=\"lazy\" decoding=\"async\" class=\"size-medium wp-image-4619 alignleft\" src=\"https:\/\/agora.xtec.cat\/ins-intermunicipal\/wp-content\/uploads\/usu2220\/2025\/04\/PHOTO-2025-04-11-13-24-31-300x225.jpg\" alt=\"\" width=\"300\" height=\"225\" srcset=\"https:\/\/agora.xtec.cat\/ins-intermunicipal\/wp-content\/uploads\/usu2220\/2025\/04\/PHOTO-2025-04-11-13-24-31-300x225.jpg 300w, https:\/\/agora.xtec.cat\/ins-intermunicipal\/wp-content\/uploads\/usu2220\/2025\/04\/PHOTO-2025-04-11-13-24-31-1024x768.jpg 1024w, https:\/\/agora.xtec.cat\/ins-intermunicipal\/wp-content\/uploads\/usu2220\/2025\/04\/PHOTO-2025-04-11-13-24-31-768x576.jpg 768w, https:\/\/agora.xtec.cat\/ins-intermunicipal\/wp-content\/uploads\/usu2220\/2025\/04\/PHOTO-2025-04-11-13-24-31-1536x1152.jpg 1536w, https:\/\/agora.xtec.cat\/ins-intermunicipal\/wp-content\/uploads\/usu2220\/2025\/04\/PHOTO-2025-04-11-13-24-31-200x150.jpg 200w, https:\/\/agora.xtec.cat\/ins-intermunicipal\/wp-content\/uploads\/usu2220\/2025\/04\/PHOTO-2025-04-11-13-24-31.jpg 2000w\" sizes=\"auto, (max-width: 300px) 100vw, 300px\" \/><\/a><a href=\"https:\/\/agora.xtec.cat\/ins-intermunicipal\/wp-content\/uploads\/usu2220\/2025\/04\/PHOTO-2025-04-11-13-24-33.jpg\"><img loading=\"lazy\" decoding=\"async\" class=\" wp-image-4618 alignleft\" src=\"https:\/\/agora.xtec.cat\/ins-intermunicipal\/wp-content\/uploads\/usu2220\/2025\/04\/PHOTO-2025-04-11-13-24-33-300x225.jpg\" alt=\"\" width=\"311\" height=\"233\" srcset=\"https:\/\/agora.xtec.cat\/ins-intermunicipal\/wp-content\/uploads\/usu2220\/2025\/04\/PHOTO-2025-04-11-13-24-33-300x225.jpg 300w, https:\/\/agora.xtec.cat\/ins-intermunicipal\/wp-content\/uploads\/usu2220\/2025\/04\/PHOTO-2025-04-11-13-24-33-1024x768.jpg 1024w, https:\/\/agora.xtec.cat\/ins-intermunicipal\/wp-content\/uploads\/usu2220\/2025\/04\/PHOTO-2025-04-11-13-24-33-768x576.jpg 768w, https:\/\/agora.xtec.cat\/ins-intermunicipal\/wp-content\/uploads\/usu2220\/2025\/04\/PHOTO-2025-04-11-13-24-33-1536x1152.jpg 1536w, https:\/\/agora.xtec.cat\/ins-intermunicipal\/wp-content\/uploads\/usu2220\/2025\/04\/PHOTO-2025-04-11-13-24-33-200x150.jpg 200w, https:\/\/agora.xtec.cat\/ins-intermunicipal\/wp-content\/uploads\/usu2220\/2025\/04\/PHOTO-2025-04-11-13-24-33.jpg 2000w\" sizes=\"auto, (max-width: 311px) 100vw, 311px\" \/><\/a><a href=\"https:\/\/agora.xtec.cat\/ins-intermunicipal\/wp-content\/uploads\/usu2220\/2025\/04\/PHOTO-2025-04-11-13-24-33-2.jpg\"><img loading=\"lazy\" decoding=\"async\" class=\"alignnone wp-image-4617\" src=\"https:\/\/agora.xtec.cat\/ins-intermunicipal\/wp-content\/uploads\/usu2220\/2025\/04\/PHOTO-2025-04-11-13-24-33-2-300x225.jpg\" alt=\"\" width=\"311\" height=\"233\" srcset=\"https:\/\/agora.xtec.cat\/ins-intermunicipal\/wp-content\/uploads\/usu2220\/2025\/04\/PHOTO-2025-04-11-13-24-33-2-300x225.jpg 300w, https:\/\/agora.xtec.cat\/ins-intermunicipal\/wp-content\/uploads\/usu2220\/2025\/04\/PHOTO-2025-04-11-13-24-33-2-1024x768.jpg 1024w, https:\/\/agora.xtec.cat\/ins-intermunicipal\/wp-content\/uploads\/usu2220\/2025\/04\/PHOTO-2025-04-11-13-24-33-2-768x576.jpg 768w, https:\/\/agora.xtec.cat\/ins-intermunicipal\/wp-content\/uploads\/usu2220\/2025\/04\/PHOTO-2025-04-11-13-24-33-2-1536x1152.jpg 1536w, https:\/\/agora.xtec.cat\/ins-intermunicipal\/wp-content\/uploads\/usu2220\/2025\/04\/PHOTO-2025-04-11-13-24-33-2-200x150.jpg 200w, https:\/\/agora.xtec.cat\/ins-intermunicipal\/wp-content\/uploads\/usu2220\/2025\/04\/PHOTO-2025-04-11-13-24-33-2.jpg 2000w\" sizes=\"auto, (max-width: 311px) 100vw, 311px\" \/><\/a> <a href=\"https:\/\/agora.xtec.cat\/ins-intermunicipal\/wp-content\/uploads\/usu2220\/2025\/04\/PHOTO-2025-04-11-13-24-32.jpg\"><img loading=\"lazy\" decoding=\"async\" class=\"size-medium wp-image-4620 alignleft\" src=\"https:\/\/agora.xtec.cat\/ins-intermunicipal\/wp-content\/uploads\/usu2220\/2025\/04\/PHOTO-2025-04-11-13-24-32-300x225.jpg\" alt=\"\" width=\"300\" height=\"225\" srcset=\"https:\/\/agora.xtec.cat\/ins-intermunicipal\/wp-content\/uploads\/usu2220\/2025\/04\/PHOTO-2025-04-11-13-24-32-300x225.jpg 300w, https:\/\/agora.xtec.cat\/ins-intermunicipal\/wp-content\/uploads\/usu2220\/2025\/04\/PHOTO-2025-04-11-13-24-32-1024x768.jpg 1024w, https:\/\/agora.xtec.cat\/ins-intermunicipal\/wp-content\/uploads\/usu2220\/2025\/04\/PHOTO-2025-04-11-13-24-32-768x576.jpg 768w, https:\/\/agora.xtec.cat\/ins-intermunicipal\/wp-content\/uploads\/usu2220\/2025\/04\/PHOTO-2025-04-11-13-24-32-1536x1152.jpg 1536w, https:\/\/agora.xtec.cat\/ins-intermunicipal\/wp-content\/uploads\/usu2220\/2025\/04\/PHOTO-2025-04-11-13-24-32-200x150.jpg 200w, https:\/\/agora.xtec.cat\/ins-intermunicipal\/wp-content\/uploads\/usu2220\/2025\/04\/PHOTO-2025-04-11-13-24-32.jpg 1600w\" sizes=\"auto, (max-width: 300px) 100vw, 300px\" \/><\/a><\/p>\n","protected":false},"excerpt":{"rendered":"<p>El dia 11 d\u2019abril a Can Mas de la Riera els alumnes de 3r d\u2019ESO juntament amb els seus tutors, professorat d\u2019Educaci\u00f3 F\u00edsica i el professorat de Biologia d\u2019aquest nivell van poder gaudir de la <a href=\"https:\/\/agora.xtec.cat\/ins-intermunicipal\/general\/els-alumnes-de-3r-deso-participen-en-el-salutometre\/\" target=\"_blank\" rel=\"noopener\">1a Jornada Saludable<\/a>, una nova experi\u00e8ncia englobada&hellip;  <a href=\"https:\/\/agora.xtec.cat\/ins-intermunicipal\/general\/1a-jornada-saludable-a-can-mas-de-la-riera\/\" title=\"Read 1a Jornada Saludable a Can Mas de la Riera\">Llegeix m\u00e9s\u00bb<\/a><\/p>\n","protected":false},"author":7,"featured_media":4617,"comment_status":"closed","ping_status":"closed","sticky":false,"template":"","format":"standard","meta":{"_bbp_topic_count":0,"_bbp_reply_count":0,"_bbp_total_topic_count":0,"_bbp_total_reply_count":0,"_bbp_voice_count":0,"_bbp_anonymous_reply_count":0,"_bbp_topic_count_hidden":0,"_bbp_reply_count_hidden":0,"_bbp_forum_subforum_count":0,"footnotes":""},"categories":[106,6,8,3,1,29],"tags":[683,682,329,680,681,652],"class_list":["post-4616","post","type-post","status-publish","format-standard","has-post-thumbnail","hentry","category-bat1","category-3eso","category-bat","category-eso","category-general","category-portada","tag-can-mas-de-la-riera","tag-cap-sant-sadurni-danoia","tag-ipsap","tag-jornada-saludable","tag-programa-salut-escola","tag-projecte-ipsap"],"post_mailing_queue_ids":[],"_links":{"self":[{"href":"https:\/\/agora.xtec.cat\/ins-intermunicipal\/wp-json\/wp\/v2\/posts\/4616","targetHints":{"allow":["GET"]}}],"collection":[{"href":"https:\/\/agora.xtec.cat\/ins-intermunicipal\/wp-json\/wp\/v2\/posts"}],"about":[{"href":"https:\/\/agora.xtec.cat\/ins-intermunicipal\/wp-json\/wp\/v2\/types\/post"}],"author":[{"embeddable":true,"href":"https:\/\/agora.xtec.cat\/ins-intermunicipal\/wp-json\/wp\/v2\/users\/7"}],"replies":[{"embeddable":true,"href":"https:\/\/agora.xtec.cat\/ins-intermunicipal\/wp-json\/wp\/v2\/comments?post=4616"}],"version-history":[{"count":3,"href":"https:\/\/agora.xtec.cat\/ins-intermunicipal\/wp-json\/wp\/v2\/posts\/4616\/revisions"}],"predecessor-version":[{"id":4623,"href":"https:\/\/agora.xtec.cat\/ins-intermunicipal\/wp-json\/wp\/v2\/posts\/4616\/revisions\/4623"}],"wp:featuredmedia":[{"embeddable":true,"href":"https:\/\/agora.xtec.cat\/ins-intermunicipal\/wp-json\/wp\/v2\/media\/4617"}],"wp:attachment":[{"href":"https:\/\/agora.xtec.cat\/ins-intermunicipal\/wp-json\/wp\/v2\/media?parent=4616"}],"wp:term":[{"taxonomy":"category","embeddable":true,"href":"https:\/\/agora.xtec.cat\/ins-intermunicipal\/wp-json\/wp\/v2\/categories?post=4616"},{"taxonomy":"post_tag","embeddable":true,"href":"https:\/\/agora.xtec.cat\/ins-intermunicipal\/wp-json\/wp\/v2\/tags?post=4616"}],"curies":[{"name":"wp","href":"https:\/\/api.w.org\/{rel}","templated":true}]}}