{"id":4581,"date":"2025-04-07T10:20:42","date_gmt":"2025-04-07T08:20:42","guid":{"rendered":"https:\/\/agora.xtec.cat\/ins-intermunicipal\/?p=4581"},"modified":"2025-04-07T10:20:42","modified_gmt":"2025-04-07T08:20:42","slug":"linter-participa-al-21e-certamen-de-lectura-en-veu-alta","status":"publish","type":"post","link":"https:\/\/agora.xtec.cat\/ins-intermunicipal\/general\/linter-participa-al-21e-certamen-de-lectura-en-veu-alta\/","title":{"rendered":"L&#8217;\u00cdnter participa al 21\u00e8 Certamen de Lectura en Veu Alta"},"content":{"rendered":"<p align=\"justify\"><span style=\"color: #222222;\"><span style=\"font-family: Arial, sans-serif;\"><span style=\"font-size: medium;\"><a href=\"https:\/\/agora.xtec.cat\/ins-intermunicipal\/wp-content\/uploads\/usu2220\/2025\/04\/FOTO-1-1.jpg\"><img loading=\"lazy\" decoding=\"async\" class=\"size-medium wp-image-4587 alignleft\" src=\"https:\/\/agora.xtec.cat\/ins-intermunicipal\/wp-content\/uploads\/usu2220\/2025\/04\/FOTO-1-1-300x257.jpg\" alt=\"\" width=\"300\" height=\"257\" srcset=\"https:\/\/agora.xtec.cat\/ins-intermunicipal\/wp-content\/uploads\/usu2220\/2025\/04\/FOTO-1-1-300x257.jpg 300w, https:\/\/agora.xtec.cat\/ins-intermunicipal\/wp-content\/uploads\/usu2220\/2025\/04\/FOTO-1-1-768x659.jpg 768w, https:\/\/agora.xtec.cat\/ins-intermunicipal\/wp-content\/uploads\/usu2220\/2025\/04\/FOTO-1-1.jpg 878w\" sizes=\"auto, (max-width: 300px) 100vw, 300px\" \/><\/a>El dimecres 2 d&#8217;abril es va celebrar a Cal Bolet, a Vilafranca del Pened\u00e8s, la semifinal del <\/span><\/span><\/span><span style=\"color: #339966;\"><a style=\"color: #339966;\" href=\"https:\/\/www.rtvvilafranca.cat\/2025\/04\/24-centres-de-la-comarca-participen-en-les-semifinals-del-xxi-certamen-de-lectura-en-veu-alta\/\" target=\"_blank\" rel=\"noopener\"><span style=\"font-family: Arial, sans-serif;\"><span style=\"font-size: medium;\">21\u00e8 Certamen de Lectura en Veu Alta<\/span><\/span><\/a><\/span><span style=\"color: #222222;\"><span style=\"font-family: Arial, sans-serif;\"><span style=\"font-size: medium;\">, en el qual l&#8217;Institut Intermunicipal hi vam participar per primera vegada amb 6 alumnes de 3r d&#8217;ESO, que dins la categoria Tropa de Corsaris es van preparar, com a equip, la lectura de la novel\u00b7la <\/span><\/span><\/span><span style=\"color: #222222;\"><span style=\"font-family: Arial, sans-serif;\"><span style=\"font-size: medium;\"><i>Noel et busca,<\/i><\/span><\/span><\/span><span style=\"color: #222222;\"><span style=\"font-family: Arial, sans-serif;\"><span style=\"font-size: medium;\"> d&#8217;\u00c0ngel Burgas. En total hi van participal 24 centres de la comarca, entre prim\u00e0ria i secund\u00e0ria.<\/span><\/span><\/span><\/p>\n<p align=\"justify\"><span style=\"color: #222222;\"><span style=\"font-family: Arial, sans-serif;\"><span style=\"font-size: medium;\">N\u00faria Gil Cort\u00e9s, Marwa Ahaddouch Ahaddouch i Aleix Guijo Soler com a lectors principals i Luc\u00eda Ballester Guerrero, Jana Sabat\u00e9 Nogu\u00e9s i Aina G\u00f3mez Capillas com a suplents, acompanyats pel V\u00edctor Perx\u00e9s, la Gemma Puig i l&#8217;Anna Vall\u00e8s, professors de catal\u00e0, van fer-ho molt b\u00e9 i sobretot es van quedar amb ganes de tornar-hi el curs que ve i amb l&#8217;orgull d&#8217;haver sigut els primers d&#8217;una llarga participaci\u00f3 d&#8217;ara endavant. Moltes felicitats!<\/span><\/span><\/span><\/p>\n<p align=\"justify\"><a href=\"https:\/\/agora.xtec.cat\/ins-intermunicipal\/wp-content\/uploads\/usu2220\/2025\/04\/FOTO-2.jpg\"><img loading=\"lazy\" decoding=\"async\" class=\"alignnone  wp-image-4584\" src=\"https:\/\/agora.xtec.cat\/ins-intermunicipal\/wp-content\/uploads\/usu2220\/2025\/04\/FOTO-2-300x169.jpg\" alt=\"\" width=\"279\" height=\"157\" srcset=\"https:\/\/agora.xtec.cat\/ins-intermunicipal\/wp-content\/uploads\/usu2220\/2025\/04\/FOTO-2-300x169.jpg 300w, https:\/\/agora.xtec.cat\/ins-intermunicipal\/wp-content\/uploads\/usu2220\/2025\/04\/FOTO-2-1024x576.jpg 1024w, https:\/\/agora.xtec.cat\/ins-intermunicipal\/wp-content\/uploads\/usu2220\/2025\/04\/FOTO-2-768x432.jpg 768w, https:\/\/agora.xtec.cat\/ins-intermunicipal\/wp-content\/uploads\/usu2220\/2025\/04\/FOTO-2-1536x864.jpg 1536w, https:\/\/agora.xtec.cat\/ins-intermunicipal\/wp-content\/uploads\/usu2220\/2025\/04\/FOTO-2.jpg 1600w\" sizes=\"auto, (max-width: 279px) 100vw, 279px\" \/><\/a><a href=\"https:\/\/agora.xtec.cat\/ins-intermunicipal\/wp-content\/uploads\/usu2220\/2025\/04\/FOTO-3.jpg\"><img loading=\"lazy\" decoding=\"async\" class=\"alignnone  wp-image-4585\" src=\"https:\/\/agora.xtec.cat\/ins-intermunicipal\/wp-content\/uploads\/usu2220\/2025\/04\/FOTO-3-300x169.jpg\" alt=\"\" width=\"280\" height=\"158\" srcset=\"https:\/\/agora.xtec.cat\/ins-intermunicipal\/wp-content\/uploads\/usu2220\/2025\/04\/FOTO-3-300x169.jpg 300w, https:\/\/agora.xtec.cat\/ins-intermunicipal\/wp-content\/uploads\/usu2220\/2025\/04\/FOTO-3-1024x576.jpg 1024w, https:\/\/agora.xtec.cat\/ins-intermunicipal\/wp-content\/uploads\/usu2220\/2025\/04\/FOTO-3-768x432.jpg 768w, https:\/\/agora.xtec.cat\/ins-intermunicipal\/wp-content\/uploads\/usu2220\/2025\/04\/FOTO-3-1536x864.jpg 1536w, https:\/\/agora.xtec.cat\/ins-intermunicipal\/wp-content\/uploads\/usu2220\/2025\/04\/FOTO-3.jpg 1600w\" sizes=\"auto, (max-width: 280px) 100vw, 280px\" \/><\/a><a href=\"https:\/\/agora.xtec.cat\/ins-intermunicipal\/wp-content\/uploads\/usu2220\/2025\/04\/FOTO-4.jpg\"><img loading=\"lazy\" decoding=\"async\" class=\"alignnone  wp-image-4588\" src=\"https:\/\/agora.xtec.cat\/ins-intermunicipal\/wp-content\/uploads\/usu2220\/2025\/04\/FOTO-4-300x169.jpg\" alt=\"\" width=\"280\" height=\"158\" srcset=\"https:\/\/agora.xtec.cat\/ins-intermunicipal\/wp-content\/uploads\/usu2220\/2025\/04\/FOTO-4-300x169.jpg 300w, https:\/\/agora.xtec.cat\/ins-intermunicipal\/wp-content\/uploads\/usu2220\/2025\/04\/FOTO-4-1024x576.jpg 1024w, https:\/\/agora.xtec.cat\/ins-intermunicipal\/wp-content\/uploads\/usu2220\/2025\/04\/FOTO-4-768x432.jpg 768w, https:\/\/agora.xtec.cat\/ins-intermunicipal\/wp-content\/uploads\/usu2220\/2025\/04\/FOTO-4-1536x864.jpg 1536w, https:\/\/agora.xtec.cat\/ins-intermunicipal\/wp-content\/uploads\/usu2220\/2025\/04\/FOTO-4.jpg 1600w\" sizes=\"auto, (max-width: 280px) 100vw, 280px\" \/><\/a><\/p>\n","protected":false},"excerpt":{"rendered":"<p><a href=\"https:\/\/agora.xtec.cat\/ins-intermunicipal\/wp-content\/uploads\/usu2220\/2025\/04\/FOTO-1-1.jpg\"><\/a>El dimecres 2 d&#8217;abril es va celebrar a Cal Bolet, a Vilafranca del Pened\u00e8s, la semifinal del <a style=\"color: #339966;\" href=\"https:\/\/www.rtvvilafranca.cat\/2025\/04\/24-centres-de-la-comarca-participen-en-les-semifinals-del-xxi-certamen-de-lectura-en-veu-alta\/\" target=\"_blank\" rel=\"noopener\">21\u00e8 Certamen de Lectura en Veu Alta<\/a>, en el qual l&#8217;Institut Intermunicipal hi vam participar per primera vegada amb 6 alumnes de&hellip;  <a href=\"https:\/\/agora.xtec.cat\/ins-intermunicipal\/general\/linter-participa-al-21e-certamen-de-lectura-en-veu-alta\/\" title=\"Read L&#8217;\u00cdnter participa al 21\u00e8 Certamen de Lectura en Veu Alta\">Llegeix m\u00e9s\u00bb<\/a><\/p>\n","protected":false},"author":7,"featured_media":4587,"comment_status":"closed","ping_status":"closed","sticky":false,"template":"","format":"standard","meta":{"_bbp_topic_count":0,"_bbp_reply_count":0,"_bbp_total_topic_count":0,"_bbp_total_reply_count":0,"_bbp_voice_count":0,"_bbp_anonymous_reply_count":0,"_bbp_topic_count_hidden":0,"_bbp_reply_count_hidden":0,"_bbp_forum_subforum_count":0,"footnotes":""},"categories":[6,3,1,29],"tags":[667,676,673,679,668,678,675,674,672,670,671,669,677],"class_list":["post-4581","post","type-post","status-publish","format-standard","has-post-thumbnail","hentry","category-3eso","category-eso","category-general","category-portada","tag-21e-certamen-de-lectura-en-veu-alta","tag-aina-gomez","tag-aleix-guijo","tag-anna-valles","tag-cal-bolet","tag-gemma-puig","tag-jana-sabate","tag-lucia-ballester","tag-marwa-ahaddouch","tag-noel-et-busca-dangel-burgas","tag-nuria-gil","tag-tropa-de-corsaris","tag-victor-perxes"],"post_mailing_queue_ids":[],"_links":{"self":[{"href":"https:\/\/agora.xtec.cat\/ins-intermunicipal\/wp-json\/wp\/v2\/posts\/4581","targetHints":{"allow":["GET"]}}],"collection":[{"href":"https:\/\/agora.xtec.cat\/ins-intermunicipal\/wp-json\/wp\/v2\/posts"}],"about":[{"href":"https:\/\/agora.xtec.cat\/ins-intermunicipal\/wp-json\/wp\/v2\/types\/post"}],"author":[{"embeddable":true,"href":"https:\/\/agora.xtec.cat\/ins-intermunicipal\/wp-json\/wp\/v2\/users\/7"}],"replies":[{"embeddable":true,"href":"https:\/\/agora.xtec.cat\/ins-intermunicipal\/wp-json\/wp\/v2\/comments?post=4581"}],"version-history":[{"count":4,"href":"https:\/\/agora.xtec.cat\/ins-intermunicipal\/wp-json\/wp\/v2\/posts\/4581\/revisions"}],"predecessor-version":[{"id":4591,"href":"https:\/\/agora.xtec.cat\/ins-intermunicipal\/wp-json\/wp\/v2\/posts\/4581\/revisions\/4591"}],"wp:featuredmedia":[{"embeddable":true,"href":"https:\/\/agora.xtec.cat\/ins-intermunicipal\/wp-json\/wp\/v2\/media\/4587"}],"wp:attachment":[{"href":"https:\/\/agora.xtec.cat\/ins-intermunicipal\/wp-json\/wp\/v2\/media?parent=4581"}],"wp:term":[{"taxonomy":"category","embeddable":true,"href":"https:\/\/agora.xtec.cat\/ins-intermunicipal\/wp-json\/wp\/v2\/categories?post=4581"},{"taxonomy":"post_tag","embeddable":true,"href":"https:\/\/agora.xtec.cat\/ins-intermunicipal\/wp-json\/wp\/v2\/tags?post=4581"}],"curies":[{"name":"wp","href":"https:\/\/api.w.org\/{rel}","templated":true}]}}