{"id":4576,"date":"2025-04-07T10:04:40","date_gmt":"2025-04-07T08:04:40","guid":{"rendered":"https:\/\/agora.xtec.cat\/ins-intermunicipal\/?p=4576"},"modified":"2025-04-07T10:04:40","modified_gmt":"2025-04-07T08:04:40","slug":"linstitut-intermunicipal-amb-el-pla-de-lectura-municipal","status":"publish","type":"post","link":"https:\/\/agora.xtec.cat\/ins-intermunicipal\/general\/linstitut-intermunicipal-amb-el-pla-de-lectura-municipal\/","title":{"rendered":"L&#8217;institut Intermunicipal amb el Pla de Lectura Municipal"},"content":{"rendered":"<p align=\"justify\"><span style=\"font-family: Arial, sans-serif;\"><a href=\"https:\/\/agora.xtec.cat\/ins-intermunicipal\/wp-content\/uploads\/usu2220\/2025\/04\/IMG_0231-1.jpg\"><img loading=\"lazy\" decoding=\"async\" class=\" wp-image-4577 alignleft\" src=\"https:\/\/agora.xtec.cat\/ins-intermunicipal\/wp-content\/uploads\/usu2220\/2025\/04\/IMG_0231-1-300x225.jpg\" alt=\"\" width=\"348\" height=\"261\" srcset=\"https:\/\/agora.xtec.cat\/ins-intermunicipal\/wp-content\/uploads\/usu2220\/2025\/04\/IMG_0231-1-300x225.jpg 300w, https:\/\/agora.xtec.cat\/ins-intermunicipal\/wp-content\/uploads\/usu2220\/2025\/04\/IMG_0231-1-768x576.jpg 768w, https:\/\/agora.xtec.cat\/ins-intermunicipal\/wp-content\/uploads\/usu2220\/2025\/04\/IMG_0231-1-200x150.jpg 200w, https:\/\/agora.xtec.cat\/ins-intermunicipal\/wp-content\/uploads\/usu2220\/2025\/04\/IMG_0231-1.jpg 900w\" sizes=\"auto, (max-width: 348px) 100vw, 348px\" \/><\/a>El passat dimarts 1 d&#8217;abril, totes les entitats de Sant Sadurn\u00ed que tenen algun tipus de vincle amb la lectura estaven convocades a la Biblioteca Municipal Ramon Bosch de Noya per posar en com\u00fa les actuacions que ja es fan i per parlar de les que caldria fer en relaci\u00f3 amb el fet de llegir, i d&#8217;aquesta manera activar el Pla de Lectura Municipal.<\/span><\/p>\n<p align=\"justify\"><span style=\"font-family: Arial, sans-serif;\">Per part de l&#8217;Institut Intermunicipal del Pened\u00e8s hi vam anar nois i noies dels quatre cursos d&#8217;ESO i de batxillerat, amb la N\u00faria Ro\u00e9, per escoltar i aportar tota la nostra experi\u00e8ncia i participar en la definici\u00f3 dels objectius que guiaran el desplegament d&#8217;aquest Pla, incl\u00f2s dins el <a href=\"https:\/\/cultura.gencat.cat\/ca\/departament\/plans-i-programes\/ambit-sectorial\/pla-nacional-del-llibre-i-la-lectura-de-catalunya\/index.html\" target=\"_blank\" rel=\"noopener\">Pla Nacional del Llibre i la Lectura de Catalunya.<\/a><\/span><\/p>\n","protected":false},"excerpt":{"rendered":"<p><a href=\"https:\/\/agora.xtec.cat\/ins-intermunicipal\/wp-content\/uploads\/usu2220\/2025\/04\/IMG_0231-1.jpg\"><\/a>El passat dimarts 1 d&#8217;abril, totes les entitats de Sant Sadurn\u00ed que tenen algun tipus de vincle amb la lectura estaven convocades a la Biblioteca Municipal Ramon Bosch de Noya per posar en com\u00fa les actuacions que ja es fan i per parlar de&hellip;  <a href=\"https:\/\/agora.xtec.cat\/ins-intermunicipal\/general\/linstitut-intermunicipal-amb-el-pla-de-lectura-municipal\/\" title=\"Read L&#8217;institut Intermunicipal amb el Pla de Lectura Municipal\">Llegeix m\u00e9s\u00bb<\/a><\/p>\n","protected":false},"author":7,"featured_media":4577,"comment_status":"closed","ping_status":"closed","sticky":false,"template":"","format":"standard","meta":{"_bbp_topic_count":0,"_bbp_reply_count":0,"_bbp_total_topic_count":0,"_bbp_total_reply_count":0,"_bbp_voice_count":0,"_bbp_anonymous_reply_count":0,"_bbp_topic_count_hidden":0,"_bbp_reply_count_hidden":0,"_bbp_forum_subforum_count":0,"footnotes":""},"categories":[7,8,3,1,29],"tags":[666,664,665],"class_list":["post-4576","post","type-post","status-publish","format-standard","has-post-thumbnail","hentry","category-4eso","category-bat","category-eso","category-general","category-portada","tag-nuria-roe","tag-pla-de-lectura-municipal","tag-pla-nacional-del-llibre-i-la-lectura-de-catalunya"],"post_mailing_queue_ids":[],"_links":{"self":[{"href":"https:\/\/agora.xtec.cat\/ins-intermunicipal\/wp-json\/wp\/v2\/posts\/4576","targetHints":{"allow":["GET"]}}],"collection":[{"href":"https:\/\/agora.xtec.cat\/ins-intermunicipal\/wp-json\/wp\/v2\/posts"}],"about":[{"href":"https:\/\/agora.xtec.cat\/ins-intermunicipal\/wp-json\/wp\/v2\/types\/post"}],"author":[{"embeddable":true,"href":"https:\/\/agora.xtec.cat\/ins-intermunicipal\/wp-json\/wp\/v2\/users\/7"}],"replies":[{"embeddable":true,"href":"https:\/\/agora.xtec.cat\/ins-intermunicipal\/wp-json\/wp\/v2\/comments?post=4576"}],"version-history":[{"count":3,"href":"https:\/\/agora.xtec.cat\/ins-intermunicipal\/wp-json\/wp\/v2\/posts\/4576\/revisions"}],"predecessor-version":[{"id":4580,"href":"https:\/\/agora.xtec.cat\/ins-intermunicipal\/wp-json\/wp\/v2\/posts\/4576\/revisions\/4580"}],"wp:featuredmedia":[{"embeddable":true,"href":"https:\/\/agora.xtec.cat\/ins-intermunicipal\/wp-json\/wp\/v2\/media\/4577"}],"wp:attachment":[{"href":"https:\/\/agora.xtec.cat\/ins-intermunicipal\/wp-json\/wp\/v2\/media?parent=4576"}],"wp:term":[{"taxonomy":"category","embeddable":true,"href":"https:\/\/agora.xtec.cat\/ins-intermunicipal\/wp-json\/wp\/v2\/categories?post=4576"},{"taxonomy":"post_tag","embeddable":true,"href":"https:\/\/agora.xtec.cat\/ins-intermunicipal\/wp-json\/wp\/v2\/tags?post=4576"}],"curies":[{"name":"wp","href":"https:\/\/api.w.org\/{rel}","templated":true}]}}