{"id":4571,"date":"2025-04-04T19:40:30","date_gmt":"2025-04-04T17:40:30","guid":{"rendered":"https:\/\/agora.xtec.cat\/ins-intermunicipal\/?p=4571"},"modified":"2025-04-25T10:24:36","modified_gmt":"2025-04-25T08:24:36","slug":"portes-obertes-dfp-el-24-dabril","status":"publish","type":"post","link":"https:\/\/agora.xtec.cat\/ins-intermunicipal\/general\/portes-obertes-dfp-el-24-dabril\/","title":{"rendered":"Portes Obertes d&#8217;FP, el 24 d&#8217;abril"},"content":{"rendered":"<p><a href=\"https:\/\/agora.xtec.cat\/ins-intermunicipal\/wp-content\/uploads\/usu2220\/2025\/04\/Cartell-PPOO-FP-2025_page-0001.jpg\"><img loading=\"lazy\" decoding=\"async\" class=\"size-large wp-image-4573 alignright\" src=\"https:\/\/agora.xtec.cat\/ins-intermunicipal\/wp-content\/uploads\/usu2220\/2025\/04\/Cartell-PPOO-FP-2025_page-0001-724x1024.jpg\" alt=\"\" width=\"724\" height=\"1024\" srcset=\"https:\/\/agora.xtec.cat\/ins-intermunicipal\/wp-content\/uploads\/usu2220\/2025\/04\/Cartell-PPOO-FP-2025_page-0001-724x1024.jpg 724w, https:\/\/agora.xtec.cat\/ins-intermunicipal\/wp-content\/uploads\/usu2220\/2025\/04\/Cartell-PPOO-FP-2025_page-0001-212x300.jpg 212w, https:\/\/agora.xtec.cat\/ins-intermunicipal\/wp-content\/uploads\/usu2220\/2025\/04\/Cartell-PPOO-FP-2025_page-0001-768x1086.jpg 768w, https:\/\/agora.xtec.cat\/ins-intermunicipal\/wp-content\/uploads\/usu2220\/2025\/04\/Cartell-PPOO-FP-2025_page-0001-1086x1536.jpg 1086w, https:\/\/agora.xtec.cat\/ins-intermunicipal\/wp-content\/uploads\/usu2220\/2025\/04\/Cartell-PPOO-FP-2025_page-0001.jpg 1240w\" sizes=\"auto, (max-width: 724px) 100vw, 724px\" \/><\/a>El pr\u00f2xim 24 d&#8217;abril obrim les portes del nostre institut per donar-vos a con\u00e8ixer la nostra oferta formativa en Formaci\u00f3 Professional (FP). Volem que descobriu les m\u00faltiples oportunitats que l&#8217;FP us pot oferir per al vostre futur professional.<\/p>\n<p>El nostre centre ofereix cicles formatius pertanyents a diverses fam\u00edlies professionals. Durant la jornada de portes obertes, podreu con\u00e8ixer de primera m\u00e0 les caracter\u00edstiques i sortides professionals de cadascun d&#8217;ells. Tamb\u00e9 podeu consultar el nostre web per a m\u00e9s informaci\u00f3 sobre els cicles formatius que impartim.<\/p>\n<p>Programa de la jornada:<br \/>\n19:00 &#8211; Benvinguda i presentaci\u00f3 general de l&#8217;FP i les fam\u00edlies professionals.<br \/>\n19:30 &#8211; Xerrades informatives per grups redu\u00efts organitzades per fam\u00edlies, i visita a les instal\u00b7lacions i tallers.<\/p>\n<p>Us animem a participar en aquesta jornada de portes obertes per con\u00e8ixer de prop la nostra oferta formativa i resoldre tots els vostres dubtes. El nostre equip de professors estar\u00e0 encantat d&#8217;acompanyar-vos i guiar-vos en la vostra elecci\u00f3.<br \/>\nConfirmeu l&#8217;assist\u00e8ncia a trav\u00e9s del codi QR que apareix al cartell informatiu. Us hi esperem!<\/p>\n","protected":false},"excerpt":{"rendered":"<p><a href=\"https:\/\/agora.xtec.cat\/ins-intermunicipal\/wp-content\/uploads\/usu2220\/2025\/04\/Cartell-PPOO-FP-2025_page-0001.jpg\"><\/a>El pr\u00f2xim 24 d&#8217;abril obrim les portes del nostre institut per donar-vos a con\u00e8ixer la nostra oferta formativa en Formaci\u00f3 Professional (FP). Volem que descobriu les m\u00faltiples oportunitats que l&#8217;FP us pot oferir per al vostre futur professional.<br \/>\nEl nostre centre ofereix cicles formatius pertanyents&hellip;  <a href=\"https:\/\/agora.xtec.cat\/ins-intermunicipal\/general\/portes-obertes-dfp-el-24-dabril\/\" title=\"Read Portes Obertes d&#8217;FP, el 24 d&#8217;abril\">Llegeix m\u00e9s\u00bb<\/a><\/p>\n","protected":false},"author":8,"featured_media":4575,"comment_status":"closed","ping_status":"closed","sticky":false,"template":"","format":"standard","meta":{"_bbp_topic_count":0,"_bbp_reply_count":0,"_bbp_total_topic_count":0,"_bbp_total_reply_count":0,"_bbp_voice_count":0,"_bbp_anonymous_reply_count":0,"_bbp_topic_count_hidden":0,"_bbp_reply_count_hidden":0,"_bbp_forum_subforum_count":0,"footnotes":""},"categories":[30,1,29],"tags":[],"class_list":["post-4571","post","type-post","status-publish","format-standard","has-post-thumbnail","hentry","category-formacio-professional","category-general","category-portada"],"post_mailing_queue_ids":[],"_links":{"self":[{"href":"https:\/\/agora.xtec.cat\/ins-intermunicipal\/wp-json\/wp\/v2\/posts\/4571","targetHints":{"allow":["GET"]}}],"collection":[{"href":"https:\/\/agora.xtec.cat\/ins-intermunicipal\/wp-json\/wp\/v2\/posts"}],"about":[{"href":"https:\/\/agora.xtec.cat\/ins-intermunicipal\/wp-json\/wp\/v2\/types\/post"}],"author":[{"embeddable":true,"href":"https:\/\/agora.xtec.cat\/ins-intermunicipal\/wp-json\/wp\/v2\/users\/8"}],"replies":[{"embeddable":true,"href":"https:\/\/agora.xtec.cat\/ins-intermunicipal\/wp-json\/wp\/v2\/comments?post=4571"}],"version-history":[{"count":1,"href":"https:\/\/agora.xtec.cat\/ins-intermunicipal\/wp-json\/wp\/v2\/posts\/4571\/revisions"}],"predecessor-version":[{"id":4574,"href":"https:\/\/agora.xtec.cat\/ins-intermunicipal\/wp-json\/wp\/v2\/posts\/4571\/revisions\/4574"}],"wp:featuredmedia":[{"embeddable":true,"href":"https:\/\/agora.xtec.cat\/ins-intermunicipal\/wp-json\/wp\/v2\/media\/4575"}],"wp:attachment":[{"href":"https:\/\/agora.xtec.cat\/ins-intermunicipal\/wp-json\/wp\/v2\/media?parent=4571"}],"wp:term":[{"taxonomy":"category","embeddable":true,"href":"https:\/\/agora.xtec.cat\/ins-intermunicipal\/wp-json\/wp\/v2\/categories?post=4571"},{"taxonomy":"post_tag","embeddable":true,"href":"https:\/\/agora.xtec.cat\/ins-intermunicipal\/wp-json\/wp\/v2\/tags?post=4571"}],"curies":[{"name":"wp","href":"https:\/\/api.w.org\/{rel}","templated":true}]}}