{"id":4546,"date":"2025-03-31T13:59:25","date_gmt":"2025-03-31T11:59:25","guid":{"rendered":"https:\/\/agora.xtec.cat\/ins-intermunicipal\/?p=4546"},"modified":"2025-03-31T13:59:37","modified_gmt":"2025-03-31T11:59:37","slug":"linstitut-intermunicipal-collabora-amb-el-salo-de-lensenyament-2025","status":"publish","type":"post","link":"https:\/\/agora.xtec.cat\/ins-intermunicipal\/general\/linstitut-intermunicipal-collabora-amb-el-salo-de-lensenyament-2025\/","title":{"rendered":"L&#8217;Institut Intermunicipal col\u00b7labora amb el Sal\u00f3 de l&#8217;Ensenyament 2025"},"content":{"rendered":"<p style=\"text-align: justify;\"><span style=\"color: #222222;\"><span style=\"font-family: Arial, Helvetica, sans-serif;\"><span style=\"font-size: medium;\">L\u2019Institut Intermunicipal del Pened\u00e8s ha estat present al Sal\u00f3 de l\u2019Ensenyament 2025 fent tasques d\u2019orientaci\u00f3. Algunes de les orientadores educatives del nostre institut van ser-hi els dies 28 i 29 de mar\u00e7 per donar suport i guiar tant a estudiants com a les seves fam\u00edlies. D\u2019aquesta manera, han pogut ajudar-los responent dubtes sobre itineraris educatius i sortides professionals entre altres q\u00fcestions. Les educadores que hi han participat, contentes d\u2019haver-hi pogut col\u00b7laborar, valoren de manera molt positiva aquesta experi\u00e8ncia.<\/span><\/span><\/span><\/p>\n<p><a href=\"https:\/\/agora.xtec.cat\/ins-intermunicipal\/wp-content\/uploads\/usu2220\/2025\/03\/PHOTO-2025-03-28-09-19-25-1.jpg\"><img loading=\"lazy\" decoding=\"async\" class=\"alignnone size-medium wp-image-4548\" src=\"https:\/\/agora.xtec.cat\/ins-intermunicipal\/wp-content\/uploads\/usu2220\/2025\/03\/PHOTO-2025-03-28-09-19-25-1-300x225.jpg\" alt=\"\" width=\"300\" height=\"225\" srcset=\"https:\/\/agora.xtec.cat\/ins-intermunicipal\/wp-content\/uploads\/usu2220\/2025\/03\/PHOTO-2025-03-28-09-19-25-1-300x225.jpg 300w, https:\/\/agora.xtec.cat\/ins-intermunicipal\/wp-content\/uploads\/usu2220\/2025\/03\/PHOTO-2025-03-28-09-19-25-1-1024x768.jpg 1024w, https:\/\/agora.xtec.cat\/ins-intermunicipal\/wp-content\/uploads\/usu2220\/2025\/03\/PHOTO-2025-03-28-09-19-25-1-768x576.jpg 768w, https:\/\/agora.xtec.cat\/ins-intermunicipal\/wp-content\/uploads\/usu2220\/2025\/03\/PHOTO-2025-03-28-09-19-25-1-1536x1152.jpg 1536w, https:\/\/agora.xtec.cat\/ins-intermunicipal\/wp-content\/uploads\/usu2220\/2025\/03\/PHOTO-2025-03-28-09-19-25-1-200x150.jpg 200w, https:\/\/agora.xtec.cat\/ins-intermunicipal\/wp-content\/uploads\/usu2220\/2025\/03\/PHOTO-2025-03-28-09-19-25-1.jpg 1600w\" sizes=\"auto, (max-width: 300px) 100vw, 300px\" \/><\/a> <a href=\"https:\/\/agora.xtec.cat\/ins-intermunicipal\/wp-content\/uploads\/usu2220\/2025\/03\/PHOTO-2025-03-28-09-19-25-2.jpg\"><img loading=\"lazy\" decoding=\"async\" class=\"alignnone wp-image-4549\" src=\"https:\/\/agora.xtec.cat\/ins-intermunicipal\/wp-content\/uploads\/usu2220\/2025\/03\/PHOTO-2025-03-28-09-19-25-2-225x300.jpg\" alt=\"\" width=\"169\" height=\"225\" srcset=\"https:\/\/agora.xtec.cat\/ins-intermunicipal\/wp-content\/uploads\/usu2220\/2025\/03\/PHOTO-2025-03-28-09-19-25-2-225x300.jpg 225w, https:\/\/agora.xtec.cat\/ins-intermunicipal\/wp-content\/uploads\/usu2220\/2025\/03\/PHOTO-2025-03-28-09-19-25-2-768x1024.jpg 768w, https:\/\/agora.xtec.cat\/ins-intermunicipal\/wp-content\/uploads\/usu2220\/2025\/03\/PHOTO-2025-03-28-09-19-25-2-1152x1536.jpg 1152w, https:\/\/agora.xtec.cat\/ins-intermunicipal\/wp-content\/uploads\/usu2220\/2025\/03\/PHOTO-2025-03-28-09-19-25-2.jpg 1200w\" sizes=\"auto, (max-width: 169px) 100vw, 169px\" \/><\/a> <a href=\"https:\/\/agora.xtec.cat\/ins-intermunicipal\/wp-content\/uploads\/usu2220\/2025\/03\/PHOTO-2025-03-28-09-19-25.jpg\"><img loading=\"lazy\" decoding=\"async\" class=\"alignnone size-medium wp-image-4550\" src=\"https:\/\/agora.xtec.cat\/ins-intermunicipal\/wp-content\/uploads\/usu2220\/2025\/03\/PHOTO-2025-03-28-09-19-25-300x225.jpg\" alt=\"\" width=\"300\" height=\"225\" srcset=\"https:\/\/agora.xtec.cat\/ins-intermunicipal\/wp-content\/uploads\/usu2220\/2025\/03\/PHOTO-2025-03-28-09-19-25-300x225.jpg 300w, https:\/\/agora.xtec.cat\/ins-intermunicipal\/wp-content\/uploads\/usu2220\/2025\/03\/PHOTO-2025-03-28-09-19-25-1024x768.jpg 1024w, https:\/\/agora.xtec.cat\/ins-intermunicipal\/wp-content\/uploads\/usu2220\/2025\/03\/PHOTO-2025-03-28-09-19-25-768x576.jpg 768w, https:\/\/agora.xtec.cat\/ins-intermunicipal\/wp-content\/uploads\/usu2220\/2025\/03\/PHOTO-2025-03-28-09-19-25-1536x1152.jpg 1536w, https:\/\/agora.xtec.cat\/ins-intermunicipal\/wp-content\/uploads\/usu2220\/2025\/03\/PHOTO-2025-03-28-09-19-25-200x150.jpg 200w, https:\/\/agora.xtec.cat\/ins-intermunicipal\/wp-content\/uploads\/usu2220\/2025\/03\/PHOTO-2025-03-28-09-19-25.jpg 1600w\" sizes=\"auto, (max-width: 300px) 100vw, 300px\" \/><\/a><\/p>\n","protected":false},"excerpt":{"rendered":"<p>L\u2019Institut Intermunicipal del Pened\u00e8s ha estat present al Sal\u00f3 de l\u2019Ensenyament 2025 fent tasques d\u2019orientaci\u00f3. Algunes de les orientadores educatives del nostre institut van ser-hi els dies 28 i 29 de mar\u00e7 per donar suport i guiar tant a estudiants com a les seves fam\u00edlies.&hellip;  <a href=\"https:\/\/agora.xtec.cat\/ins-intermunicipal\/general\/linstitut-intermunicipal-collabora-amb-el-salo-de-lensenyament-2025\/\" title=\"Read L&#8217;Institut Intermunicipal col\u00b7labora amb el Sal\u00f3 de l&#8217;Ensenyament 2025\">Llegeix m\u00e9s\u00bb<\/a><\/p>\n","protected":false},"author":7,"featured_media":4548,"comment_status":"closed","ping_status":"closed","sticky":false,"template":"","format":"standard","meta":{"_bbp_topic_count":0,"_bbp_reply_count":0,"_bbp_total_topic_count":0,"_bbp_total_reply_count":0,"_bbp_voice_count":0,"_bbp_anonymous_reply_count":0,"_bbp_topic_count_hidden":0,"_bbp_reply_count_hidden":0,"_bbp_forum_subforum_count":0,"footnotes":""},"categories":[8,3,30,1,29],"tags":[339,412],"class_list":["post-4546","post","type-post","status-publish","format-standard","has-post-thumbnail","hentry","category-bat","category-eso","category-formacio-professional","category-general","category-portada","tag-orientacio","tag-salo-de-lensenyament"],"post_mailing_queue_ids":[],"_links":{"self":[{"href":"https:\/\/agora.xtec.cat\/ins-intermunicipal\/wp-json\/wp\/v2\/posts\/4546","targetHints":{"allow":["GET"]}}],"collection":[{"href":"https:\/\/agora.xtec.cat\/ins-intermunicipal\/wp-json\/wp\/v2\/posts"}],"about":[{"href":"https:\/\/agora.xtec.cat\/ins-intermunicipal\/wp-json\/wp\/v2\/types\/post"}],"author":[{"embeddable":true,"href":"https:\/\/agora.xtec.cat\/ins-intermunicipal\/wp-json\/wp\/v2\/users\/7"}],"replies":[{"embeddable":true,"href":"https:\/\/agora.xtec.cat\/ins-intermunicipal\/wp-json\/wp\/v2\/comments?post=4546"}],"version-history":[{"count":2,"href":"https:\/\/agora.xtec.cat\/ins-intermunicipal\/wp-json\/wp\/v2\/posts\/4546\/revisions"}],"predecessor-version":[{"id":4551,"href":"https:\/\/agora.xtec.cat\/ins-intermunicipal\/wp-json\/wp\/v2\/posts\/4546\/revisions\/4551"}],"wp:featuredmedia":[{"embeddable":true,"href":"https:\/\/agora.xtec.cat\/ins-intermunicipal\/wp-json\/wp\/v2\/media\/4548"}],"wp:attachment":[{"href":"https:\/\/agora.xtec.cat\/ins-intermunicipal\/wp-json\/wp\/v2\/media?parent=4546"}],"wp:term":[{"taxonomy":"category","embeddable":true,"href":"https:\/\/agora.xtec.cat\/ins-intermunicipal\/wp-json\/wp\/v2\/categories?post=4546"},{"taxonomy":"post_tag","embeddable":true,"href":"https:\/\/agora.xtec.cat\/ins-intermunicipal\/wp-json\/wp\/v2\/tags?post=4546"}],"curies":[{"name":"wp","href":"https:\/\/api.w.org\/{rel}","templated":true}]}}