{"id":4536,"date":"2025-03-31T12:45:47","date_gmt":"2025-03-31T10:45:47","guid":{"rendered":"https:\/\/agora.xtec.cat\/ins-intermunicipal\/?p=4536"},"modified":"2025-06-05T09:55:42","modified_gmt":"2025-06-05T07:55:42","slug":"participem-a-lolimpiada-deconomia-a-la-uab","status":"publish","type":"post","link":"https:\/\/agora.xtec.cat\/ins-intermunicipal\/general\/participem-a-lolimpiada-deconomia-a-la-uab\/","title":{"rendered":"Participem a l\u2019Olimp\u00edada d\u2019Economia a la UAB"},"content":{"rendered":"<p style=\"text-align: justify;\" align=\"justify\"><span style=\"font-family: Arial, sans-serif;\"><span style=\"color: #222222;\"><span style=\"font-family: Arial, Helvetica, sans-serif;\"><span style=\"font-size: medium;\">L<\/span><\/span><\/span><span style=\"color: #222222;\"><span style=\"font-family: Arial, Helvetica, sans-serif;\"><span style=\"font-size: medium;\">a Paula Hern\u00e1ndez, <\/span><\/span><\/span><span style=\"color: #222222;\"><span style=\"font-family: Arial, Helvetica, sans-serif;\"><span style=\"font-size: medium;\">el <\/span><\/span><\/span><span style=\"color: #222222;\"><span style=\"font-family: Arial, Helvetica, sans-serif;\"><span style=\"font-size: medium;\">Guillem Planas i <\/span><\/span><\/span><span style=\"color: #222222;\"><span style=\"font-family: Arial, Helvetica, sans-serif;\"><span style=\"font-size: medium;\">la <\/span><\/span><\/span><span style=\"color: #222222;\"><span style=\"font-family: Arial, Helvetica, sans-serif;\"><span style=\"font-size: medium;\">J\u00falia Arnan va<\/span><\/span><\/span><span style=\"color: #222222;\"><span style=\"font-family: Arial, Helvetica, sans-serif;\"><span style=\"font-size: medium;\">n participar, el dia 26 de mar\u00e7 a la tarda,<\/span><\/span><\/span><span style=\"color: #222222;\"><span style=\"font-family: Arial, Helvetica, sans-serif;\"><span style=\"font-size: medium;\"> a <\/span><\/span><\/span><span style=\"color: #222222;\"><span style=\"font-family: Arial, Helvetica, sans-serif;\"><span style=\"font-size: medium;\">la fase local de <\/span><\/span><\/span><span style=\"color: #339966;\"><span style=\"font-family: Arial, Helvetica, sans-serif;\"><span style=\"font-size: medium;\">l&#8217;<\/span><\/span><a style=\"color: #339966;\" href=\"https:\/\/www.uab.cat\/web\/estudiar\/graus\/activitats-d-orientacio-universitaria\/presentacio-1345694765463.html\" target=\"_blank\" rel=\"noopener\"><span style=\"font-family: Arial, Helvetica, sans-serif;\"><span style=\"font-size: medium;\">O<\/span><\/span><span style=\"font-family: Arial, Helvetica, sans-serif;\"><span style=\"font-size: medium;\">limp\u00edada d&#8217;Economia <\/span><\/span><\/a><\/span><span style=\"color: #222222;\"><span style=\"font-family: Arial, Helvetica, sans-serif;\"><span style=\"font-size: medium;\">que va organitzar la Facultat d\u2019Economia i Empresa de <\/span><\/span><\/span><span style=\"color: #222222;\"><span style=\"font-family: Arial, Helvetica, sans-serif;\"><span style=\"font-size: medium;\">la UAB. <\/span><\/span><\/span><\/span><\/p>\n<p style=\"text-align: justify;\" align=\"justify\"><span style=\"font-family: Arial, sans-serif;\"><span style=\"font-size: medium;\"><span style=\"color: #222222;\">Aquesta prova \u00e9s dirigida<\/span><span style=\"color: #111111;\">\u00a0als estudiants d\u2019Economia de l\u2019Empresa de <\/span><span style=\"color: #111111;\">2n<\/span><span style=\"color: #111111;\"> de batxillerat dels instituts i centres de secund\u00e0ria de la prov\u00edncia de Barcelona. Quan se&#8217;n s\u00e0piga els resultats,<\/span><span style=\"color: #222222;\"> els tres estudiants que hagin obtingut els millors resultats hauran de participar, entre el 30 de juny i el 2 de juliol, a la fase estatal que es far\u00e0 a la Universitat d\u2019Alacant.<\/span><\/span><\/span><\/p>\n<p align=\"justify\"><a href=\"https:\/\/agora.xtec.cat\/ins-intermunicipal\/wp-content\/uploads\/usu2220\/2025\/03\/20250326_160402-scaled.jpg\"><img loading=\"lazy\" decoding=\"async\" class=\"wp-image-4540 alignnone\" src=\"https:\/\/agora.xtec.cat\/ins-intermunicipal\/wp-content\/uploads\/usu2220\/2025\/03\/20250326_160402-300x134.jpg\" alt=\"\" width=\"401\" height=\"179\" srcset=\"https:\/\/agora.xtec.cat\/ins-intermunicipal\/wp-content\/uploads\/usu2220\/2025\/03\/20250326_160402-300x134.jpg 300w, https:\/\/agora.xtec.cat\/ins-intermunicipal\/wp-content\/uploads\/usu2220\/2025\/03\/20250326_160402-1024x459.jpg 1024w, https:\/\/agora.xtec.cat\/ins-intermunicipal\/wp-content\/uploads\/usu2220\/2025\/03\/20250326_160402-768x344.jpg 768w, https:\/\/agora.xtec.cat\/ins-intermunicipal\/wp-content\/uploads\/usu2220\/2025\/03\/20250326_160402-1536x688.jpg 1536w, https:\/\/agora.xtec.cat\/ins-intermunicipal\/wp-content\/uploads\/usu2220\/2025\/03\/20250326_160402-2048x917.jpg 2048w\" sizes=\"auto, (max-width: 401px) 100vw, 401px\" \/><\/a><a href=\"https:\/\/agora.xtec.cat\/ins-intermunicipal\/wp-content\/uploads\/usu2220\/2025\/03\/20250326_185428-scaled.jpg\"><img loading=\"lazy\" decoding=\"async\" class=\"alignnone wp-image-4541\" src=\"https:\/\/agora.xtec.cat\/ins-intermunicipal\/wp-content\/uploads\/usu2220\/2025\/03\/20250326_185428-300x229.jpg\" alt=\"\" width=\"236\" height=\"180\" srcset=\"https:\/\/agora.xtec.cat\/ins-intermunicipal\/wp-content\/uploads\/usu2220\/2025\/03\/20250326_185428-300x229.jpg 300w, https:\/\/agora.xtec.cat\/ins-intermunicipal\/wp-content\/uploads\/usu2220\/2025\/03\/20250326_185428-1024x780.jpg 1024w, https:\/\/agora.xtec.cat\/ins-intermunicipal\/wp-content\/uploads\/usu2220\/2025\/03\/20250326_185428-768x585.jpg 768w, https:\/\/agora.xtec.cat\/ins-intermunicipal\/wp-content\/uploads\/usu2220\/2025\/03\/20250326_185428-1536x1170.jpg 1536w, https:\/\/agora.xtec.cat\/ins-intermunicipal\/wp-content\/uploads\/usu2220\/2025\/03\/20250326_185428-2048x1560.jpg 2048w\" sizes=\"auto, (max-width: 236px) 100vw, 236px\" \/><\/a><a href=\"https:\/\/agora.xtec.cat\/ins-intermunicipal\/wp-content\/uploads\/usu2220\/2025\/03\/20250326_160244-scaled.jpg\"><img loading=\"lazy\" decoding=\"async\" class=\"wp-image-4539 alignnone\" src=\"https:\/\/agora.xtec.cat\/ins-intermunicipal\/wp-content\/uploads\/usu2220\/2025\/03\/20250326_160244-228x300.jpg\" alt=\"\" width=\"137\" height=\"181\" srcset=\"https:\/\/agora.xtec.cat\/ins-intermunicipal\/wp-content\/uploads\/usu2220\/2025\/03\/20250326_160244-228x300.jpg 228w, https:\/\/agora.xtec.cat\/ins-intermunicipal\/wp-content\/uploads\/usu2220\/2025\/03\/20250326_160244-778x1024.jpg 778w, https:\/\/agora.xtec.cat\/ins-intermunicipal\/wp-content\/uploads\/usu2220\/2025\/03\/20250326_160244-768x1011.jpg 768w, https:\/\/agora.xtec.cat\/ins-intermunicipal\/wp-content\/uploads\/usu2220\/2025\/03\/20250326_160244-1167x1536.jpg 1167w, https:\/\/agora.xtec.cat\/ins-intermunicipal\/wp-content\/uploads\/usu2220\/2025\/03\/20250326_160244-1556x2048.jpg 1556w, https:\/\/agora.xtec.cat\/ins-intermunicipal\/wp-content\/uploads\/usu2220\/2025\/03\/20250326_160244-scaled.jpg 1945w\" sizes=\"auto, (max-width: 137px) 100vw, 137px\" \/><\/a><\/p>\n","protected":false},"excerpt":{"rendered":"<p>La Paula Hern\u00e1ndez, el Guillem Planas i la J\u00falia Arnan van participar, el dia 26 de mar\u00e7 a la tarda, a la fase local de l&#8217;<a style=\"color: #339966;\" href=\"https:\/\/www.uab.cat\/web\/estudiar\/graus\/activitats-d-orientacio-universitaria\/presentacio-1345694765463.html\" target=\"_blank\" rel=\"noopener\">Olimp\u00edada d&#8217;Economia <\/a>que va organitzar la Facultat d\u2019Economia i Empresa de la UAB.<br \/>\nAquesta prova&hellip;  <a href=\"https:\/\/agora.xtec.cat\/ins-intermunicipal\/general\/participem-a-lolimpiada-deconomia-a-la-uab\/\" title=\"Read Participem a l\u2019Olimp\u00edada d\u2019Economia a la UAB\">Llegeix m\u00e9s\u00bb<\/a><\/p>\n","protected":false},"author":7,"featured_media":4541,"comment_status":"closed","ping_status":"closed","sticky":false,"template":"","format":"standard","meta":{"_bbp_topic_count":0,"_bbp_reply_count":0,"_bbp_total_topic_count":0,"_bbp_total_reply_count":0,"_bbp_voice_count":0,"_bbp_anonymous_reply_count":0,"_bbp_topic_count_hidden":0,"_bbp_reply_count_hidden":0,"_bbp_forum_subforum_count":0,"footnotes":""},"categories":[107,8,1,29,733],"tags":[662,663,661,660,658,659,332],"class_list":["post-4536","post","type-post","status-publish","format-standard","has-post-thumbnail","hentry","category-bat2","category-bat","category-general","category-portada","category-premis","tag-economia-de-lempresa","tag-facultat-deconomia-i-empresa","tag-guillem-planas","tag-julia-arnan","tag-olimpiada-deconomia","tag-paula-hernandez","tag-uab"],"post_mailing_queue_ids":[],"_links":{"self":[{"href":"https:\/\/agora.xtec.cat\/ins-intermunicipal\/wp-json\/wp\/v2\/posts\/4536","targetHints":{"allow":["GET"]}}],"collection":[{"href":"https:\/\/agora.xtec.cat\/ins-intermunicipal\/wp-json\/wp\/v2\/posts"}],"about":[{"href":"https:\/\/agora.xtec.cat\/ins-intermunicipal\/wp-json\/wp\/v2\/types\/post"}],"author":[{"embeddable":true,"href":"https:\/\/agora.xtec.cat\/ins-intermunicipal\/wp-json\/wp\/v2\/users\/7"}],"replies":[{"embeddable":true,"href":"https:\/\/agora.xtec.cat\/ins-intermunicipal\/wp-json\/wp\/v2\/comments?post=4536"}],"version-history":[{"count":6,"href":"https:\/\/agora.xtec.cat\/ins-intermunicipal\/wp-json\/wp\/v2\/posts\/4536\/revisions"}],"predecessor-version":[{"id":4869,"href":"https:\/\/agora.xtec.cat\/ins-intermunicipal\/wp-json\/wp\/v2\/posts\/4536\/revisions\/4869"}],"wp:featuredmedia":[{"embeddable":true,"href":"https:\/\/agora.xtec.cat\/ins-intermunicipal\/wp-json\/wp\/v2\/media\/4541"}],"wp:attachment":[{"href":"https:\/\/agora.xtec.cat\/ins-intermunicipal\/wp-json\/wp\/v2\/media?parent=4536"}],"wp:term":[{"taxonomy":"category","embeddable":true,"href":"https:\/\/agora.xtec.cat\/ins-intermunicipal\/wp-json\/wp\/v2\/categories?post=4536"},{"taxonomy":"post_tag","embeddable":true,"href":"https:\/\/agora.xtec.cat\/ins-intermunicipal\/wp-json\/wp\/v2\/tags?post=4536"}],"curies":[{"name":"wp","href":"https:\/\/api.w.org\/{rel}","templated":true}]}}