{"id":4531,"date":"2025-03-31T12:14:08","date_gmt":"2025-03-31T10:14:08","guid":{"rendered":"https:\/\/agora.xtec.cat\/ins-intermunicipal\/?p=4531"},"modified":"2025-03-31T12:16:15","modified_gmt":"2025-03-31T10:16:15","slug":"6a-jornada-del-pla-salut-escola-i-comunitat-psec","status":"publish","type":"post","link":"https:\/\/agora.xtec.cat\/ins-intermunicipal\/general\/6a-jornada-del-pla-salut-escola-i-comunitat-psec\/","title":{"rendered":"6a Jornada del Pla Salut, Escola i Comunitat (PSEC)"},"content":{"rendered":"<p align=\"justify\"><span style=\"font-family: Arial, sans-serif;\"><a href=\"https:\/\/agora.xtec.cat\/ins-intermunicipal\/wp-content\/uploads\/usu2220\/2025\/03\/IMG_6559-1.jpg\"><img loading=\"lazy\" decoding=\"async\" class=\"size-medium wp-image-4533 alignleft\" src=\"https:\/\/agora.xtec.cat\/ins-intermunicipal\/wp-content\/uploads\/usu2220\/2025\/03\/IMG_6559-1-300x300.jpg\" alt=\"\" width=\"300\" height=\"300\" srcset=\"https:\/\/agora.xtec.cat\/ins-intermunicipal\/wp-content\/uploads\/usu2220\/2025\/03\/IMG_6559-1-300x300.jpg 300w, https:\/\/agora.xtec.cat\/ins-intermunicipal\/wp-content\/uploads\/usu2220\/2025\/03\/IMG_6559-1-150x150.jpg 150w, https:\/\/agora.xtec.cat\/ins-intermunicipal\/wp-content\/uploads\/usu2220\/2025\/03\/IMG_6559-1-768x766.jpg 768w, https:\/\/agora.xtec.cat\/ins-intermunicipal\/wp-content\/uploads\/usu2220\/2025\/03\/IMG_6559-1.jpg 900w\" sizes=\"auto, (max-width: 300px) 100vw, 300px\" \/><\/a>Amb el lema <b>Qui soc, com m\u2019expresso,<\/b> el dia 21 de mar\u00e7 es va fer a l\u2019espai La Nau de Vilafranca del Pened\u00e8s, la <a href=\"https:\/\/drive.google.com\/file\/d\/17P5KzZlWvmp8zlvtO3ItknyrhEhpkpoo\/view\" target=\"_blank\" rel=\"noopener\"><b>6<\/b><sup><b>a<\/b><\/sup><b> Jornada del Pla de Salut, Escola i Comunitat (PSEC)<\/b><\/a>. Aquesta jornada es va articular entorn de tres eixos: Prevenci\u00f3, Desenvolupament integral i Inclusi\u00f3 i equitat.<\/span><\/p>\n<p align=\"justify\"><span style=\"font-family: Arial, sans-serif;\">Va haver-hi diverses intervencions durant les quals els ponents van presentar la seva visi\u00f3 sobre <i>L\u2019expressi\u00f3 de g\u00e8nere<\/i>, <i>La influ\u00e8ncia dels agents educatius en la construcci\u00f3 del g\u00e8nere<\/i> o <i>Ser i expressar-se: reflexions sobre g\u00e8nere i identitat<\/i>.<\/span><\/p>\n<p align=\"justify\"><span style=\"font-family: Arial, sans-serif;\">Tamb\u00e9 es van presentar les accions del seminari de pedagogies feministes de l\u2019Alt Pened\u00e8s i es va presentar el SAI, servei d\u2019atenci\u00f3 i informaci\u00f3 al col\u00b7lectiu LGTBI+. A m\u00e9s, la nostra companya Merc\u00e8 Mompel i la Foix Ortiz van presentar les <a href=\"https:\/\/drive.google.com\/file\/d\/1KPx_ziy43d6pC7_1FtNgDsm0KfBCKM8n\/view\" target=\"_blank\" rel=\"noopener\">accions dels centres promotors de salut a l\u2019Alt Pened\u00e8s<\/a>, tant de prim\u00e0ria (EPSAP) com de secund\u00e0ria (IPSAP). <\/span><\/p>\n<p align=\"justify\"><span style=\"font-family: Arial, sans-serif;\">El nostre \u00e9s un dels instituts que participen en el programa IPSAP\u00a0 i com a tal, participar\u00e0 en el <a href=\"https:\/\/agora.xtec.cat\/ins-intermunicipal\/general\/els-alumnes-de-3r-deso-participen-en-el-salutometre\/\" target=\"_blank\" rel=\"noopener\">Salut\u00f2metre<\/a> i en la campanya Burillat\u00f3 de recollida de burilles al voltant de l&#8217;institut.\u00a0<\/span><\/p>\n<p align=\"justify\">En la il\u00b7lustraci\u00f3 de la Maria Batet hi podeu trobar un resum gr\u00e0fic de la jornada a la qual hi van poder assistir un grup de professors del nostre institut.<a href=\"https:\/\/agora.xtec.cat\/ins-intermunicipal\/wp-content\/uploads\/usu2220\/2025\/03\/Resum-de-la-jornada.jpeg\"><img loading=\"lazy\" decoding=\"async\" class=\"aligncenter wp-image-4532 size-large\" src=\"https:\/\/agora.xtec.cat\/ins-intermunicipal\/wp-content\/uploads\/usu2220\/2025\/03\/Resum-de-la-jornada-1024x510.jpeg\" alt=\"\" width=\"1024\" height=\"510\" srcset=\"https:\/\/agora.xtec.cat\/ins-intermunicipal\/wp-content\/uploads\/usu2220\/2025\/03\/Resum-de-la-jornada-1024x510.jpeg 1024w, https:\/\/agora.xtec.cat\/ins-intermunicipal\/wp-content\/uploads\/usu2220\/2025\/03\/Resum-de-la-jornada-300x149.jpeg 300w, https:\/\/agora.xtec.cat\/ins-intermunicipal\/wp-content\/uploads\/usu2220\/2025\/03\/Resum-de-la-jornada-768x383.jpeg 768w, https:\/\/agora.xtec.cat\/ins-intermunicipal\/wp-content\/uploads\/usu2220\/2025\/03\/Resum-de-la-jornada.jpeg 1536w\" sizes=\"auto, (max-width: 1024px) 100vw, 1024px\" \/><\/a><\/p>\n","protected":false},"excerpt":{"rendered":"<p><a href=\"https:\/\/agora.xtec.cat\/ins-intermunicipal\/wp-content\/uploads\/usu2220\/2025\/03\/IMG_6559-1.jpg\"><\/a>Amb el lema Qui soc, com m\u2019expresso, el dia 21 de mar\u00e7 es va fer a l\u2019espai La Nau de Vilafranca del Pened\u00e8s, la <a href=\"https:\/\/drive.google.com\/file\/d\/17P5KzZlWvmp8zlvtO3ItknyrhEhpkpoo\/view\" target=\"_blank\" rel=\"noopener\">6a Jornada del Pla de Salut, Escola i Comunitat (PSEC)<\/a>. Aquesta jornada es va articular entorn de&hellip;  <a href=\"https:\/\/agora.xtec.cat\/ins-intermunicipal\/general\/6a-jornada-del-pla-salut-escola-i-comunitat-psec\/\" title=\"Read 6a Jornada del Pla Salut, Escola i Comunitat (PSEC)\">Llegeix m\u00e9s\u00bb<\/a><\/p>\n","protected":false},"author":7,"featured_media":4533,"comment_status":"closed","ping_status":"closed","sticky":false,"template":"","format":"standard","meta":{"_bbp_topic_count":0,"_bbp_reply_count":0,"_bbp_total_topic_count":0,"_bbp_total_reply_count":0,"_bbp_voice_count":0,"_bbp_anonymous_reply_count":0,"_bbp_topic_count_hidden":0,"_bbp_reply_count_hidden":0,"_bbp_forum_subforum_count":0,"footnotes":""},"categories":[1,29],"tags":[655,654,656,652,657,651],"class_list":["post-4531","post","type-post","status-publish","format-standard","has-post-thumbnail","hentry","category-general","category-portada","tag-burillato","tag-merce-mompel","tag-pla-salut","tag-projecte-ipsap","tag-psec","tag-salutometre"],"post_mailing_queue_ids":[],"_links":{"self":[{"href":"https:\/\/agora.xtec.cat\/ins-intermunicipal\/wp-json\/wp\/v2\/posts\/4531","targetHints":{"allow":["GET"]}}],"collection":[{"href":"https:\/\/agora.xtec.cat\/ins-intermunicipal\/wp-json\/wp\/v2\/posts"}],"about":[{"href":"https:\/\/agora.xtec.cat\/ins-intermunicipal\/wp-json\/wp\/v2\/types\/post"}],"author":[{"embeddable":true,"href":"https:\/\/agora.xtec.cat\/ins-intermunicipal\/wp-json\/wp\/v2\/users\/7"}],"replies":[{"embeddable":true,"href":"https:\/\/agora.xtec.cat\/ins-intermunicipal\/wp-json\/wp\/v2\/comments?post=4531"}],"version-history":[{"count":2,"href":"https:\/\/agora.xtec.cat\/ins-intermunicipal\/wp-json\/wp\/v2\/posts\/4531\/revisions"}],"predecessor-version":[{"id":4535,"href":"https:\/\/agora.xtec.cat\/ins-intermunicipal\/wp-json\/wp\/v2\/posts\/4531\/revisions\/4535"}],"wp:featuredmedia":[{"embeddable":true,"href":"https:\/\/agora.xtec.cat\/ins-intermunicipal\/wp-json\/wp\/v2\/media\/4533"}],"wp:attachment":[{"href":"https:\/\/agora.xtec.cat\/ins-intermunicipal\/wp-json\/wp\/v2\/media?parent=4531"}],"wp:term":[{"taxonomy":"category","embeddable":true,"href":"https:\/\/agora.xtec.cat\/ins-intermunicipal\/wp-json\/wp\/v2\/categories?post=4531"},{"taxonomy":"post_tag","embeddable":true,"href":"https:\/\/agora.xtec.cat\/ins-intermunicipal\/wp-json\/wp\/v2\/tags?post=4531"}],"curies":[{"name":"wp","href":"https:\/\/api.w.org\/{rel}","templated":true}]}}