{"id":4509,"date":"2025-03-27T10:11:31","date_gmt":"2025-03-27T09:11:31","guid":{"rendered":"https:\/\/agora.xtec.cat\/ins-intermunicipal\/?p=4509"},"modified":"2025-03-27T10:11:31","modified_gmt":"2025-03-27T09:11:31","slug":"linstitut-intermunicipal-del-pendes-participa-en-el-projecte-orenetes","status":"publish","type":"post","link":"https:\/\/agora.xtec.cat\/ins-intermunicipal\/general\/linstitut-intermunicipal-del-pendes-participa-en-el-projecte-orenetes\/","title":{"rendered":"L&#8217;Institut Intermunicipal del Pend\u00e8s participa en el Projecte Orenetes"},"content":{"rendered":"<p align=\"justify\"><span style=\"color: #222222;\"><span style=\"font-family: Arial, sans-serif;\"><span style=\"font-size: medium;\">Els alumnes dels grups E i F de 4t d&#8217;ESO EF ens envien la seg\u00fcent nota referent al projecte Entorn de Natura per compartir-la amb tothom:<\/span><\/span><\/span><\/p>\n<p align=\"justify\"><em><span style=\"color: #222222;\"><span style=\"font-family: Arial, sans-serif;\"><span style=\"font-size: medium;\"><span style=\"color: #000000;\">Un grup d\u2019alumnes de 4t d\u2019ESO de l\u2019Institut Intermunicipal del Pened\u00e8s hem iniciat la nostra participaci\u00f3 en el <a href=\"https:\/\/www.orenetes.cat\/\" target=\"_blank\" rel=\"noopener\">Projecte Orenetes<\/a>, una iniciativa de ci\u00e8ncia ciutadana que estudia la poblaci\u00f3 d\u2019orenetes per Catalunya. Aquest projecte compta amb l\u2019ajuda de centres educatius i voluntaris per recollir dades sobre els nius d\u2019aquests ocells.<\/span><\/span><\/span><\/span><\/em><\/p>\n<p align=\"justify\"><em><span style=\"color: #000000;\"><span style=\"font-family: Arial, sans-serif;\"><span style=\"font-size: medium;\"><a href=\"https:\/\/agora.xtec.cat\/ins-intermunicipal\/wp-content\/uploads\/usu2220\/2025\/03\/IMG_1807-1.jpeg\"><img loading=\"lazy\" decoding=\"async\" class=\" wp-image-4511 alignleft\" src=\"https:\/\/agora.xtec.cat\/ins-intermunicipal\/wp-content\/uploads\/usu2220\/2025\/03\/IMG_1807-1-300x273.jpeg\" alt=\"\" width=\"401\" height=\"365\" srcset=\"https:\/\/agora.xtec.cat\/ins-intermunicipal\/wp-content\/uploads\/usu2220\/2025\/03\/IMG_1807-1-300x273.jpeg 300w, https:\/\/agora.xtec.cat\/ins-intermunicipal\/wp-content\/uploads\/usu2220\/2025\/03\/IMG_1807-1.jpeg 675w\" sizes=\"auto, (max-width: 401px) 100vw, 401px\" \/><\/a>Seguint les <a href=\"https:\/\/www.orenetes.cat\/instruccions\" target=\"_blank\" rel=\"noopener\">instruccions<\/a> facilitades a la web oficial del projecte<\/span><\/span><\/span><span style=\"color: #000000;\"><span style=\"font-family: Arial, sans-serif;\"><span style=\"font-size: medium;\">, aviat comen\u00e7arem a localitzar i registrar els nius d\u2019orenetes a Sant Sadurn\u00ed d\u2019Anoia. Totes les dades que recopilem les pujarem a la plataforma en l\u00ednia del Projecte Orenetes<\/span><\/span><\/span><span style=\"color: #000000;\"><span style=\"font-family: Arial, sans-serif;\"><span style=\"font-size: medium;\">, on es poden consultar les observacions fetes per altres centres i ciutadans voluntaris dels voltants.<\/span><\/span><\/span><\/em><\/p>\n<p align=\"justify\"><em><span style=\"color: #222222;\"><span style=\"font-family: Arial, sans-serif;\"><span style=\"font-size: medium;\"><span style=\"color: #000000;\">Aquest projecte \u00e9s clau per monitorar la pres\u00e8ncia de les orenetes, ja que aquests ocells actuen com a\u00a0indicadors del canvi clim\u00e0tic\u00a0i contribueixen al control biol\u00f2gic d\u2019insectes, com ara els mosquits. La seva observaci\u00f3 i estudi ens ajuden a entendre millor els canvis ambientals i a fomentar la conservaci\u00f3 d\u2019aquestes esp\u00e8cies tan beneficioses per als ecosistemes urbans i rurals.<\/span><\/span><\/span><\/span><\/em><\/p>\n<p align=\"justify\"><em><span style=\"color: #000000;\"><span style=\"font-family: Arial, sans-serif;\"><span style=\"font-size: medium;\">Des de l\u2019Institut Intermunicipal del Pened\u00e8s estem orgullosos de sumar-nos a aquesta iniciativa i de poder contribuir a la recerca ambiental mitjan\u00e7ant l\u2019observaci\u00f3 i la col\u00b7laboraci\u00f3 ciutadana. Convidem tota la comunitat educativa i els ciutadans interessats a con\u00e8ixer m\u00e9s sobre el Projecte Orenetes i la seva import\u00e0ncia per a la biodiversitat local.<\/span><\/span><\/span><\/em><\/p>\n<p align=\"justify\"><a href=\"https:\/\/agora.xtec.cat\/ins-intermunicipal\/wp-content\/uploads\/usu2220\/2025\/03\/unnamed-2.png\">\u00a0 <img loading=\"lazy\" decoding=\"async\" class=\"alignnone  wp-image-4513\" src=\"https:\/\/agora.xtec.cat\/ins-intermunicipal\/wp-content\/uploads\/usu2220\/2025\/03\/unnamed-2.png\" alt=\"\" width=\"144\" height=\"144\" srcset=\"https:\/\/agora.xtec.cat\/ins-intermunicipal\/wp-content\/uploads\/usu2220\/2025\/03\/unnamed-2.png 225w, https:\/\/agora.xtec.cat\/ins-intermunicipal\/wp-content\/uploads\/usu2220\/2025\/03\/unnamed-2-150x150.png 150w\" sizes=\"auto, (max-width: 144px) 100vw, 144px\" \/><\/a><a href=\"https:\/\/agora.xtec.cat\/ins-intermunicipal\/wp-content\/uploads\/usu2220\/2025\/03\/unnamed-1.png\"> \u00a0<img loading=\"lazy\" decoding=\"async\" class=\"alignnone  wp-image-4512\" src=\"https:\/\/agora.xtec.cat\/ins-intermunicipal\/wp-content\/uploads\/usu2220\/2025\/03\/unnamed-1-300x300.png\" alt=\"\" width=\"167\" height=\"167\" srcset=\"https:\/\/agora.xtec.cat\/ins-intermunicipal\/wp-content\/uploads\/usu2220\/2025\/03\/unnamed-1-300x300.png 300w, https:\/\/agora.xtec.cat\/ins-intermunicipal\/wp-content\/uploads\/usu2220\/2025\/03\/unnamed-1-150x150.png 150w, https:\/\/agora.xtec.cat\/ins-intermunicipal\/wp-content\/uploads\/usu2220\/2025\/03\/unnamed-1.png 500w\" sizes=\"auto, (max-width: 167px) 100vw, 167px\" \/> \u00a0<\/a><a href=\"https:\/\/agora.xtec.cat\/ins-intermunicipal\/wp-content\/uploads\/usu2220\/2025\/03\/Screenshot-2025-03-26-11.25.16.png\"><img loading=\"lazy\" decoding=\"async\" class=\"alignnone  wp-image-4488\" src=\"https:\/\/agora.xtec.cat\/ins-intermunicipal\/wp-content\/uploads\/usu2220\/2025\/03\/Screenshot-2025-03-26-11.25.16.png\" alt=\"\" width=\"162\" height=\"135\" \/><\/a><a href=\"https:\/\/agora.xtec.cat\/ins-intermunicipal\/wp-content\/uploads\/usu2220\/2025\/03\/Screenshot-2025-03-26-11.25.51.png\"><img loading=\"lazy\" decoding=\"async\" class=\"wp-image-4485 alignleft\" src=\"https:\/\/agora.xtec.cat\/ins-intermunicipal\/wp-content\/uploads\/usu2220\/2025\/03\/Screenshot-2025-03-26-11.25.51.png\" alt=\"\" width=\"262\" height=\"69\" \/><\/a><\/p>\n","protected":false},"excerpt":{"rendered":"<p>Els alumnes dels grups E i F de 4t d&#8217;ESO EF ens envien la seg\u00fcent nota referent al projecte Entorn de Natura per compartir-la amb tothom:<br \/>\nUn grup d\u2019alumnes de 4t d\u2019ESO de l\u2019Institut Intermunicipal del Pened\u00e8s hem iniciat la nostra participaci\u00f3 en el <a href=\"https:\/\/www.orenetes.cat\/\"&hellip;  <a href=\"https:\/\/agora.xtec.cat\/ins-intermunicipal\/general\/linstitut-intermunicipal-del-pendes-participa-en-el-projecte-orenetes\/\" title=\"Read L&#8217;Institut Intermunicipal del Pend\u00e8s participa en el Projecte Orenetes\">Llegeix m\u00e9s\u00bb<\/a><\/p>\n","protected":false},"author":7,"featured_media":4513,"comment_status":"closed","ping_status":"closed","sticky":false,"template":"","format":"standard","meta":{"_bbp_topic_count":0,"_bbp_reply_count":0,"_bbp_total_topic_count":0,"_bbp_total_reply_count":0,"_bbp_voice_count":0,"_bbp_anonymous_reply_count":0,"_bbp_topic_count_hidden":0,"_bbp_reply_count_hidden":0,"_bbp_forum_subforum_count":0,"footnotes":""},"categories":[7,3,1,29],"tags":[485,650],"class_list":["post-4509","post","type-post","status-publish","format-standard","has-post-thumbnail","hentry","category-4eso","category-eso","category-general","category-portada","tag-entorns-de-natura","tag-projecte-orenetes"],"post_mailing_queue_ids":[],"_links":{"self":[{"href":"https:\/\/agora.xtec.cat\/ins-intermunicipal\/wp-json\/wp\/v2\/posts\/4509","targetHints":{"allow":["GET"]}}],"collection":[{"href":"https:\/\/agora.xtec.cat\/ins-intermunicipal\/wp-json\/wp\/v2\/posts"}],"about":[{"href":"https:\/\/agora.xtec.cat\/ins-intermunicipal\/wp-json\/wp\/v2\/types\/post"}],"author":[{"embeddable":true,"href":"https:\/\/agora.xtec.cat\/ins-intermunicipal\/wp-json\/wp\/v2\/users\/7"}],"replies":[{"embeddable":true,"href":"https:\/\/agora.xtec.cat\/ins-intermunicipal\/wp-json\/wp\/v2\/comments?post=4509"}],"version-history":[{"count":2,"href":"https:\/\/agora.xtec.cat\/ins-intermunicipal\/wp-json\/wp\/v2\/posts\/4509\/revisions"}],"predecessor-version":[{"id":4514,"href":"https:\/\/agora.xtec.cat\/ins-intermunicipal\/wp-json\/wp\/v2\/posts\/4509\/revisions\/4514"}],"wp:featuredmedia":[{"embeddable":true,"href":"https:\/\/agora.xtec.cat\/ins-intermunicipal\/wp-json\/wp\/v2\/media\/4513"}],"wp:attachment":[{"href":"https:\/\/agora.xtec.cat\/ins-intermunicipal\/wp-json\/wp\/v2\/media?parent=4509"}],"wp:term":[{"taxonomy":"category","embeddable":true,"href":"https:\/\/agora.xtec.cat\/ins-intermunicipal\/wp-json\/wp\/v2\/categories?post=4509"},{"taxonomy":"post_tag","embeddable":true,"href":"https:\/\/agora.xtec.cat\/ins-intermunicipal\/wp-json\/wp\/v2\/tags?post=4509"}],"curies":[{"name":"wp","href":"https:\/\/api.w.org\/{rel}","templated":true}]}}