{"id":4499,"date":"2025-03-26T20:31:44","date_gmt":"2025-03-26T19:31:44","guid":{"rendered":"https:\/\/agora.xtec.cat\/ins-intermunicipal\/?p=4499"},"modified":"2025-03-26T20:33:47","modified_gmt":"2025-03-26T19:33:47","slug":"dinamiques-de-grup-al-casal-de-la-gent-gran-de-sant-sadurni-danoia","status":"publish","type":"post","link":"https:\/\/agora.xtec.cat\/ins-intermunicipal\/general\/dinamiques-de-grup-al-casal-de-la-gent-gran-de-sant-sadurni-danoia\/","title":{"rendered":"Din\u00e0miques de grup al Casal de la Gent Gran de Sant Sadurn\u00ed d&#8217;Anoia"},"content":{"rendered":"<p>L&#8217;alumnat del CFGM d&#8217;Atenci\u00f3 a Persones en Situaci\u00f3 de Depend\u00e8ncia de segon curs va despla\u00e7ar-se dilluns al Casal Municipal de la Gent Gran de Sant Sadurn\u00ed d&#8217;Anoia per posar en pr\u00e0ctica diferents activitats dissenyades dins del m\u00f2dul professional d&#8217;Atenci\u00f3 i Suport Psicosocial.<\/p>\n<p>Va ser una estona entretinguda on van poder posar en pr\u00e0ctica els diferents continguts impartits a l&#8217;aula. Tant els alumnes com els avis s&#8217;ho van passar d&#8217;all\u00f2 m\u00e9s b\u00e9.<br \/>\nRepetirem.<\/p>\n<p><a href=\"https:\/\/agora.xtec.cat\/ins-intermunicipal\/wp-content\/uploads\/usu2220\/2025\/03\/Imagen-de-WhatsApp-2025-03-24-a-las-16.59.51_aa93c758.jpg\"><img loading=\"lazy\" decoding=\"async\" class=\"alignnone size-large wp-image-4500\" src=\"https:\/\/agora.xtec.cat\/ins-intermunicipal\/wp-content\/uploads\/usu2220\/2025\/03\/Imagen-de-WhatsApp-2025-03-24-a-las-16.59.51_aa93c758-1024x768.jpg\" alt=\"\" width=\"1024\" height=\"768\" srcset=\"https:\/\/agora.xtec.cat\/ins-intermunicipal\/wp-content\/uploads\/usu2220\/2025\/03\/Imagen-de-WhatsApp-2025-03-24-a-las-16.59.51_aa93c758-1024x768.jpg 1024w, https:\/\/agora.xtec.cat\/ins-intermunicipal\/wp-content\/uploads\/usu2220\/2025\/03\/Imagen-de-WhatsApp-2025-03-24-a-las-16.59.51_aa93c758-300x225.jpg 300w, https:\/\/agora.xtec.cat\/ins-intermunicipal\/wp-content\/uploads\/usu2220\/2025\/03\/Imagen-de-WhatsApp-2025-03-24-a-las-16.59.51_aa93c758-768x576.jpg 768w, https:\/\/agora.xtec.cat\/ins-intermunicipal\/wp-content\/uploads\/usu2220\/2025\/03\/Imagen-de-WhatsApp-2025-03-24-a-las-16.59.51_aa93c758-1536x1152.jpg 1536w, https:\/\/agora.xtec.cat\/ins-intermunicipal\/wp-content\/uploads\/usu2220\/2025\/03\/Imagen-de-WhatsApp-2025-03-24-a-las-16.59.51_aa93c758-200x150.jpg 200w, https:\/\/agora.xtec.cat\/ins-intermunicipal\/wp-content\/uploads\/usu2220\/2025\/03\/Imagen-de-WhatsApp-2025-03-24-a-las-16.59.51_aa93c758.jpg 2000w\" sizes=\"auto, (max-width: 1024px) 100vw, 1024px\" \/><\/a> <a href=\"https:\/\/agora.xtec.cat\/ins-intermunicipal\/wp-content\/uploads\/usu2220\/2025\/03\/Imagen-de-WhatsApp-2025-03-24-a-las-16.59.51_9ccc8358.jpg\"><img loading=\"lazy\" decoding=\"async\" class=\"alignnone size-large wp-image-4501\" src=\"https:\/\/agora.xtec.cat\/ins-intermunicipal\/wp-content\/uploads\/usu2220\/2025\/03\/Imagen-de-WhatsApp-2025-03-24-a-las-16.59.51_9ccc8358-768x1024.jpg\" alt=\"\" width=\"768\" height=\"1024\" srcset=\"https:\/\/agora.xtec.cat\/ins-intermunicipal\/wp-content\/uploads\/usu2220\/2025\/03\/Imagen-de-WhatsApp-2025-03-24-a-las-16.59.51_9ccc8358-768x1024.jpg 768w, https:\/\/agora.xtec.cat\/ins-intermunicipal\/wp-content\/uploads\/usu2220\/2025\/03\/Imagen-de-WhatsApp-2025-03-24-a-las-16.59.51_9ccc8358-225x300.jpg 225w, https:\/\/agora.xtec.cat\/ins-intermunicipal\/wp-content\/uploads\/usu2220\/2025\/03\/Imagen-de-WhatsApp-2025-03-24-a-las-16.59.51_9ccc8358-1152x1536.jpg 1152w, https:\/\/agora.xtec.cat\/ins-intermunicipal\/wp-content\/uploads\/usu2220\/2025\/03\/Imagen-de-WhatsApp-2025-03-24-a-las-16.59.51_9ccc8358.jpg 1500w\" sizes=\"auto, (max-width: 768px) 100vw, 768px\" \/><\/a> <a href=\"https:\/\/agora.xtec.cat\/ins-intermunicipal\/wp-content\/uploads\/usu2220\/2025\/03\/Imagen-de-WhatsApp-2025-03-24-a-las-16.59.50_2d5e0bd9.jpg\"><img loading=\"lazy\" decoding=\"async\" class=\"alignnone size-large wp-image-4502\" src=\"https:\/\/agora.xtec.cat\/ins-intermunicipal\/wp-content\/uploads\/usu2220\/2025\/03\/Imagen-de-WhatsApp-2025-03-24-a-las-16.59.50_2d5e0bd9-768x1024.jpg\" alt=\"\" width=\"768\" height=\"1024\" srcset=\"https:\/\/agora.xtec.cat\/ins-intermunicipal\/wp-content\/uploads\/usu2220\/2025\/03\/Imagen-de-WhatsApp-2025-03-24-a-las-16.59.50_2d5e0bd9-768x1024.jpg 768w, https:\/\/agora.xtec.cat\/ins-intermunicipal\/wp-content\/uploads\/usu2220\/2025\/03\/Imagen-de-WhatsApp-2025-03-24-a-las-16.59.50_2d5e0bd9-225x300.jpg 225w, https:\/\/agora.xtec.cat\/ins-intermunicipal\/wp-content\/uploads\/usu2220\/2025\/03\/Imagen-de-WhatsApp-2025-03-24-a-las-16.59.50_2d5e0bd9-1152x1536.jpg 1152w, https:\/\/agora.xtec.cat\/ins-intermunicipal\/wp-content\/uploads\/usu2220\/2025\/03\/Imagen-de-WhatsApp-2025-03-24-a-las-16.59.50_2d5e0bd9.jpg 1500w\" sizes=\"auto, (max-width: 768px) 100vw, 768px\" \/><\/a> <a href=\"https:\/\/agora.xtec.cat\/ins-intermunicipal\/wp-content\/uploads\/usu2220\/2025\/03\/Imagen-de-WhatsApp-2025-03-24-a-las-16.59.50_8227d663.jpg\"><img loading=\"lazy\" decoding=\"async\" class=\"alignnone size-large wp-image-4503\" src=\"https:\/\/agora.xtec.cat\/ins-intermunicipal\/wp-content\/uploads\/usu2220\/2025\/03\/Imagen-de-WhatsApp-2025-03-24-a-las-16.59.50_8227d663-768x1024.jpg\" alt=\"\" width=\"768\" height=\"1024\" srcset=\"https:\/\/agora.xtec.cat\/ins-intermunicipal\/wp-content\/uploads\/usu2220\/2025\/03\/Imagen-de-WhatsApp-2025-03-24-a-las-16.59.50_8227d663-768x1024.jpg 768w, https:\/\/agora.xtec.cat\/ins-intermunicipal\/wp-content\/uploads\/usu2220\/2025\/03\/Imagen-de-WhatsApp-2025-03-24-a-las-16.59.50_8227d663-225x300.jpg 225w, https:\/\/agora.xtec.cat\/ins-intermunicipal\/wp-content\/uploads\/usu2220\/2025\/03\/Imagen-de-WhatsApp-2025-03-24-a-las-16.59.50_8227d663-1152x1536.jpg 1152w, https:\/\/agora.xtec.cat\/ins-intermunicipal\/wp-content\/uploads\/usu2220\/2025\/03\/Imagen-de-WhatsApp-2025-03-24-a-las-16.59.50_8227d663.jpg 1500w\" sizes=\"auto, (max-width: 768px) 100vw, 768px\" \/><\/a> <a href=\"https:\/\/agora.xtec.cat\/ins-intermunicipal\/wp-content\/uploads\/usu2220\/2025\/03\/Imagen-de-WhatsApp-2025-03-24-a-las-16.59.50_db2360dc.jpg\"><img loading=\"lazy\" decoding=\"async\" class=\"alignnone size-large wp-image-4504\" src=\"https:\/\/agora.xtec.cat\/ins-intermunicipal\/wp-content\/uploads\/usu2220\/2025\/03\/Imagen-de-WhatsApp-2025-03-24-a-las-16.59.50_db2360dc-1024x768.jpg\" alt=\"\" width=\"1024\" height=\"768\" srcset=\"https:\/\/agora.xtec.cat\/ins-intermunicipal\/wp-content\/uploads\/usu2220\/2025\/03\/Imagen-de-WhatsApp-2025-03-24-a-las-16.59.50_db2360dc-1024x768.jpg 1024w, https:\/\/agora.xtec.cat\/ins-intermunicipal\/wp-content\/uploads\/usu2220\/2025\/03\/Imagen-de-WhatsApp-2025-03-24-a-las-16.59.50_db2360dc-300x225.jpg 300w, https:\/\/agora.xtec.cat\/ins-intermunicipal\/wp-content\/uploads\/usu2220\/2025\/03\/Imagen-de-WhatsApp-2025-03-24-a-las-16.59.50_db2360dc-768x576.jpg 768w, https:\/\/agora.xtec.cat\/ins-intermunicipal\/wp-content\/uploads\/usu2220\/2025\/03\/Imagen-de-WhatsApp-2025-03-24-a-las-16.59.50_db2360dc-1536x1152.jpg 1536w, https:\/\/agora.xtec.cat\/ins-intermunicipal\/wp-content\/uploads\/usu2220\/2025\/03\/Imagen-de-WhatsApp-2025-03-24-a-las-16.59.50_db2360dc-200x150.jpg 200w, https:\/\/agora.xtec.cat\/ins-intermunicipal\/wp-content\/uploads\/usu2220\/2025\/03\/Imagen-de-WhatsApp-2025-03-24-a-las-16.59.50_db2360dc.jpg 2000w\" sizes=\"auto, (max-width: 1024px) 100vw, 1024px\" \/><\/a> <a href=\"https:\/\/agora.xtec.cat\/ins-intermunicipal\/wp-content\/uploads\/usu2220\/2025\/03\/Imagen-de-WhatsApp-2025-03-24-a-las-16.59.51_2f1c4030.jpg\"><img loading=\"lazy\" decoding=\"async\" class=\"alignnone size-large wp-image-4505\" src=\"https:\/\/agora.xtec.cat\/ins-intermunicipal\/wp-content\/uploads\/usu2220\/2025\/03\/Imagen-de-WhatsApp-2025-03-24-a-las-16.59.51_2f1c4030-768x1024.jpg\" alt=\"\" width=\"768\" height=\"1024\" srcset=\"https:\/\/agora.xtec.cat\/ins-intermunicipal\/wp-content\/uploads\/usu2220\/2025\/03\/Imagen-de-WhatsApp-2025-03-24-a-las-16.59.51_2f1c4030-768x1024.jpg 768w, https:\/\/agora.xtec.cat\/ins-intermunicipal\/wp-content\/uploads\/usu2220\/2025\/03\/Imagen-de-WhatsApp-2025-03-24-a-las-16.59.51_2f1c4030-225x300.jpg 225w, https:\/\/agora.xtec.cat\/ins-intermunicipal\/wp-content\/uploads\/usu2220\/2025\/03\/Imagen-de-WhatsApp-2025-03-24-a-las-16.59.51_2f1c4030-1152x1536.jpg 1152w, https:\/\/agora.xtec.cat\/ins-intermunicipal\/wp-content\/uploads\/usu2220\/2025\/03\/Imagen-de-WhatsApp-2025-03-24-a-las-16.59.51_2f1c4030.jpg 1500w\" sizes=\"auto, (max-width: 768px) 100vw, 768px\" \/><\/a><\/p>\n<div style=\"width: 848px;\" class=\"wp-video\"><!--[if lt IE 9]><script>document.createElement('video');<\/script><![endif]-->\n<video class=\"wp-video-shortcode\" id=\"video-4499-1\" width=\"848\" height=\"478\" preload=\"metadata\" controls=\"controls\"><source type=\"video\/mp4\" src=\"https:\/\/agora.xtec.cat\/ins-intermunicipal\/wp-content\/uploads\/usu2220\/2025\/03\/Video-de-WhatsApp-2025-03-24-a-las-17.16.43_8707668d.mp4?_=1\" \/><a href=\"https:\/\/agora.xtec.cat\/ins-intermunicipal\/wp-content\/uploads\/usu2220\/2025\/03\/Video-de-WhatsApp-2025-03-24-a-las-17.16.43_8707668d.mp4\">https:\/\/agora.xtec.cat\/ins-intermunicipal\/wp-content\/uploads\/usu2220\/2025\/03\/Video-de-WhatsApp-2025-03-24-a-las-17.16.43_8707668d.mp4<\/a><\/video><\/div>\n","protected":false},"excerpt":{"rendered":"<p>L&#8217;alumnat del CFGM d&#8217;Atenci\u00f3 a Persones en Situaci\u00f3 de Depend\u00e8ncia de segon curs va despla\u00e7ar-se dilluns al Casal Municipal de la Gent Gran de Sant Sadurn\u00ed d&#8217;Anoia per posar en pr\u00e0ctica diferents activitats dissenyades dins del m\u00f2dul professional d&#8217;Atenci\u00f3 i Suport Psicosocial.<br \/>\nVa ser una estona&hellip;  <a href=\"https:\/\/agora.xtec.cat\/ins-intermunicipal\/general\/dinamiques-de-grup-al-casal-de-la-gent-gran-de-sant-sadurni-danoia\/\" title=\"Read Din\u00e0miques de grup al Casal de la Gent Gran de Sant Sadurn\u00ed d&#8217;Anoia\">Llegeix m\u00e9s\u00bb<\/a><\/p>\n","protected":false},"author":8,"featured_media":4504,"comment_status":"closed","ping_status":"closed","sticky":false,"template":"","format":"standard","meta":{"_bbp_topic_count":0,"_bbp_reply_count":0,"_bbp_total_topic_count":0,"_bbp_total_reply_count":0,"_bbp_voice_count":0,"_bbp_anonymous_reply_count":0,"_bbp_topic_count_hidden":0,"_bbp_reply_count_hidden":0,"_bbp_forum_subforum_count":0,"footnotes":""},"categories":[30,1,29],"tags":[],"class_list":["post-4499","post","type-post","status-publish","format-standard","has-post-thumbnail","hentry","category-formacio-professional","category-general","category-portada"],"post_mailing_queue_ids":[],"_links":{"self":[{"href":"https:\/\/agora.xtec.cat\/ins-intermunicipal\/wp-json\/wp\/v2\/posts\/4499","targetHints":{"allow":["GET"]}}],"collection":[{"href":"https:\/\/agora.xtec.cat\/ins-intermunicipal\/wp-json\/wp\/v2\/posts"}],"about":[{"href":"https:\/\/agora.xtec.cat\/ins-intermunicipal\/wp-json\/wp\/v2\/types\/post"}],"author":[{"embeddable":true,"href":"https:\/\/agora.xtec.cat\/ins-intermunicipal\/wp-json\/wp\/v2\/users\/8"}],"replies":[{"embeddable":true,"href":"https:\/\/agora.xtec.cat\/ins-intermunicipal\/wp-json\/wp\/v2\/comments?post=4499"}],"version-history":[{"count":2,"href":"https:\/\/agora.xtec.cat\/ins-intermunicipal\/wp-json\/wp\/v2\/posts\/4499\/revisions"}],"predecessor-version":[{"id":4508,"href":"https:\/\/agora.xtec.cat\/ins-intermunicipal\/wp-json\/wp\/v2\/posts\/4499\/revisions\/4508"}],"wp:featuredmedia":[{"embeddable":true,"href":"https:\/\/agora.xtec.cat\/ins-intermunicipal\/wp-json\/wp\/v2\/media\/4504"}],"wp:attachment":[{"href":"https:\/\/agora.xtec.cat\/ins-intermunicipal\/wp-json\/wp\/v2\/media?parent=4499"}],"wp:term":[{"taxonomy":"category","embeddable":true,"href":"https:\/\/agora.xtec.cat\/ins-intermunicipal\/wp-json\/wp\/v2\/categories?post=4499"},{"taxonomy":"post_tag","embeddable":true,"href":"https:\/\/agora.xtec.cat\/ins-intermunicipal\/wp-json\/wp\/v2\/tags?post=4499"}],"curies":[{"name":"wp","href":"https:\/\/api.w.org\/{rel}","templated":true}]}}