{"id":4494,"date":"2025-03-26T13:50:04","date_gmt":"2025-03-26T12:50:04","guid":{"rendered":"https:\/\/agora.xtec.cat\/ins-intermunicipal\/?p=4494"},"modified":"2025-03-26T13:50:04","modified_gmt":"2025-03-26T12:50:04","slug":"acte-de-portes-obertes-de-batxillerat","status":"publish","type":"post","link":"https:\/\/agora.xtec.cat\/ins-intermunicipal\/general\/acte-de-portes-obertes-de-batxillerat\/","title":{"rendered":"Acte de Portes Obertes de Batxillerat"},"content":{"rendered":"<p style=\"text-align: justify;\"><span style=\"font-family: Arial, sans-serif;\"><span style=\"color: #222222;\"><span style=\"font-size: medium;\">Ahir, dia 25 de mar\u00e7, <\/span><\/span><span style=\"color: #222222;\"><span style=\"font-size: medium;\">entre les 6 de la tarda i dos quarts de 9 del vespre<\/span><\/span><span style=\"color: #222222;\"><span style=\"font-size: medium;\"> es va <\/span><\/span><span style=\"color: #222222;\"><span style=\"font-size: medium;\">fer<\/span><\/span><span style=\"color: #222222;\"><span style=\"font-size: medium;\"> l\u2019<\/span><\/span><span style=\"color: #222222;\"><span style=\"font-size: medium;\">acte de<\/span><\/span><span style=\"color: #222222;\"><span style=\"font-size: medium;\"> Portes Obertes de Batxillerat del <\/span><\/span><span style=\"color: #222222;\"><span style=\"font-size: medium;\">nostre institut. Aix\u00ed, vam donar a con\u00e8ixer<\/span><\/span><span style=\"color: #222222;\"><span style=\"font-size: medium;\"> la informaci\u00f3 que les fam\u00edlies necessiten tenir per a poder<\/span><\/span><span style=\"color: #222222;\"><span style=\"font-size: medium;\">\u00a0triar centre educatiu<\/span><\/span><span style=\"color: #222222;\"><span style=\"font-size: medium;\"> per als seus fills i filles pel curs vinent, 2025-2<\/span><\/span><span style=\"color: #222222;\"><span style=\"font-size: medium;\">02<\/span><\/span><span style=\"color: #222222;\"><span style=\"font-size: medium;\">6.<\/span><\/span><\/p>\n<p><span style=\"color: #222222;\"><span style=\"font-size: medium;\"> <a href=\"https:\/\/agora.xtec.cat\/ins-intermunicipal\/wp-content\/uploads\/usu2220\/2025\/03\/PHOTO-2025-03-26-11-26-08.jpg\"><img loading=\"lazy\" decoding=\"async\" class=\" wp-image-4497 alignleft\" src=\"https:\/\/agora.xtec.cat\/ins-intermunicipal\/wp-content\/uploads\/usu2220\/2025\/03\/PHOTO-2025-03-26-11-26-08-300x135.jpg\" alt=\"\" width=\"451\" height=\"203\" srcset=\"https:\/\/agora.xtec.cat\/ins-intermunicipal\/wp-content\/uploads\/usu2220\/2025\/03\/PHOTO-2025-03-26-11-26-08-300x135.jpg 300w, https:\/\/agora.xtec.cat\/ins-intermunicipal\/wp-content\/uploads\/usu2220\/2025\/03\/PHOTO-2025-03-26-11-26-08-1024x461.jpg 1024w, https:\/\/agora.xtec.cat\/ins-intermunicipal\/wp-content\/uploads\/usu2220\/2025\/03\/PHOTO-2025-03-26-11-26-08-768x346.jpg 768w, https:\/\/agora.xtec.cat\/ins-intermunicipal\/wp-content\/uploads\/usu2220\/2025\/03\/PHOTO-2025-03-26-11-26-08-1536x691.jpg 1536w, https:\/\/agora.xtec.cat\/ins-intermunicipal\/wp-content\/uploads\/usu2220\/2025\/03\/PHOTO-2025-03-26-11-26-08.jpg 1600w\" sizes=\"auto, (max-width: 451px) 100vw, 451px\" \/><\/a>Hi van assistir 1<\/span><\/span><span style=\"font-size: medium;\">30<\/span><span style=\"color: #222222;\"><span style=\"font-size: medium;\"> persones<\/span><\/span><span style=\"font-size: medium;\"> que van participar en la<\/span><span style=\"color: #222222;\"><span style=\"font-size: medium;\">\u00a0xerrada <\/span><\/span><span style=\"font-size: medium;\">i,<\/span> <span style=\"color: #222222;\"><span style=\"font-size: medium;\">despr\u00e9s, van <\/span><\/span><span style=\"color: #222222;\"><span style=\"font-size: medium;\">visita<\/span><\/span><span style=\"color: #222222;\"><span style=\"font-size: medium;\">r<\/span><\/span><span style=\"color: #222222;\"><span style=\"font-size: medium;\"> les instal\u00b7lacions del centre guiad<\/span><\/span><span style=\"color: #222222;\"><span style=\"font-size: medium;\">es<\/span><\/span><span style=\"color: #222222;\"><span style=\"font-size: medium;\"> per alumnat del centre de<\/span><\/span><span style=\"color: #222222;\"><span style=\"font-size: medium;\">ls dos cursos<\/span><\/span><span style=\"font-size: medium;\"> de Batxillerat<\/span><span style=\"color: #222222;\"><span style=\"font-size: medium;\">. Es van poder visitar diversos espais del centre com la Biblioteca, els tallers, els laboratoris <\/span><\/span><span style=\"color: #222222;\"><span style=\"font-size: medium;\">i <\/span><\/span><span style=\"color: #222222;\"><span style=\"font-size: medium;\">l&#8217;Aula CreActiva <\/span><\/span><span style=\"color: #222222;\"><span style=\"font-size: medium;\">entre<\/span><\/span><span style=\"color: #222222;\"><span style=\"font-size: medium;\"> d\u2019altres.<\/span><\/span><\/p>\n<p><span style=\"color: #222222;\"><span style=\"font-size: medium;\">Agra\u00efm l&#8217;assist\u00e8ncia de tothom: fam\u00edlies, professorat de Batxillerat que ens va ajudar en la preparaci\u00f3 i desenvolupament de la jornada i alumnat que va <\/span><\/span><span style=\"color: #222222;\"><span style=\"font-size: medium;\">guiar<\/span><\/span><span style=\"color: #222222;\"><span style=\"font-size: medium;\"> les visites. Tamb\u00e9 <\/span><\/span><span style=\"color: #222222;\"><span style=\"font-size: medium;\">donem les gr\u00e0cies al personal de<\/span><\/span><span style=\"color: #222222;\"><span style=\"font-size: medium;\"> consergeria i al de neteja.<\/span><\/span><br \/>\n<\/span><\/p>\n<p style=\"text-align: justify;\"><span style=\"font-family: Arial, sans-serif;\">En <a href=\"https:\/\/drive.google.com\/file\/d\/1sdEK-8VgqNmbrvPDu09kNr6pgseK5GjJ\/view\" target=\"_blank\" rel=\"noopener\">aquest enlla\u00e7<\/a> podeu recuperar<span style=\"color: #222222;\"><span style=\"font-size: medium;\"> la presentaci\u00f3 que vam fer servir <\/span><\/span><span style=\"color: #222222;\"><span style=\"font-size: medium;\">durant<\/span><\/span><span style=\"color: #222222;\"><span style=\"font-size: medium;\"> la xerrada introduct\u00f2ria a la visita. <\/span><\/span><span style=\"color: #222222;\"><span style=\"font-size: medium;\">Tamb\u00e9 podeu accedir al<a href=\"https:\/\/docs.google.com\/forms\/d\/e\/1FAIpQLScUMJO8wsXJlAjURoMo2myM0tQDqXbvDkapnWFB2WHZGCjSvg\/viewform\" target=\"_blank\" rel=\"noopener\"> formulari de tria de mat\u00e8ries optatives<\/a>, <\/span><\/span><span style=\"color: #222222;\"><span style=\"font-size: medium;\">recordeu que cal omplir-lo abans del dia 6 d\u2019abril. <\/span><\/span><\/span><\/p>\n<p style=\"text-align: justify;\"><span style=\"font-family: Arial, sans-serif;\">M<span style=\"color: #222222;\"><span style=\"font-size: medium;\">oltes gr\u00e0cies a t<\/span><\/span><span style=\"color: #222222;\"><span style=\"font-size: medium;\">othom!<\/span><\/span><span style=\"color: #222222;\"><span style=\"font-size: medium;\">, <\/span><\/span><span style=\"color: #222222;\"><span style=\"font-size: medium;\">sou qui feu gran l\u2019\u00cdnter!<\/span><\/span> <\/span><\/p>\n","protected":false},"excerpt":{"rendered":"<p>Ahir, dia 25 de mar\u00e7, entre les 6 de la tarda i dos quarts de 9 del vespre es va fer l\u2019acte de Portes Obertes de Batxillerat del nostre institut. Aix\u00ed, vam donar a con\u00e8ixer la informaci\u00f3 que les fam\u00edlies necessiten tenir per a poder\u00a0triar&hellip;  <a href=\"https:\/\/agora.xtec.cat\/ins-intermunicipal\/general\/acte-de-portes-obertes-de-batxillerat\/\" title=\"Read Acte de Portes Obertes de Batxillerat\">Llegeix m\u00e9s\u00bb<\/a><\/p>\n","protected":false},"author":7,"featured_media":4496,"comment_status":"closed","ping_status":"closed","sticky":false,"template":"","format":"standard","meta":{"_bbp_topic_count":0,"_bbp_reply_count":0,"_bbp_total_topic_count":0,"_bbp_total_reply_count":0,"_bbp_voice_count":0,"_bbp_anonymous_reply_count":0,"_bbp_topic_count_hidden":0,"_bbp_reply_count_hidden":0,"_bbp_forum_subforum_count":0,"footnotes":""},"categories":[8,1,29],"tags":[170,169],"class_list":["post-4494","post","type-post","status-publish","format-standard","has-post-thumbnail","hentry","category-bat","category-general","category-portada","tag-batxillerat","tag-portes-obertes"],"post_mailing_queue_ids":[],"_links":{"self":[{"href":"https:\/\/agora.xtec.cat\/ins-intermunicipal\/wp-json\/wp\/v2\/posts\/4494","targetHints":{"allow":["GET"]}}],"collection":[{"href":"https:\/\/agora.xtec.cat\/ins-intermunicipal\/wp-json\/wp\/v2\/posts"}],"about":[{"href":"https:\/\/agora.xtec.cat\/ins-intermunicipal\/wp-json\/wp\/v2\/types\/post"}],"author":[{"embeddable":true,"href":"https:\/\/agora.xtec.cat\/ins-intermunicipal\/wp-json\/wp\/v2\/users\/7"}],"replies":[{"embeddable":true,"href":"https:\/\/agora.xtec.cat\/ins-intermunicipal\/wp-json\/wp\/v2\/comments?post=4494"}],"version-history":[{"count":2,"href":"https:\/\/agora.xtec.cat\/ins-intermunicipal\/wp-json\/wp\/v2\/posts\/4494\/revisions"}],"predecessor-version":[{"id":4498,"href":"https:\/\/agora.xtec.cat\/ins-intermunicipal\/wp-json\/wp\/v2\/posts\/4494\/revisions\/4498"}],"wp:featuredmedia":[{"embeddable":true,"href":"https:\/\/agora.xtec.cat\/ins-intermunicipal\/wp-json\/wp\/v2\/media\/4496"}],"wp:attachment":[{"href":"https:\/\/agora.xtec.cat\/ins-intermunicipal\/wp-json\/wp\/v2\/media?parent=4494"}],"wp:term":[{"taxonomy":"category","embeddable":true,"href":"https:\/\/agora.xtec.cat\/ins-intermunicipal\/wp-json\/wp\/v2\/categories?post=4494"},{"taxonomy":"post_tag","embeddable":true,"href":"https:\/\/agora.xtec.cat\/ins-intermunicipal\/wp-json\/wp\/v2\/tags?post=4494"}],"curies":[{"name":"wp","href":"https:\/\/api.w.org\/{rel}","templated":true}]}}