{"id":4436,"date":"2025-03-21T13:39:53","date_gmt":"2025-03-21T12:39:53","guid":{"rendered":"https:\/\/agora.xtec.cat\/ins-intermunicipal\/?p=4436"},"modified":"2025-03-21T13:39:53","modified_gmt":"2025-03-21T12:39:53","slug":"linter-participa-a-la-prova-cangur-2025","status":"publish","type":"post","link":"https:\/\/agora.xtec.cat\/ins-intermunicipal\/general\/linter-participa-a-la-prova-cangur-2025\/","title":{"rendered":"L&#8217;\u00cdnter participa a la Prova Cangur 2025"},"content":{"rendered":"<p align=\"justify\"><span style=\"color: #222222;\"><span style=\"font-family: Arial, sans-serif;\"><span style=\"font-size: medium;\">Ahir, 20 de mar\u00e7, a l&#8217;Institut Intermunicipal del Pened\u00e8s vam celebrar la 30a edici\u00f3 de la <a href=\"https:\/\/scm.iec.cat\/concurs-presencial\/cangur\/\" target=\"_blank\" rel=\"noopener\">Prova Cangur.<\/a> Aquesta prova que es fa a escala internacional i en la qual la participaci\u00f3 \u00e9s volunt\u00e0ria, \u00e9s una activitat matem\u00e0tica anual, amb el format de concurs individual, promoguda per l\u2019associaci\u00f3 internacional <b>Le Kangourou sans Fronti\u00e8res<\/b>, que es marca com a objectiu la promoci\u00f3 de les matem\u00e0tiques entre la gent jove i la mainada, mitjan\u00e7ant una participaci\u00f3 massiva en una activitat cient\u00edfica, sense intentar fer cap selecci\u00f3 ni comparaci\u00f3 entre centres ni entre zones geogr\u00e0fiques.<\/span><\/span><\/span><\/p>\n<p align=\"justify\"><span style=\"color: #222222;\"><span style=\"font-family: Arial, sans-serif;\"><span style=\"font-size: medium;\">Al nostre centre s\u2019hi van presentar 165 alumnes que van gaudir d&#8217;una estona amb les matem\u00e0tiques. El grup m\u00e9s nombr\u00f3s el formaven els alumnes de 3r d&#8217;ESO amb una participaci\u00f3 de 60 nois i noies. La Jornada es va celebrar amb normalitat, i des del departament de matem\u00e0tiques estem contents de poder celebrar cada any la Prova Cangur amb un nombre tan elevat de participants.<\/span><\/span><\/span><\/p>\n<p align=\"justify\"><a href=\"https:\/\/agora.xtec.cat\/ins-intermunicipal\/wp-content\/uploads\/usu2220\/2025\/03\/20250320_093532.jpg\"><img loading=\"lazy\" decoding=\"async\" class=\"alignnone  wp-image-4438\" src=\"https:\/\/agora.xtec.cat\/ins-intermunicipal\/wp-content\/uploads\/usu2220\/2025\/03\/20250320_093532-300x135.jpg\" alt=\"\" width=\"431\" height=\"194\" srcset=\"https:\/\/agora.xtec.cat\/ins-intermunicipal\/wp-content\/uploads\/usu2220\/2025\/03\/20250320_093532-300x135.jpg 300w, https:\/\/agora.xtec.cat\/ins-intermunicipal\/wp-content\/uploads\/usu2220\/2025\/03\/20250320_093532-768x346.jpg 768w, https:\/\/agora.xtec.cat\/ins-intermunicipal\/wp-content\/uploads\/usu2220\/2025\/03\/20250320_093532.jpg 900w\" sizes=\"auto, (max-width: 431px) 100vw, 431px\" \/><\/a> <a href=\"https:\/\/agora.xtec.cat\/ins-intermunicipal\/wp-content\/uploads\/usu2220\/2025\/03\/IMG-20250320-WA0002.jpg\"><img loading=\"lazy\" decoding=\"async\" class=\"alignnone  wp-image-4439\" src=\"https:\/\/agora.xtec.cat\/ins-intermunicipal\/wp-content\/uploads\/usu2220\/2025\/03\/IMG-20250320-WA0002-300x135.jpg\" alt=\"\" width=\"429\" height=\"193\" srcset=\"https:\/\/agora.xtec.cat\/ins-intermunicipal\/wp-content\/uploads\/usu2220\/2025\/03\/IMG-20250320-WA0002-300x135.jpg 300w, https:\/\/agora.xtec.cat\/ins-intermunicipal\/wp-content\/uploads\/usu2220\/2025\/03\/IMG-20250320-WA0002-768x346.jpg 768w, https:\/\/agora.xtec.cat\/ins-intermunicipal\/wp-content\/uploads\/usu2220\/2025\/03\/IMG-20250320-WA0002.jpg 900w\" sizes=\"auto, (max-width: 429px) 100vw, 429px\" \/><\/a><\/p>\n","protected":false},"excerpt":{"rendered":"<p>Ahir, 20 de mar\u00e7, a l&#8217;Institut Intermunicipal del Pened\u00e8s vam celebrar la 30a edici\u00f3 de la <a href=\"https:\/\/scm.iec.cat\/concurs-presencial\/cangur\/\" target=\"_blank\" rel=\"noopener\">Prova Cangur.<\/a> Aquesta prova que es fa a escala internacional i en la qual la participaci\u00f3 \u00e9s volunt\u00e0ria, \u00e9s una activitat matem\u00e0tica anual, amb el format&hellip;  <a href=\"https:\/\/agora.xtec.cat\/ins-intermunicipal\/general\/linter-participa-a-la-prova-cangur-2025\/\" title=\"Read L&#8217;\u00cdnter participa a la Prova Cangur 2025\">Llegeix m\u00e9s\u00bb<\/a><\/p>\n","protected":false},"author":7,"featured_media":4438,"comment_status":"closed","ping_status":"closed","sticky":false,"template":"","format":"standard","meta":{"_bbp_topic_count":0,"_bbp_reply_count":0,"_bbp_total_topic_count":0,"_bbp_total_reply_count":0,"_bbp_voice_count":0,"_bbp_anonymous_reply_count":0,"_bbp_topic_count_hidden":0,"_bbp_reply_count_hidden":0,"_bbp_forum_subforum_count":0,"footnotes":""},"categories":[8,3,1,29],"tags":[41,423],"class_list":["post-4436","post","type-post","status-publish","format-standard","has-post-thumbnail","hentry","category-bat","category-eso","category-general","category-portada","tag-matematiques","tag-prova-cangur"],"post_mailing_queue_ids":[],"_links":{"self":[{"href":"https:\/\/agora.xtec.cat\/ins-intermunicipal\/wp-json\/wp\/v2\/posts\/4436","targetHints":{"allow":["GET"]}}],"collection":[{"href":"https:\/\/agora.xtec.cat\/ins-intermunicipal\/wp-json\/wp\/v2\/posts"}],"about":[{"href":"https:\/\/agora.xtec.cat\/ins-intermunicipal\/wp-json\/wp\/v2\/types\/post"}],"author":[{"embeddable":true,"href":"https:\/\/agora.xtec.cat\/ins-intermunicipal\/wp-json\/wp\/v2\/users\/7"}],"replies":[{"embeddable":true,"href":"https:\/\/agora.xtec.cat\/ins-intermunicipal\/wp-json\/wp\/v2\/comments?post=4436"}],"version-history":[{"count":2,"href":"https:\/\/agora.xtec.cat\/ins-intermunicipal\/wp-json\/wp\/v2\/posts\/4436\/revisions"}],"predecessor-version":[{"id":4440,"href":"https:\/\/agora.xtec.cat\/ins-intermunicipal\/wp-json\/wp\/v2\/posts\/4436\/revisions\/4440"}],"wp:featuredmedia":[{"embeddable":true,"href":"https:\/\/agora.xtec.cat\/ins-intermunicipal\/wp-json\/wp\/v2\/media\/4438"}],"wp:attachment":[{"href":"https:\/\/agora.xtec.cat\/ins-intermunicipal\/wp-json\/wp\/v2\/media?parent=4436"}],"wp:term":[{"taxonomy":"category","embeddable":true,"href":"https:\/\/agora.xtec.cat\/ins-intermunicipal\/wp-json\/wp\/v2\/categories?post=4436"},{"taxonomy":"post_tag","embeddable":true,"href":"https:\/\/agora.xtec.cat\/ins-intermunicipal\/wp-json\/wp\/v2\/tags?post=4436"}],"curies":[{"name":"wp","href":"https:\/\/api.w.org\/{rel}","templated":true}]}}