{"id":4415,"date":"2025-03-20T20:15:25","date_gmt":"2025-03-20T19:15:25","guid":{"rendered":"https:\/\/agora.xtec.cat\/ins-intermunicipal\/?p=4415"},"modified":"2025-03-21T13:49:35","modified_gmt":"2025-03-21T12:49:35","slug":"21-de-marc-dia-mundial-de-la-poesia","status":"publish","type":"post","link":"https:\/\/agora.xtec.cat\/ins-intermunicipal\/general\/21-de-marc-dia-mundial-de-la-poesia\/","title":{"rendered":"21 de mar\u00e7, Dia Mundial de la Poesia"},"content":{"rendered":"<p>La Unesco va declarar el dia 21 de mar\u00e7 <strong>Dia Mundial de la Poesia<\/strong>. Per celebrar-ho, la Instituci\u00f3 de les Lletres Catalanes \u2014amb la col\u00b7laboraci\u00f3 de diverses entitats p\u00fabliques i privades\u2014 celebra una gran festa de la paraula i les lletres i fomenta tot un seguit d\u2019iniciatives, presencials i tamb\u00e9 a trav\u00e9s de la xarxa, arreu dels territoris de parla catalana. Cada any es fa la tria d&#8217;un poema que es tradueix a nombroses lleng\u00fces, mostrant la riquesa mundial de la poesia en un joc de tornaveu po\u00e8tic de gran extensi\u00f3 territorial (amb celebraci\u00f3 des d\u2019Alacant a l\u2019Alguer, i des de la Franja a Puigcerd\u00e0). Enguany, coincidint amb l&#8217;Any Llompart, el poema triat \u00e9s <a href=\"https:\/\/youtu.be\/OlPwBUHf0uA?si=Aj5bfnh28O9UPhKd\" target=\"_blank\" rel=\"noopener\">Desamor<\/a> del poeta <a href=\"https:\/\/cultura.gencat.cat\/ca\/ilc\/que-fem\/programes\/dia-mundial-de-la-poesia\/dmp-2025\/index.html\" target=\"_blank\" rel=\"noopener\">Josep M. Llompart.<\/a><\/p>\n<p>Al nostre institut tamb\u00e9 ho celebrem i per aix\u00f2, durant aquesta setmana els nostres alumnes han omplert les parets del centre de cartells on hi han transcrit tot de poemes que pr\u00e8viament han llegit. Aqu\u00ed en teniu algun exemple:<\/p>\n<p><a href=\"https:\/\/agora.xtec.cat\/ins-intermunicipal\/wp-content\/uploads\/usu2220\/2025\/03\/IMG_2219.jpg\"><img loading=\"lazy\" decoding=\"async\" class=\"alignnone  wp-image-4443\" src=\"https:\/\/agora.xtec.cat\/ins-intermunicipal\/wp-content\/uploads\/usu2220\/2025\/03\/IMG_2219-300x178.jpg\" alt=\"\" width=\"503\" height=\"298\" srcset=\"https:\/\/agora.xtec.cat\/ins-intermunicipal\/wp-content\/uploads\/usu2220\/2025\/03\/IMG_2219-300x178.jpg 300w, https:\/\/agora.xtec.cat\/ins-intermunicipal\/wp-content\/uploads\/usu2220\/2025\/03\/IMG_2219.jpg 640w\" sizes=\"auto, (max-width: 503px) 100vw, 503px\" \/><\/a> <a href=\"https:\/\/agora.xtec.cat\/ins-intermunicipal\/wp-content\/uploads\/usu2220\/2025\/03\/IMG_2223-rotated.jpg\"><img loading=\"lazy\" decoding=\"async\" class=\"alignnone size-medium wp-image-4444\" src=\"https:\/\/agora.xtec.cat\/ins-intermunicipal\/wp-content\/uploads\/usu2220\/2025\/03\/IMG_2223-225x300.jpg\" alt=\"\" width=\"225\" height=\"300\" srcset=\"https:\/\/agora.xtec.cat\/ins-intermunicipal\/wp-content\/uploads\/usu2220\/2025\/03\/IMG_2223-225x300.jpg 225w, https:\/\/agora.xtec.cat\/ins-intermunicipal\/wp-content\/uploads\/usu2220\/2025\/03\/IMG_2223-rotated.jpg 480w\" sizes=\"auto, (max-width: 225px) 100vw, 225px\" \/><\/a> <a href=\"https:\/\/agora.xtec.cat\/ins-intermunicipal\/wp-content\/uploads\/usu2220\/2025\/03\/IMG_2224.jpg\"><img loading=\"lazy\" decoding=\"async\" class=\"alignnone  wp-image-4445\" src=\"https:\/\/agora.xtec.cat\/ins-intermunicipal\/wp-content\/uploads\/usu2220\/2025\/03\/IMG_2224-300x245.jpg\" alt=\"\" width=\"354\" height=\"289\" srcset=\"https:\/\/agora.xtec.cat\/ins-intermunicipal\/wp-content\/uploads\/usu2220\/2025\/03\/IMG_2224-300x245.jpg 300w, https:\/\/agora.xtec.cat\/ins-intermunicipal\/wp-content\/uploads\/usu2220\/2025\/03\/IMG_2224.jpg 640w\" sizes=\"auto, (max-width: 354px) 100vw, 354px\" \/><\/a> <a href=\"https:\/\/agora.xtec.cat\/ins-intermunicipal\/wp-content\/uploads\/usu2220\/2025\/03\/IMG_2226-rotated.jpg\"><img loading=\"lazy\" decoding=\"async\" class=\"alignnone  wp-image-4446\" src=\"https:\/\/agora.xtec.cat\/ins-intermunicipal\/wp-content\/uploads\/usu2220\/2025\/03\/IMG_2226-300x225.jpg\" alt=\"\" width=\"381\" height=\"286\" srcset=\"https:\/\/agora.xtec.cat\/ins-intermunicipal\/wp-content\/uploads\/usu2220\/2025\/03\/IMG_2226-300x225.jpg 300w, https:\/\/agora.xtec.cat\/ins-intermunicipal\/wp-content\/uploads\/usu2220\/2025\/03\/IMG_2226-200x150.jpg 200w, https:\/\/agora.xtec.cat\/ins-intermunicipal\/wp-content\/uploads\/usu2220\/2025\/03\/IMG_2226-rotated.jpg 640w\" sizes=\"auto, (max-width: 381px) 100vw, 381px\" \/><\/a> <a href=\"https:\/\/agora.xtec.cat\/ins-intermunicipal\/wp-content\/uploads\/usu2220\/2025\/03\/IMG_2227-rotated.jpg\"><img loading=\"lazy\" decoding=\"async\" class=\"alignnone  wp-image-4447\" src=\"https:\/\/agora.xtec.cat\/ins-intermunicipal\/wp-content\/uploads\/usu2220\/2025\/03\/IMG_2227-300x225.jpg\" alt=\"\" width=\"383\" height=\"287\" srcset=\"https:\/\/agora.xtec.cat\/ins-intermunicipal\/wp-content\/uploads\/usu2220\/2025\/03\/IMG_2227-300x225.jpg 300w, https:\/\/agora.xtec.cat\/ins-intermunicipal\/wp-content\/uploads\/usu2220\/2025\/03\/IMG_2227-200x150.jpg 200w, https:\/\/agora.xtec.cat\/ins-intermunicipal\/wp-content\/uploads\/usu2220\/2025\/03\/IMG_2227-rotated.jpg 640w\" sizes=\"auto, (max-width: 383px) 100vw, 383px\" \/><\/a> <a href=\"https:\/\/agora.xtec.cat\/ins-intermunicipal\/wp-content\/uploads\/usu2220\/2025\/03\/IMG_2228-rotated.jpg\"><img loading=\"lazy\" decoding=\"async\" class=\"alignnone  wp-image-4448\" src=\"https:\/\/agora.xtec.cat\/ins-intermunicipal\/wp-content\/uploads\/usu2220\/2025\/03\/IMG_2228-300x225.jpg\" alt=\"\" width=\"383\" height=\"287\" srcset=\"https:\/\/agora.xtec.cat\/ins-intermunicipal\/wp-content\/uploads\/usu2220\/2025\/03\/IMG_2228-300x225.jpg 300w, https:\/\/agora.xtec.cat\/ins-intermunicipal\/wp-content\/uploads\/usu2220\/2025\/03\/IMG_2228-200x150.jpg 200w, https:\/\/agora.xtec.cat\/ins-intermunicipal\/wp-content\/uploads\/usu2220\/2025\/03\/IMG_2228-rotated.jpg 640w\" sizes=\"auto, (max-width: 383px) 100vw, 383px\" \/><\/a><\/p>\n<p><a href=\"https:\/\/agora.xtec.cat\/ins-intermunicipal\/wp-content\/uploads\/usu2220\/2025\/03\/20250320_120446.jpg\"><img loading=\"lazy\" decoding=\"async\" class=\"wp-image-4418 alignleft\" src=\"https:\/\/agora.xtec.cat\/ins-intermunicipal\/wp-content\/uploads\/usu2220\/2025\/03\/20250320_120446-282x300.jpg\" alt=\"\" width=\"437\" height=\"465\" srcset=\"https:\/\/agora.xtec.cat\/ins-intermunicipal\/wp-content\/uploads\/usu2220\/2025\/03\/20250320_120446-282x300.jpg 282w, https:\/\/agora.xtec.cat\/ins-intermunicipal\/wp-content\/uploads\/usu2220\/2025\/03\/20250320_120446-768x818.jpg 768w, https:\/\/agora.xtec.cat\/ins-intermunicipal\/wp-content\/uploads\/usu2220\/2025\/03\/20250320_120446.jpg 900w\" sizes=\"auto, (max-width: 437px) 100vw, 437px\" \/><\/a> <a href=\"https:\/\/agora.xtec.cat\/ins-intermunicipal\/wp-content\/uploads\/usu2220\/2025\/03\/20250320_120507-rotated.jpg\"><img loading=\"lazy\" decoding=\"async\" class=\"wp-image-4419 alignleft\" src=\"https:\/\/agora.xtec.cat\/ins-intermunicipal\/wp-content\/uploads\/usu2220\/2025\/03\/20250320_120507-169x300.jpg\" alt=\"\" width=\"262\" height=\"465\" srcset=\"https:\/\/agora.xtec.cat\/ins-intermunicipal\/wp-content\/uploads\/usu2220\/2025\/03\/20250320_120507-169x300.jpg 169w, https:\/\/agora.xtec.cat\/ins-intermunicipal\/wp-content\/uploads\/usu2220\/2025\/03\/20250320_120507-rotated.jpg 506w\" sizes=\"auto, (max-width: 262px) 100vw, 262px\" \/><\/a> <a href=\"https:\/\/agora.xtec.cat\/ins-intermunicipal\/wp-content\/uploads\/usu2220\/2025\/03\/20250320_120343.jpg\"><img loading=\"lazy\" decoding=\"async\" class=\"wp-image-4416 alignleft\" src=\"https:\/\/agora.xtec.cat\/ins-intermunicipal\/wp-content\/uploads\/usu2220\/2025\/03\/20250320_120343-300x169.jpg\" alt=\"\" width=\"883\" height=\"497\" srcset=\"https:\/\/agora.xtec.cat\/ins-intermunicipal\/wp-content\/uploads\/usu2220\/2025\/03\/20250320_120343-300x169.jpg 300w, https:\/\/agora.xtec.cat\/ins-intermunicipal\/wp-content\/uploads\/usu2220\/2025\/03\/20250320_120343-768x432.jpg 768w, https:\/\/agora.xtec.cat\/ins-intermunicipal\/wp-content\/uploads\/usu2220\/2025\/03\/20250320_120343.jpg 900w\" sizes=\"auto, (max-width: 883px) 100vw, 883px\" \/><\/a><\/p>\n<p style=\"text-align: left;\">\n","protected":false},"excerpt":{"rendered":"<p>La Unesco va declarar el dia 21 de mar\u00e7 Dia Mundial de la Poesia. Per celebrar-ho, la Instituci\u00f3 de les Lletres Catalanes \u2014amb la col\u00b7laboraci\u00f3 de diverses entitats p\u00fabliques i privades\u2014 celebra una gran festa de la paraula i les lletres i fomenta tot un&hellip;  <a href=\"https:\/\/agora.xtec.cat\/ins-intermunicipal\/general\/21-de-marc-dia-mundial-de-la-poesia\/\" title=\"Read 21 de mar\u00e7, Dia Mundial de la Poesia\">Llegeix m\u00e9s\u00bb<\/a><\/p>\n","protected":false},"author":7,"featured_media":4416,"comment_status":"closed","ping_status":"closed","sticky":false,"template":"","format":"standard","meta":{"_bbp_topic_count":0,"_bbp_reply_count":0,"_bbp_total_topic_count":0,"_bbp_total_reply_count":0,"_bbp_voice_count":0,"_bbp_anonymous_reply_count":0,"_bbp_topic_count_hidden":0,"_bbp_reply_count_hidden":0,"_bbp_forum_subforum_count":0,"footnotes":""},"categories":[8,3,1,29],"tags":[629,628,630,429,607],"class_list":["post-4415","post","type-post","status-publish","format-standard","has-post-thumbnail","hentry","category-bat","category-eso","category-general","category-portada","tag-21-de-marc","tag-dia-mundial-de-la-poesia","tag-ilc","tag-poesia","tag-unesco"],"post_mailing_queue_ids":[],"_links":{"self":[{"href":"https:\/\/agora.xtec.cat\/ins-intermunicipal\/wp-json\/wp\/v2\/posts\/4415","targetHints":{"allow":["GET"]}}],"collection":[{"href":"https:\/\/agora.xtec.cat\/ins-intermunicipal\/wp-json\/wp\/v2\/posts"}],"about":[{"href":"https:\/\/agora.xtec.cat\/ins-intermunicipal\/wp-json\/wp\/v2\/types\/post"}],"author":[{"embeddable":true,"href":"https:\/\/agora.xtec.cat\/ins-intermunicipal\/wp-json\/wp\/v2\/users\/7"}],"replies":[{"embeddable":true,"href":"https:\/\/agora.xtec.cat\/ins-intermunicipal\/wp-json\/wp\/v2\/comments?post=4415"}],"version-history":[{"count":5,"href":"https:\/\/agora.xtec.cat\/ins-intermunicipal\/wp-json\/wp\/v2\/posts\/4415\/revisions"}],"predecessor-version":[{"id":4449,"href":"https:\/\/agora.xtec.cat\/ins-intermunicipal\/wp-json\/wp\/v2\/posts\/4415\/revisions\/4449"}],"wp:featuredmedia":[{"embeddable":true,"href":"https:\/\/agora.xtec.cat\/ins-intermunicipal\/wp-json\/wp\/v2\/media\/4416"}],"wp:attachment":[{"href":"https:\/\/agora.xtec.cat\/ins-intermunicipal\/wp-json\/wp\/v2\/media?parent=4415"}],"wp:term":[{"taxonomy":"category","embeddable":true,"href":"https:\/\/agora.xtec.cat\/ins-intermunicipal\/wp-json\/wp\/v2\/categories?post=4415"},{"taxonomy":"post_tag","embeddable":true,"href":"https:\/\/agora.xtec.cat\/ins-intermunicipal\/wp-json\/wp\/v2\/tags?post=4415"}],"curies":[{"name":"wp","href":"https:\/\/api.w.org\/{rel}","templated":true}]}}