{"id":4406,"date":"2025-03-18T13:43:27","date_gmt":"2025-03-18T12:43:27","guid":{"rendered":"https:\/\/agora.xtec.cat\/ins-intermunicipal\/?p=4406"},"modified":"2025-03-18T13:43:27","modified_gmt":"2025-03-18T12:43:27","slug":"xerrada-informativa-sobre-el-programa-de-formacio-i-insercio","status":"publish","type":"post","link":"https:\/\/agora.xtec.cat\/ins-intermunicipal\/general\/xerrada-informativa-sobre-el-programa-de-formacio-i-insercio\/","title":{"rendered":"Xerrada informativa sobre el Programa de Formaci\u00f3 i Inserci\u00f3"},"content":{"rendered":"<p align=\"justify\">El passat dijous 13 de mar\u00e7, el Joan Sala i la S\u00edlvia Bagot, docents del Programa de Formaci\u00f3 i Inserci\u00f3 (PFI) de l&#8217;Institut Intermunicipal del Pened\u00e8s, van fer una xerrada informativa a un grup de joves del nostre centre interessats en con\u00e8ixer aquesta oferta formativa.<\/p>\n<p align=\"justify\">Entre altres coses, se\u2019ls va explicar com es treballa al PFI, les pr\u00e0ctiques que es fan en centres hospitalaris, altres PFIs de la zona i, finalment, l&#8217;opci\u00f3 que representa el PFI com a via d&#8217;acc\u00e9s a Cicles de Grau Mitj\u00e0.<\/p>\n<p align=\"justify\"><a href=\"https:\/\/agora.xtec.cat\/ins-intermunicipal\/wp-content\/uploads\/usu2220\/2025\/03\/IMG_2781-1-1-rotated-e1742301625223.jpeg\"><img loading=\"lazy\" decoding=\"async\" class=\"alignnone  wp-image-4409\" src=\"https:\/\/agora.xtec.cat\/ins-intermunicipal\/wp-content\/uploads\/usu2220\/2025\/03\/IMG_2781-1-1-rotated-e1742301625223-288x300.jpeg\" alt=\"\" width=\"398\" height=\"414\" srcset=\"https:\/\/agora.xtec.cat\/ins-intermunicipal\/wp-content\/uploads\/usu2220\/2025\/03\/IMG_2781-1-1-rotated-e1742301625223-288x300.jpeg 288w, https:\/\/agora.xtec.cat\/ins-intermunicipal\/wp-content\/uploads\/usu2220\/2025\/03\/IMG_2781-1-1-rotated-e1742301625223.jpeg 675w\" sizes=\"auto, (max-width: 398px) 100vw, 398px\" \/><\/a><a href=\"https:\/\/agora.xtec.cat\/ins-intermunicipal\/wp-content\/uploads\/usu2220\/2025\/03\/IMG_2780-1-rotated-e1742301549645.jpeg\"><img loading=\"lazy\" decoding=\"async\" class=\"alignnone  wp-image-4408\" src=\"https:\/\/agora.xtec.cat\/ins-intermunicipal\/wp-content\/uploads\/usu2220\/2025\/03\/IMG_2780-1-rotated-e1742301549645-296x300.jpeg\" alt=\"\" width=\"408\" height=\"414\" srcset=\"https:\/\/agora.xtec.cat\/ins-intermunicipal\/wp-content\/uploads\/usu2220\/2025\/03\/IMG_2780-1-rotated-e1742301549645-296x300.jpeg 296w, https:\/\/agora.xtec.cat\/ins-intermunicipal\/wp-content\/uploads\/usu2220\/2025\/03\/IMG_2780-1-rotated-e1742301549645.jpeg 675w\" sizes=\"auto, (max-width: 408px) 100vw, 408px\" \/><\/a><\/p>\n","protected":false},"excerpt":{"rendered":"<p>El passat dijous 13 de mar\u00e7, el Joan Sala i la S\u00edlvia Bagot, docents del Programa de Formaci\u00f3 i Inserci\u00f3 (PFI) de l&#8217;Institut Intermunicipal del Pened\u00e8s, van fer una xerrada informativa a un grup de joves del nostre centre interessats en con\u00e8ixer aquesta oferta formativa.<br \/>\nEntre&hellip;  <a href=\"https:\/\/agora.xtec.cat\/ins-intermunicipal\/general\/xerrada-informativa-sobre-el-programa-de-formacio-i-insercio\/\" title=\"Read Xerrada informativa sobre el Programa de Formaci\u00f3 i Inserci\u00f3\">Llegeix m\u00e9s\u00bb<\/a><\/p>\n","protected":false},"author":7,"featured_media":4408,"comment_status":"closed","ping_status":"closed","sticky":false,"template":"","format":"standard","meta":{"_bbp_topic_count":0,"_bbp_reply_count":0,"_bbp_total_topic_count":0,"_bbp_total_reply_count":0,"_bbp_voice_count":0,"_bbp_anonymous_reply_count":0,"_bbp_topic_count_hidden":0,"_bbp_reply_count_hidden":0,"_bbp_forum_subforum_count":0,"footnotes":""},"categories":[1,29],"tags":[627,172,625,626],"class_list":["post-4406","post","type-post","status-publish","format-standard","has-post-thumbnail","hentry","category-general","category-portada","tag-joan-sala","tag-pfi","tag-programa-de-formacio-i-insercio","tag-silvia-bagot"],"post_mailing_queue_ids":[],"_links":{"self":[{"href":"https:\/\/agora.xtec.cat\/ins-intermunicipal\/wp-json\/wp\/v2\/posts\/4406","targetHints":{"allow":["GET"]}}],"collection":[{"href":"https:\/\/agora.xtec.cat\/ins-intermunicipal\/wp-json\/wp\/v2\/posts"}],"about":[{"href":"https:\/\/agora.xtec.cat\/ins-intermunicipal\/wp-json\/wp\/v2\/types\/post"}],"author":[{"embeddable":true,"href":"https:\/\/agora.xtec.cat\/ins-intermunicipal\/wp-json\/wp\/v2\/users\/7"}],"replies":[{"embeddable":true,"href":"https:\/\/agora.xtec.cat\/ins-intermunicipal\/wp-json\/wp\/v2\/comments?post=4406"}],"version-history":[{"count":2,"href":"https:\/\/agora.xtec.cat\/ins-intermunicipal\/wp-json\/wp\/v2\/posts\/4406\/revisions"}],"predecessor-version":[{"id":4410,"href":"https:\/\/agora.xtec.cat\/ins-intermunicipal\/wp-json\/wp\/v2\/posts\/4406\/revisions\/4410"}],"wp:featuredmedia":[{"embeddable":true,"href":"https:\/\/agora.xtec.cat\/ins-intermunicipal\/wp-json\/wp\/v2\/media\/4408"}],"wp:attachment":[{"href":"https:\/\/agora.xtec.cat\/ins-intermunicipal\/wp-json\/wp\/v2\/media?parent=4406"}],"wp:term":[{"taxonomy":"category","embeddable":true,"href":"https:\/\/agora.xtec.cat\/ins-intermunicipal\/wp-json\/wp\/v2\/categories?post=4406"},{"taxonomy":"post_tag","embeddable":true,"href":"https:\/\/agora.xtec.cat\/ins-intermunicipal\/wp-json\/wp\/v2\/tags?post=4406"}],"curies":[{"name":"wp","href":"https:\/\/api.w.org\/{rel}","templated":true}]}}