{"id":4394,"date":"2025-03-18T12:06:57","date_gmt":"2025-03-18T11:06:57","guid":{"rendered":"https:\/\/agora.xtec.cat\/ins-intermunicipal\/?p=4394"},"modified":"2025-03-18T12:11:00","modified_gmt":"2025-03-18T11:11:00","slug":"bases-del-concurs-de-sant-jordi-2025","status":"publish","type":"post","link":"https:\/\/agora.xtec.cat\/ins-intermunicipal\/general\/bases-del-concurs-de-sant-jordi-2025\/","title":{"rendered":"Bases del concurs de Sant Jordi 2025"},"content":{"rendered":"<p><span style=\"font-weight: 400;\">Amb la voluntat de fomentar la creativitat i l&#8217;expressi\u00f3 art\u00edstica, el concurs de Sant Jordi d&#8217;enguany t\u00e9 les modalitats de narrativa curta, poesia, dibuix i fotografia. El concurs \u00e9s obert als alumnes de tots els nivells d&#8217;ESO i de Batxillerat i es poden presentar un m\u00e0xim de dues obres per categoria.<\/span><\/p>\n<p>Totes les obres, siguin de la categoria que siguin, han d\u2019estar inspirades en la diada de Sant Jordi i en el cas de les de car\u00e0cter literari, s\u2019han de presentar en llengua catalana.<\/p>\n<p>Per presentar-se al concurs, cal fer-ho a trav\u00e9s del formulari que trobareu en <a href=\"https:\/\/forms.gle\/7gx7vxaAD87PiNJm8\" target=\"_blank\" rel=\"noopener\">aquest enlla\u00e7<\/a> abans del dia 4 d&#8217;abril. En cas que presenteu un dibuix en paper, s&#8217;ha de presentar a consergeria en un sobre tancat on hi consti \u201cConcurs Dibuix Sant Jordi\u201d i el nom de l\u2019autor.<\/p>\n<p>El veredicte es far\u00e0 p\u00fablic el dia de Sant Jordi despr\u00e9s que u<span style=\"font-weight: 400;\">n jurat qualificat valori l&#8217;originalitat, la qualitat i l&#8217;expressi\u00f3 art\u00edstica de les obres presentades.<\/span><\/p>\n<p><span style=\"font-weight: 400;\">La participaci\u00f3 implica l\u2019acceptaci\u00f3 de les bases i la decisi\u00f3 del jurat ser\u00e0 inapel\u00b7lable. Els autors conservaran els drets de les seves obres, per\u00f2 l\u2019Institut Intermunicipal del Pened\u00e8s es reserva el dret de publicar les que resultin guanyadores a les seves xarxes.<\/span><\/p>\n<p>Al cartell de sota hi trobareu m\u00e9s informaci\u00f3.<\/p>\n<p><a href=\"https:\/\/agora.xtec.cat\/ins-intermunicipal\/wp-content\/uploads\/usu2220\/2025\/03\/1-1.png\"><img loading=\"lazy\" decoding=\"async\" class=\"alignnone wp-image-4395\" src=\"https:\/\/agora.xtec.cat\/ins-intermunicipal\/wp-content\/uploads\/usu2220\/2025\/03\/1-1-212x300.png\" alt=\"\" width=\"416\" height=\"589\" srcset=\"https:\/\/agora.xtec.cat\/ins-intermunicipal\/wp-content\/uploads\/usu2220\/2025\/03\/1-1-212x300.png 212w, https:\/\/agora.xtec.cat\/ins-intermunicipal\/wp-content\/uploads\/usu2220\/2025\/03\/1-1-724x1024.png 724w, https:\/\/agora.xtec.cat\/ins-intermunicipal\/wp-content\/uploads\/usu2220\/2025\/03\/1-1-768x1086.png 768w, https:\/\/agora.xtec.cat\/ins-intermunicipal\/wp-content\/uploads\/usu2220\/2025\/03\/1-1.png 900w\" sizes=\"auto, (max-width: 416px) 100vw, 416px\" \/><\/a><a href=\"https:\/\/agora.xtec.cat\/ins-intermunicipal\/wp-content\/uploads\/usu2220\/2025\/03\/2-1.png\"><img loading=\"lazy\" decoding=\"async\" class=\"alignnone wp-image-4396\" src=\"https:\/\/agora.xtec.cat\/ins-intermunicipal\/wp-content\/uploads\/usu2220\/2025\/03\/2-1-212x300.png\" alt=\"\" width=\"416\" height=\"588\" srcset=\"https:\/\/agora.xtec.cat\/ins-intermunicipal\/wp-content\/uploads\/usu2220\/2025\/03\/2-1-212x300.png 212w, https:\/\/agora.xtec.cat\/ins-intermunicipal\/wp-content\/uploads\/usu2220\/2025\/03\/2-1-724x1024.png 724w, https:\/\/agora.xtec.cat\/ins-intermunicipal\/wp-content\/uploads\/usu2220\/2025\/03\/2-1-768x1086.png 768w, https:\/\/agora.xtec.cat\/ins-intermunicipal\/wp-content\/uploads\/usu2220\/2025\/03\/2-1.png 900w\" sizes=\"auto, (max-width: 416px) 100vw, 416px\" \/><\/a><\/p>\n","protected":false},"excerpt":{"rendered":"<p>Amb la voluntat de fomentar la creativitat i l&#8217;expressi\u00f3 art\u00edstica, el concurs de Sant Jordi d&#8217;enguany t\u00e9 les modalitats de narrativa curta, poesia, dibuix i fotografia. El concurs \u00e9s obert als alumnes de tots els nivells d&#8217;ESO i de Batxillerat i es poden presentar un&hellip;  <a href=\"https:\/\/agora.xtec.cat\/ins-intermunicipal\/general\/bases-del-concurs-de-sant-jordi-2025\/\" title=\"Read Bases del concurs de Sant Jordi 2025\">Llegeix m\u00e9s\u00bb<\/a><\/p>\n","protected":false},"author":7,"featured_media":4395,"comment_status":"closed","ping_status":"closed","sticky":false,"template":"","format":"standard","meta":{"_bbp_topic_count":0,"_bbp_reply_count":0,"_bbp_total_topic_count":0,"_bbp_total_reply_count":0,"_bbp_voice_count":0,"_bbp_anonymous_reply_count":0,"_bbp_topic_count_hidden":0,"_bbp_reply_count_hidden":0,"_bbp_forum_subforum_count":0,"footnotes":""},"categories":[8,3,1,29],"tags":[621,623,624,622,429,38],"class_list":["post-4394","post","type-post","status-publish","format-standard","has-post-thumbnail","hentry","category-bat","category-eso","category-general","category-portada","tag-concurs","tag-dibuix","tag-fotografia","tag-narrativa-curta","tag-poesia","tag-sant-jordi"],"post_mailing_queue_ids":[],"_links":{"self":[{"href":"https:\/\/agora.xtec.cat\/ins-intermunicipal\/wp-json\/wp\/v2\/posts\/4394","targetHints":{"allow":["GET"]}}],"collection":[{"href":"https:\/\/agora.xtec.cat\/ins-intermunicipal\/wp-json\/wp\/v2\/posts"}],"about":[{"href":"https:\/\/agora.xtec.cat\/ins-intermunicipal\/wp-json\/wp\/v2\/types\/post"}],"author":[{"embeddable":true,"href":"https:\/\/agora.xtec.cat\/ins-intermunicipal\/wp-json\/wp\/v2\/users\/7"}],"replies":[{"embeddable":true,"href":"https:\/\/agora.xtec.cat\/ins-intermunicipal\/wp-json\/wp\/v2\/comments?post=4394"}],"version-history":[{"count":3,"href":"https:\/\/agora.xtec.cat\/ins-intermunicipal\/wp-json\/wp\/v2\/posts\/4394\/revisions"}],"predecessor-version":[{"id":4399,"href":"https:\/\/agora.xtec.cat\/ins-intermunicipal\/wp-json\/wp\/v2\/posts\/4394\/revisions\/4399"}],"wp:featuredmedia":[{"embeddable":true,"href":"https:\/\/agora.xtec.cat\/ins-intermunicipal\/wp-json\/wp\/v2\/media\/4395"}],"wp:attachment":[{"href":"https:\/\/agora.xtec.cat\/ins-intermunicipal\/wp-json\/wp\/v2\/media?parent=4394"}],"wp:term":[{"taxonomy":"category","embeddable":true,"href":"https:\/\/agora.xtec.cat\/ins-intermunicipal\/wp-json\/wp\/v2\/categories?post=4394"},{"taxonomy":"post_tag","embeddable":true,"href":"https:\/\/agora.xtec.cat\/ins-intermunicipal\/wp-json\/wp\/v2\/tags?post=4394"}],"curies":[{"name":"wp","href":"https:\/\/api.w.org\/{rel}","templated":true}]}}