{"id":4391,"date":"2025-03-17T13:07:50","date_gmt":"2025-03-17T12:07:50","guid":{"rendered":"https:\/\/agora.xtec.cat\/ins-intermunicipal\/?p=4391"},"modified":"2025-03-17T13:07:50","modified_gmt":"2025-03-17T12:07:50","slug":"ofertes-de-feina-a-lalt-penedes-17-de-marc","status":"publish","type":"post","link":"https:\/\/agora.xtec.cat\/ins-intermunicipal\/formacio-professional\/feina-fp\/ofertes-de-feina-a-lalt-penedes-17-de-marc\/","title":{"rendered":"Ofertes de feina a l&#8217;Alt Pened\u00e8s, 17 de mar\u00e7"},"content":{"rendered":"<p>Compartim amb vosaltres les<a href=\"https:\/\/docs.google.com\/document\/d\/1BHIXT0HFvsMjdC-6t7XmcR9r3ENA_s9o\/edit?usp=sharing&amp;ouid=101163895462782624854&amp;rtpof=true&amp;sd=true\"> ofertes de feina actualitzades<\/a> que l\u2019Oficina Municipal del Treball de Vilafranca del Pened\u00e8s ens ha preparat. Trobareu vacants vinculades als estudis que tenim a l\u2019Institut Intermunicipal del Pened\u00e8s. L\u2019oficina ens informa tamb\u00e9 sobre <a href=\"https:\/\/drive.google.com\/file\/d\/1xm47w5oo26mUb__wEi3JihOmbYvX0h3l\/view?usp=sharing\">com s\u2019ha de procedir<\/a> per formalitzar les inscripcions.<\/p>\n<p>Tamb\u00e9 ens comunica els <a href=\"https:\/\/drive.google.com\/file\/d\/1e9z3gVsaC4F-uiCmyGh_Jtp_mbxOPfMf\/view?usp=sharing\">cursos o c\u00e0psules formatives<\/a> que ofereixen al mes de mar\u00e7.<\/p>\n<p>Us deixem tamb\u00e9 una petita explicaci\u00f3 del contingut de les c\u00e0psules per si us interessa.<\/p>\n<p><strong>4\/04\/2025<\/strong> &#8211; Xerrada empresa FECA (Venda de materials de construcci\u00f3, bricolatge, banys i cuines i jardineria).<\/p>\n<p>Vine a con\u00e8ixer la Feca:<\/p>\n<p>Qui s\u00f3n (empresa, valors, etc.)<br \/>\nPerfils professionals que tenen treballant.<br \/>\nRequisits que demanen a l\u2019hora de fer una contractaci\u00f3.<br \/>\nCom enviar el curr\u00edculum a trav\u00e9s de la seva p\u00e0gina web.<\/p>\n<p><strong>11\/04\/2025<\/strong> &#8211; Treballa la teva comunicaci\u00f3 per fer un bon Elevator Pitch<\/p>\n<p>En aquesta sessi\u00f3, et donarem eines per millorar el teu Elevator Pitch, que consisteix en una presentaci\u00f3 d\u2019autocandidatura breu i concisa per captar l&#8217;inter\u00e8s de l\u2019empresa en un temps curt, com el d&#8217;un viatge en ascensor. A trav\u00e9s de consells pr\u00e0ctics, et guiarem a identificar els punts forts de la teva experi\u00e8ncia i a presentar-los de manera efectiva per captar l&#8217;atenci\u00f3 de l\u2019entrevistador\/a des del primer moment.<\/p>\n<p><strong>25\/04\/2025<\/strong> &#8211; Activa\u2019t i troba feina amb l\u2019ETT<\/p>\n<p>Contactar directament amb les empreses de treball temporal \u00e9s una forma de tenir m\u00e9s possibilitats de trobar feina. Dedicarem aquesta sessi\u00f3 a entendre el funcionament de les seves borses de treball i con\u00e8ixer les passes per a fer efectiva una inscripci\u00f3. Per a dur a terme aquesta sessi\u00f3 es requereix un coneixement b\u00e0sic en TIC.<\/p>\n<p>&nbsp;<\/p>\n","protected":false},"excerpt":{"rendered":"<p>Compartim amb vosaltres les<a href=\"https:\/\/docs.google.com\/document\/d\/1BHIXT0HFvsMjdC-6t7XmcR9r3ENA_s9o\/edit?usp=sharing&amp;ouid=101163895462782624854&amp;rtpof=true&amp;sd=true\"> ofertes de feina actualitzades<\/a> que l\u2019Oficina Municipal del Treball de Vilafranca del Pened\u00e8s ens ha preparat. Trobareu vacants vinculades als estudis que tenim a l\u2019Institut Intermunicipal del Pened\u00e8s. L\u2019oficina ens informa tamb\u00e9 sobre <a href=\"https:\/\/drive.google.com\/file\/d\/1xm47w5oo26mUb__wEi3JihOmbYvX0h3l\/view?usp=sharing\">com s\u2019ha de procedir<\/a> per formalitzar&hellip;  <a href=\"https:\/\/agora.xtec.cat\/ins-intermunicipal\/formacio-professional\/feina-fp\/ofertes-de-feina-a-lalt-penedes-17-de-marc\/\" title=\"Read Ofertes de feina a l&#8217;Alt Pened\u00e8s, 17 de mar\u00e7\">Llegeix m\u00e9s\u00bb<\/a><\/p>\n","protected":false},"author":8,"featured_media":0,"comment_status":"closed","ping_status":"closed","sticky":false,"template":"","format":"standard","meta":{"_bbp_topic_count":0,"_bbp_reply_count":0,"_bbp_total_topic_count":0,"_bbp_total_reply_count":0,"_bbp_voice_count":0,"_bbp_anonymous_reply_count":0,"_bbp_topic_count_hidden":0,"_bbp_reply_count_hidden":0,"_bbp_forum_subforum_count":0,"footnotes":""},"categories":[189],"tags":[],"class_list":["post-4391","post","type-post","status-publish","format-standard","hentry","category-feina-fp"],"post_mailing_queue_ids":[],"_links":{"self":[{"href":"https:\/\/agora.xtec.cat\/ins-intermunicipal\/wp-json\/wp\/v2\/posts\/4391","targetHints":{"allow":["GET"]}}],"collection":[{"href":"https:\/\/agora.xtec.cat\/ins-intermunicipal\/wp-json\/wp\/v2\/posts"}],"about":[{"href":"https:\/\/agora.xtec.cat\/ins-intermunicipal\/wp-json\/wp\/v2\/types\/post"}],"author":[{"embeddable":true,"href":"https:\/\/agora.xtec.cat\/ins-intermunicipal\/wp-json\/wp\/v2\/users\/8"}],"replies":[{"embeddable":true,"href":"https:\/\/agora.xtec.cat\/ins-intermunicipal\/wp-json\/wp\/v2\/comments?post=4391"}],"version-history":[{"count":1,"href":"https:\/\/agora.xtec.cat\/ins-intermunicipal\/wp-json\/wp\/v2\/posts\/4391\/revisions"}],"predecessor-version":[{"id":4392,"href":"https:\/\/agora.xtec.cat\/ins-intermunicipal\/wp-json\/wp\/v2\/posts\/4391\/revisions\/4392"}],"wp:attachment":[{"href":"https:\/\/agora.xtec.cat\/ins-intermunicipal\/wp-json\/wp\/v2\/media?parent=4391"}],"wp:term":[{"taxonomy":"category","embeddable":true,"href":"https:\/\/agora.xtec.cat\/ins-intermunicipal\/wp-json\/wp\/v2\/categories?post=4391"},{"taxonomy":"post_tag","embeddable":true,"href":"https:\/\/agora.xtec.cat\/ins-intermunicipal\/wp-json\/wp\/v2\/tags?post=4391"}],"curies":[{"name":"wp","href":"https:\/\/api.w.org\/{rel}","templated":true}]}}