{"id":4387,"date":"2025-03-17T11:50:13","date_gmt":"2025-03-17T10:50:13","guid":{"rendered":"https:\/\/agora.xtec.cat\/ins-intermunicipal\/?p=4387"},"modified":"2025-03-17T11:50:46","modified_gmt":"2025-03-17T10:50:46","slug":"sense-problemes-dia-internacional-de-les-matematiques","status":"publish","type":"post","link":"https:\/\/agora.xtec.cat\/ins-intermunicipal\/general\/sense-problemes-dia-internacional-de-les-matematiques\/","title":{"rendered":"Sense problemes, Dia Internacional de les Matem\u00e0tiques"},"content":{"rendered":"<p align=\"justify\"><span style=\"color: #222222;\"><span style=\"font-family: Arial, Helvetica, sans-serif;\"><span style=\"font-size: medium;\"><a href=\"https:\/\/agora.xtec.cat\/ins-intermunicipal\/wp-content\/uploads\/usu2220\/2025\/03\/IMG_20250314_113013-1.jpg\"><img loading=\"lazy\" decoding=\"async\" class=\"size-medium wp-image-4389 alignleft\" src=\"https:\/\/agora.xtec.cat\/ins-intermunicipal\/wp-content\/uploads\/usu2220\/2025\/03\/IMG_20250314_113013-1-300x225.jpg\" alt=\"\" width=\"300\" height=\"225\" srcset=\"https:\/\/agora.xtec.cat\/ins-intermunicipal\/wp-content\/uploads\/usu2220\/2025\/03\/IMG_20250314_113013-1-300x225.jpg 300w, https:\/\/agora.xtec.cat\/ins-intermunicipal\/wp-content\/uploads\/usu2220\/2025\/03\/IMG_20250314_113013-1-768x576.jpg 768w, https:\/\/agora.xtec.cat\/ins-intermunicipal\/wp-content\/uploads\/usu2220\/2025\/03\/IMG_20250314_113013-1-200x150.jpg 200w, https:\/\/agora.xtec.cat\/ins-intermunicipal\/wp-content\/uploads\/usu2220\/2025\/03\/IMG_20250314_113013-1.jpg 900w\" sizes=\"auto, (max-width: 300px) 100vw, 300px\" \/><\/a>El passat divendres 14 de mar\u00e7 i per celebrar el Dia Internacional de les Matem\u00e0tiques, a la zona dels laboratoris i a l\u2019entrada del nostre institut es va recuperar l\u2019exposici\u00f3 <b><a href=\"https:\/\/serveiseducatius.xtec.cat\/altpenedes\/general\/celebrem-efemeride-matematica\/\" target=\"_blank\" rel=\"noopener\">Sense problemes<\/a>.<\/b> <\/span><\/span><\/span><\/p>\n<p align=\"justify\"><span style=\"color: #222222;\"><span style=\"font-family: Arial, Helvetica, sans-serif;\"><span style=\"font-size: medium;\">D\u2019aquesta manera es commemora el 25\u00e8 aniversari d\u2019aquesta exposici\u00f3 que va fer el grup de matem\u00e0tics del Pened\u00e8s, <b>Grup Matem\u00e0tiques 2000. <\/b>Entre els professors que aleshores hi van participar, s\u2019hi compten la Conxita Busquet i el Francesc Forcada que imparteixen la doc\u00e8ncia de les matem\u00e0tiques al nostre centre.<\/span><\/span><\/span><\/p>\n<p><span style=\"color: #222222;\"><span style=\"font-family: Arial, Helvetica, sans-serif;\"><span style=\"font-size: medium;\">Podeu obtenir m\u00e9s informaci\u00f3 si cliqueu <a href=\"https:\/\/lafurapenedes.cat\/aquest-divendres-les-matematiques-es-reivindiquen\/\" target=\"_blank\" rel=\"noopener\">aqu\u00ed.<\/a> En aquest altre enlla\u00e7 hi trobareu els <a href=\"https:\/\/drive.google.com\/file\/d\/1wEZ0ALhqSQPk6zgPzp4iVnUwKESW4qj6\/view\" target=\"_blank\" rel=\"noopener\">materials de l\u2019exposici\u00f3<\/a>.<\/span><\/span><\/span><\/p>\n","protected":false},"excerpt":{"rendered":"<p><a href=\"https:\/\/agora.xtec.cat\/ins-intermunicipal\/wp-content\/uploads\/usu2220\/2025\/03\/IMG_20250314_113013-1.jpg\"><\/a>El passat divendres 14 de mar\u00e7 i per celebrar el Dia Internacional de les Matem\u00e0tiques, a la zona dels laboratoris i a l\u2019entrada del nostre institut es va recuperar l\u2019exposici\u00f3 <a href=\"https:\/\/serveiseducatius.xtec.cat\/altpenedes\/general\/celebrem-efemeride-matematica\/\" target=\"_blank\" rel=\"noopener\">Sense problemes<\/a>.<br \/>\nD\u2019aquesta manera es commemora el 25\u00e8 aniversari d\u2019aquesta exposici\u00f3&hellip;  <a href=\"https:\/\/agora.xtec.cat\/ins-intermunicipal\/general\/sense-problemes-dia-internacional-de-les-matematiques\/\" title=\"Read Sense problemes, Dia Internacional de les Matem\u00e0tiques\">Llegeix m\u00e9s\u00bb<\/a><\/p>\n","protected":false},"author":7,"featured_media":4389,"comment_status":"closed","ping_status":"closed","sticky":false,"template":"","format":"standard","meta":{"_bbp_topic_count":0,"_bbp_reply_count":0,"_bbp_total_topic_count":0,"_bbp_total_reply_count":0,"_bbp_voice_count":0,"_bbp_anonymous_reply_count":0,"_bbp_topic_count_hidden":0,"_bbp_reply_count_hidden":0,"_bbp_forum_subforum_count":0,"footnotes":""},"categories":[8,3,30,1,29],"tags":[619,618,387,620,617],"class_list":["post-4387","post","type-post","status-publish","format-standard","has-post-thumbnail","hentry","category-bat","category-eso","category-formacio-professional","category-general","category-portada","tag-conxita-busquet","tag-dia-internacional-de-les-matematiques","tag-francesc-forcada","tag-grup-matematiques-2000","tag-sense-problemes"],"post_mailing_queue_ids":[],"_links":{"self":[{"href":"https:\/\/agora.xtec.cat\/ins-intermunicipal\/wp-json\/wp\/v2\/posts\/4387","targetHints":{"allow":["GET"]}}],"collection":[{"href":"https:\/\/agora.xtec.cat\/ins-intermunicipal\/wp-json\/wp\/v2\/posts"}],"about":[{"href":"https:\/\/agora.xtec.cat\/ins-intermunicipal\/wp-json\/wp\/v2\/types\/post"}],"author":[{"embeddable":true,"href":"https:\/\/agora.xtec.cat\/ins-intermunicipal\/wp-json\/wp\/v2\/users\/7"}],"replies":[{"embeddable":true,"href":"https:\/\/agora.xtec.cat\/ins-intermunicipal\/wp-json\/wp\/v2\/comments?post=4387"}],"version-history":[{"count":2,"href":"https:\/\/agora.xtec.cat\/ins-intermunicipal\/wp-json\/wp\/v2\/posts\/4387\/revisions"}],"predecessor-version":[{"id":4390,"href":"https:\/\/agora.xtec.cat\/ins-intermunicipal\/wp-json\/wp\/v2\/posts\/4387\/revisions\/4390"}],"wp:featuredmedia":[{"embeddable":true,"href":"https:\/\/agora.xtec.cat\/ins-intermunicipal\/wp-json\/wp\/v2\/media\/4389"}],"wp:attachment":[{"href":"https:\/\/agora.xtec.cat\/ins-intermunicipal\/wp-json\/wp\/v2\/media?parent=4387"}],"wp:term":[{"taxonomy":"category","embeddable":true,"href":"https:\/\/agora.xtec.cat\/ins-intermunicipal\/wp-json\/wp\/v2\/categories?post=4387"},{"taxonomy":"post_tag","embeddable":true,"href":"https:\/\/agora.xtec.cat\/ins-intermunicipal\/wp-json\/wp\/v2\/tags?post=4387"}],"curies":[{"name":"wp","href":"https:\/\/api.w.org\/{rel}","templated":true}]}}