{"id":4364,"date":"2025-03-13T19:23:21","date_gmt":"2025-03-13T18:23:21","guid":{"rendered":"https:\/\/agora.xtec.cat\/ins-intermunicipal\/?p=4364"},"modified":"2025-06-05T10:01:05","modified_gmt":"2025-06-05T08:01:05","slug":"alumnat-de-linter-premiat-a-le-connect","status":"publish","type":"post","link":"https:\/\/agora.xtec.cat\/ins-intermunicipal\/general\/alumnat-de-linter-premiat-a-le-connect\/","title":{"rendered":"Alumnat de l&#8217;\u00cdnter, premiat a l&#8217;E-connect"},"content":{"rendered":"<p>L&#8217;alumnat d&#8217;FP (6 alumnes del CFGM de Farm\u00e0cia i Parafarm\u00e0cia i 3 del CFGS d&#8217;Administraci\u00f3 i Finances) ha participat avui en el concurs <a href=\"https:\/\/www.econnect.cat\/\">E-connect!<\/a> de foment de l&#8217;emprenedoria i la innovaci\u00f3 empresarial que s&#8217;ha dut a terme a Vilafranca del Pened\u00e8s. Han treballat amb 14 equips formats per alumnes dels diferents instituts de Vilafranca del Pened\u00e8s (Eugeni d&#8217;Ors, Mil\u00e0 i Fontanals, Alt Pened\u00e8s i Arsenal) i del nostre institut.<\/p>\n<p>Els alumnes han desenvolupat un hackat\u00f3 amb la metodologia del <em>Design Thinking<\/em> per resoldre 2 reptes plantejats per <a href=\"https:\/\/lagateracoop.cat\/\">la Cooperativa La Gatera<\/a> (Obrador col\u00b7lectiu del Pened\u00e8s), de Guardiola de Font-rub\u00ed. Els dos reptes que han treballat l&#8217;alumnat era: com poder fer arribar els productes als clients d&#8217;una manera innovadora, atractiva i sostenible i com poder convertir una primera compra en una relaci\u00f3 a llarg termini fidelitzant la clientela.<\/p>\n<p>L&#8217;alumnat de cicles formatius de l&#8217;\u00cdnter ha sigut seleccionat com a finalistes i un d&#8217;ells ha assolit el segon premi, amb un premi en met\u00e0l\u00b7lic de 200 euros. Tot l&#8217;alumnat ha valorat positivament la participaci\u00f3 i l&#8217;aprenentatge d&#8217;aquest esdeveniment, coordinat per l&#8217;equip d&#8217;Innova FP de l&#8217;Intermunicipal.<\/p>\n<p>Tota una experi\u00e8ncia que permet apropar la ind\u00fastria i l&#8217;entorn educatiu creant sinergies. Repetirem.<\/p>\n<div style=\"width: 848px;\" class=\"wp-video\"><!--[if lt IE 9]><script>document.createElement('video');<\/script><![endif]-->\n<video class=\"wp-video-shortcode\" id=\"video-4364-1\" width=\"848\" height=\"480\" preload=\"metadata\" controls=\"controls\"><source type=\"video\/mp4\" src=\"https:\/\/agora.xtec.cat\/ins-intermunicipal\/wp-content\/uploads\/usu2220\/2025\/03\/Video-de-WhatsApp-2025-03-13-a-les-18.37.23_23f0136a.mp4?_=1\" \/><a href=\"https:\/\/agora.xtec.cat\/ins-intermunicipal\/wp-content\/uploads\/usu2220\/2025\/03\/Video-de-WhatsApp-2025-03-13-a-les-18.37.23_23f0136a.mp4\">https:\/\/agora.xtec.cat\/ins-intermunicipal\/wp-content\/uploads\/usu2220\/2025\/03\/Video-de-WhatsApp-2025-03-13-a-les-18.37.23_23f0136a.mp4<\/a><\/video><\/div>\n<p><a href=\"https:\/\/agora.xtec.cat\/ins-intermunicipal\/wp-content\/uploads\/usu2220\/2025\/03\/Imatge-de-WhatsApp-2025-03-13-a-les-18.35.17_f5e57f58.jpg\"><img loading=\"lazy\" decoding=\"async\" class=\"alignnone size-large wp-image-4367\" src=\"https:\/\/agora.xtec.cat\/ins-intermunicipal\/wp-content\/uploads\/usu2220\/2025\/03\/Imatge-de-WhatsApp-2025-03-13-a-les-18.35.17_f5e57f58-1024x768.jpg\" alt=\"\" width=\"1024\" height=\"768\" srcset=\"https:\/\/agora.xtec.cat\/ins-intermunicipal\/wp-content\/uploads\/usu2220\/2025\/03\/Imatge-de-WhatsApp-2025-03-13-a-les-18.35.17_f5e57f58-1024x768.jpg 1024w, https:\/\/agora.xtec.cat\/ins-intermunicipal\/wp-content\/uploads\/usu2220\/2025\/03\/Imatge-de-WhatsApp-2025-03-13-a-les-18.35.17_f5e57f58-300x225.jpg 300w, https:\/\/agora.xtec.cat\/ins-intermunicipal\/wp-content\/uploads\/usu2220\/2025\/03\/Imatge-de-WhatsApp-2025-03-13-a-les-18.35.17_f5e57f58-768x576.jpg 768w, https:\/\/agora.xtec.cat\/ins-intermunicipal\/wp-content\/uploads\/usu2220\/2025\/03\/Imatge-de-WhatsApp-2025-03-13-a-les-18.35.17_f5e57f58-1536x1152.jpg 1536w, https:\/\/agora.xtec.cat\/ins-intermunicipal\/wp-content\/uploads\/usu2220\/2025\/03\/Imatge-de-WhatsApp-2025-03-13-a-les-18.35.17_f5e57f58-200x150.jpg 200w, https:\/\/agora.xtec.cat\/ins-intermunicipal\/wp-content\/uploads\/usu2220\/2025\/03\/Imatge-de-WhatsApp-2025-03-13-a-les-18.35.17_f5e57f58.jpg 2048w\" sizes=\"auto, (max-width: 1024px) 100vw, 1024px\" \/><\/a> <a href=\"https:\/\/agora.xtec.cat\/ins-intermunicipal\/wp-content\/uploads\/usu2220\/2025\/03\/Imatge-de-WhatsApp-2025-03-13-a-les-18.35.17_f13a8fee.jpg\"><img loading=\"lazy\" decoding=\"async\" class=\"alignnone size-large wp-image-4368\" src=\"https:\/\/agora.xtec.cat\/ins-intermunicipal\/wp-content\/uploads\/usu2220\/2025\/03\/Imatge-de-WhatsApp-2025-03-13-a-les-18.35.17_f13a8fee-1003x1024.jpg\" alt=\"\" width=\"1003\" height=\"1024\" srcset=\"https:\/\/agora.xtec.cat\/ins-intermunicipal\/wp-content\/uploads\/usu2220\/2025\/03\/Imatge-de-WhatsApp-2025-03-13-a-les-18.35.17_f13a8fee-1003x1024.jpg 1003w, https:\/\/agora.xtec.cat\/ins-intermunicipal\/wp-content\/uploads\/usu2220\/2025\/03\/Imatge-de-WhatsApp-2025-03-13-a-les-18.35.17_f13a8fee-294x300.jpg 294w, https:\/\/agora.xtec.cat\/ins-intermunicipal\/wp-content\/uploads\/usu2220\/2025\/03\/Imatge-de-WhatsApp-2025-03-13-a-les-18.35.17_f13a8fee-768x784.jpg 768w, https:\/\/agora.xtec.cat\/ins-intermunicipal\/wp-content\/uploads\/usu2220\/2025\/03\/Imatge-de-WhatsApp-2025-03-13-a-les-18.35.17_f13a8fee-1505x1536.jpg 1505w, https:\/\/agora.xtec.cat\/ins-intermunicipal\/wp-content\/uploads\/usu2220\/2025\/03\/Imatge-de-WhatsApp-2025-03-13-a-les-18.35.17_f13a8fee.jpg 2006w\" sizes=\"auto, (max-width: 1003px) 100vw, 1003px\" \/><\/a> <a href=\"https:\/\/agora.xtec.cat\/ins-intermunicipal\/wp-content\/uploads\/usu2220\/2025\/03\/Imatge-de-WhatsApp-2025-03-13-a-les-18.35.18_c87aa7b2.jpg\"><img loading=\"lazy\" decoding=\"async\" class=\"alignnone size-large wp-image-4369\" src=\"https:\/\/agora.xtec.cat\/ins-intermunicipal\/wp-content\/uploads\/usu2220\/2025\/03\/Imatge-de-WhatsApp-2025-03-13-a-les-18.35.18_c87aa7b2-1024x768.jpg\" alt=\"\" width=\"1024\" height=\"768\" srcset=\"https:\/\/agora.xtec.cat\/ins-intermunicipal\/wp-content\/uploads\/usu2220\/2025\/03\/Imatge-de-WhatsApp-2025-03-13-a-les-18.35.18_c87aa7b2-1024x768.jpg 1024w, https:\/\/agora.xtec.cat\/ins-intermunicipal\/wp-content\/uploads\/usu2220\/2025\/03\/Imatge-de-WhatsApp-2025-03-13-a-les-18.35.18_c87aa7b2-300x225.jpg 300w, https:\/\/agora.xtec.cat\/ins-intermunicipal\/wp-content\/uploads\/usu2220\/2025\/03\/Imatge-de-WhatsApp-2025-03-13-a-les-18.35.18_c87aa7b2-768x576.jpg 768w, https:\/\/agora.xtec.cat\/ins-intermunicipal\/wp-content\/uploads\/usu2220\/2025\/03\/Imatge-de-WhatsApp-2025-03-13-a-les-18.35.18_c87aa7b2-1536x1152.jpg 1536w, https:\/\/agora.xtec.cat\/ins-intermunicipal\/wp-content\/uploads\/usu2220\/2025\/03\/Imatge-de-WhatsApp-2025-03-13-a-les-18.35.18_c87aa7b2-200x150.jpg 200w, https:\/\/agora.xtec.cat\/ins-intermunicipal\/wp-content\/uploads\/usu2220\/2025\/03\/Imatge-de-WhatsApp-2025-03-13-a-les-18.35.18_c87aa7b2.jpg 2048w\" sizes=\"auto, (max-width: 1024px) 100vw, 1024px\" \/><\/a> <a href=\"https:\/\/agora.xtec.cat\/ins-intermunicipal\/wp-content\/uploads\/usu2220\/2025\/03\/Imatge-de-WhatsApp-2025-03-13-a-les-18.35.17_fb9568c9.jpg\"><img loading=\"lazy\" decoding=\"async\" class=\"alignnone size-large wp-image-4370\" src=\"https:\/\/agora.xtec.cat\/ins-intermunicipal\/wp-content\/uploads\/usu2220\/2025\/03\/Imatge-de-WhatsApp-2025-03-13-a-les-18.35.17_fb9568c9-1024x768.jpg\" alt=\"\" width=\"1024\" height=\"768\" srcset=\"https:\/\/agora.xtec.cat\/ins-intermunicipal\/wp-content\/uploads\/usu2220\/2025\/03\/Imatge-de-WhatsApp-2025-03-13-a-les-18.35.17_fb9568c9-1024x768.jpg 1024w, https:\/\/agora.xtec.cat\/ins-intermunicipal\/wp-content\/uploads\/usu2220\/2025\/03\/Imatge-de-WhatsApp-2025-03-13-a-les-18.35.17_fb9568c9-300x225.jpg 300w, https:\/\/agora.xtec.cat\/ins-intermunicipal\/wp-content\/uploads\/usu2220\/2025\/03\/Imatge-de-WhatsApp-2025-03-13-a-les-18.35.17_fb9568c9-768x576.jpg 768w, https:\/\/agora.xtec.cat\/ins-intermunicipal\/wp-content\/uploads\/usu2220\/2025\/03\/Imatge-de-WhatsApp-2025-03-13-a-les-18.35.17_fb9568c9-1536x1152.jpg 1536w, https:\/\/agora.xtec.cat\/ins-intermunicipal\/wp-content\/uploads\/usu2220\/2025\/03\/Imatge-de-WhatsApp-2025-03-13-a-les-18.35.17_fb9568c9-200x150.jpg 200w, https:\/\/agora.xtec.cat\/ins-intermunicipal\/wp-content\/uploads\/usu2220\/2025\/03\/Imatge-de-WhatsApp-2025-03-13-a-les-18.35.17_fb9568c9.jpg 2048w\" sizes=\"auto, (max-width: 1024px) 100vw, 1024px\" \/><\/a><\/p>\n<p><a href=\"https:\/\/agora.xtec.cat\/ins-intermunicipal\/wp-content\/uploads\/usu2220\/2025\/03\/Imatge-de-WhatsApp-2025-03-13-a-les-19.36.35_80c48434.jpg\"><img loading=\"lazy\" decoding=\"async\" class=\"alignnone size-large wp-image-4372\" src=\"https:\/\/agora.xtec.cat\/ins-intermunicipal\/wp-content\/uploads\/usu2220\/2025\/03\/Imatge-de-WhatsApp-2025-03-13-a-les-19.36.35_80c48434-1024x768.jpg\" alt=\"\" width=\"1024\" height=\"768\" srcset=\"https:\/\/agora.xtec.cat\/ins-intermunicipal\/wp-content\/uploads\/usu2220\/2025\/03\/Imatge-de-WhatsApp-2025-03-13-a-les-19.36.35_80c48434-1024x768.jpg 1024w, https:\/\/agora.xtec.cat\/ins-intermunicipal\/wp-content\/uploads\/usu2220\/2025\/03\/Imatge-de-WhatsApp-2025-03-13-a-les-19.36.35_80c48434-300x225.jpg 300w, https:\/\/agora.xtec.cat\/ins-intermunicipal\/wp-content\/uploads\/usu2220\/2025\/03\/Imatge-de-WhatsApp-2025-03-13-a-les-19.36.35_80c48434-768x576.jpg 768w, https:\/\/agora.xtec.cat\/ins-intermunicipal\/wp-content\/uploads\/usu2220\/2025\/03\/Imatge-de-WhatsApp-2025-03-13-a-les-19.36.35_80c48434-1536x1152.jpg 1536w, https:\/\/agora.xtec.cat\/ins-intermunicipal\/wp-content\/uploads\/usu2220\/2025\/03\/Imatge-de-WhatsApp-2025-03-13-a-les-19.36.35_80c48434-200x150.jpg 200w, https:\/\/agora.xtec.cat\/ins-intermunicipal\/wp-content\/uploads\/usu2220\/2025\/03\/Imatge-de-WhatsApp-2025-03-13-a-les-19.36.35_80c48434.jpg 2048w\" sizes=\"auto, (max-width: 1024px) 100vw, 1024px\" \/><\/a><a href=\"https:\/\/agora.xtec.cat\/ins-intermunicipal\/wp-content\/uploads\/usu2220\/2025\/03\/Imatge-de-WhatsApp-2025-03-13-a-les-19.36.36_66f472c8.jpg\"><img loading=\"lazy\" decoding=\"async\" class=\"alignnone size-large wp-image-4373\" src=\"https:\/\/agora.xtec.cat\/ins-intermunicipal\/wp-content\/uploads\/usu2220\/2025\/03\/Imatge-de-WhatsApp-2025-03-13-a-les-19.36.36_66f472c8-768x1024.jpg\" alt=\"\" width=\"768\" height=\"1024\" srcset=\"https:\/\/agora.xtec.cat\/ins-intermunicipal\/wp-content\/uploads\/usu2220\/2025\/03\/Imatge-de-WhatsApp-2025-03-13-a-les-19.36.36_66f472c8-768x1024.jpg 768w, https:\/\/agora.xtec.cat\/ins-intermunicipal\/wp-content\/uploads\/usu2220\/2025\/03\/Imatge-de-WhatsApp-2025-03-13-a-les-19.36.36_66f472c8-225x300.jpg 225w, https:\/\/agora.xtec.cat\/ins-intermunicipal\/wp-content\/uploads\/usu2220\/2025\/03\/Imatge-de-WhatsApp-2025-03-13-a-les-19.36.36_66f472c8-1152x1536.jpg 1152w, https:\/\/agora.xtec.cat\/ins-intermunicipal\/wp-content\/uploads\/usu2220\/2025\/03\/Imatge-de-WhatsApp-2025-03-13-a-les-19.36.36_66f472c8.jpg 1536w\" sizes=\"auto, (max-width: 768px) 100vw, 768px\" \/><\/a><a href=\"https:\/\/agora.xtec.cat\/ins-intermunicipal\/wp-content\/uploads\/usu2220\/2025\/03\/Imatge-de-WhatsApp-2025-03-13-a-les-18.50.03_17c4d932.jpg\"><img loading=\"lazy\" decoding=\"async\" class=\"alignnone size-large wp-image-4365\" src=\"https:\/\/agora.xtec.cat\/ins-intermunicipal\/wp-content\/uploads\/usu2220\/2025\/03\/Imatge-de-WhatsApp-2025-03-13-a-les-18.50.03_17c4d932-768x1024.jpg\" alt=\"\" width=\"768\" height=\"1024\" srcset=\"https:\/\/agora.xtec.cat\/ins-intermunicipal\/wp-content\/uploads\/usu2220\/2025\/03\/Imatge-de-WhatsApp-2025-03-13-a-les-18.50.03_17c4d932-768x1024.jpg 768w, https:\/\/agora.xtec.cat\/ins-intermunicipal\/wp-content\/uploads\/usu2220\/2025\/03\/Imatge-de-WhatsApp-2025-03-13-a-les-18.50.03_17c4d932-225x300.jpg 225w, https:\/\/agora.xtec.cat\/ins-intermunicipal\/wp-content\/uploads\/usu2220\/2025\/03\/Imatge-de-WhatsApp-2025-03-13-a-les-18.50.03_17c4d932-1152x1536.jpg 1152w, https:\/\/agora.xtec.cat\/ins-intermunicipal\/wp-content\/uploads\/usu2220\/2025\/03\/Imatge-de-WhatsApp-2025-03-13-a-les-18.50.03_17c4d932.jpg 1536w\" sizes=\"auto, (max-width: 768px) 100vw, 768px\" \/><\/a><\/p>\n","protected":false},"excerpt":{"rendered":"<p>L&#8217;alumnat d&#8217;FP (6 alumnes del CFGM de Farm\u00e0cia i Parafarm\u00e0cia i 3 del CFGS d&#8217;Administraci\u00f3 i Finances) ha participat avui en el concurs <a href=\"https:\/\/www.econnect.cat\/\">E-connect!<\/a> de foment de l&#8217;emprenedoria i la innovaci\u00f3 empresarial que s&#8217;ha dut a terme a Vilafranca del Pened\u00e8s. Han treballat amb&hellip;  <a href=\"https:\/\/agora.xtec.cat\/ins-intermunicipal\/general\/alumnat-de-linter-premiat-a-le-connect\/\" title=\"Read Alumnat de l&#8217;\u00cdnter, premiat a l&#8217;E-connect\">Llegeix m\u00e9s\u00bb<\/a><\/p>\n","protected":false},"author":8,"featured_media":4367,"comment_status":"closed","ping_status":"closed","sticky":false,"template":"","format":"standard","meta":{"_bbp_topic_count":0,"_bbp_reply_count":0,"_bbp_total_topic_count":0,"_bbp_total_reply_count":0,"_bbp_voice_count":0,"_bbp_anonymous_reply_count":0,"_bbp_topic_count_hidden":0,"_bbp_reply_count_hidden":0,"_bbp_forum_subforum_count":0,"footnotes":""},"categories":[30,1,29,733],"tags":[],"class_list":["post-4364","post","type-post","status-publish","format-standard","has-post-thumbnail","hentry","category-formacio-professional","category-general","category-portada","category-premis"],"post_mailing_queue_ids":[],"_links":{"self":[{"href":"https:\/\/agora.xtec.cat\/ins-intermunicipal\/wp-json\/wp\/v2\/posts\/4364","targetHints":{"allow":["GET"]}}],"collection":[{"href":"https:\/\/agora.xtec.cat\/ins-intermunicipal\/wp-json\/wp\/v2\/posts"}],"about":[{"href":"https:\/\/agora.xtec.cat\/ins-intermunicipal\/wp-json\/wp\/v2\/types\/post"}],"author":[{"embeddable":true,"href":"https:\/\/agora.xtec.cat\/ins-intermunicipal\/wp-json\/wp\/v2\/users\/8"}],"replies":[{"embeddable":true,"href":"https:\/\/agora.xtec.cat\/ins-intermunicipal\/wp-json\/wp\/v2\/comments?post=4364"}],"version-history":[{"count":2,"href":"https:\/\/agora.xtec.cat\/ins-intermunicipal\/wp-json\/wp\/v2\/posts\/4364\/revisions"}],"predecessor-version":[{"id":4374,"href":"https:\/\/agora.xtec.cat\/ins-intermunicipal\/wp-json\/wp\/v2\/posts\/4364\/revisions\/4374"}],"wp:featuredmedia":[{"embeddable":true,"href":"https:\/\/agora.xtec.cat\/ins-intermunicipal\/wp-json\/wp\/v2\/media\/4367"}],"wp:attachment":[{"href":"https:\/\/agora.xtec.cat\/ins-intermunicipal\/wp-json\/wp\/v2\/media?parent=4364"}],"wp:term":[{"taxonomy":"category","embeddable":true,"href":"https:\/\/agora.xtec.cat\/ins-intermunicipal\/wp-json\/wp\/v2\/categories?post=4364"},{"taxonomy":"post_tag","embeddable":true,"href":"https:\/\/agora.xtec.cat\/ins-intermunicipal\/wp-json\/wp\/v2\/tags?post=4364"}],"curies":[{"name":"wp","href":"https:\/\/api.w.org\/{rel}","templated":true}]}}