{"id":4360,"date":"2026-03-10T11:00:18","date_gmt":"2026-03-10T10:00:18","guid":{"rendered":"https:\/\/agora.xtec.cat\/ins-intermunicipal\/?p=4360"},"modified":"2026-04-07T15:12:05","modified_gmt":"2026-04-07T13:12:05","slug":"ajuts-individuals-al-desplacament-curs-2025-26","status":"publish","type":"post","link":"https:\/\/agora.xtec.cat\/ins-intermunicipal\/general\/ajuts-individuals-al-desplacament-curs-2025-26\/","title":{"rendered":"IMPORTANT: ajuts individuals al despla\u00e7ament per al curs 2025\/26"},"content":{"rendered":"<p>S&#8217;ha obert el termini per sol\u00b7licitar ajuts al despla\u00e7ament del <strong>present curs 25-26<\/strong>. Aquest ajut \u00e9s dirigit a les fam\u00edlies que utilitzin transport escolar i tinguin la parada del bus a <strong>m\u00e9s de 3\u202fkm<\/strong> respecte al seu domicili.<\/p>\n<p>Podeu trobar el document per fer la sol\u00b7licitud i tota la informaci\u00f3 necess\u00e0ria a l\u2019apartat de <a href=\"https:\/\/tramits.ccapenedes.cat\/Ciutadania\/DetallTramit.aspx?IdTema=59&amp;IdTramit=198\" target=\"_blank\" rel=\"noopener\">&#8220;Tr\u00e0mits i gestions \/ Ciutadania \/ ENSENYAMENT-Transport escolar \/ Ajuts individuals de Despla\u00e7ament&#8221; de la web del Consell Comarcal.\u00a0<\/a><\/p>\n<p>Demanem a les fam\u00edlies que omplin la sol\u00b7licitud que n&#8217;informin al centre mitjan\u00e7ant un email a <a href=\"mailto:secretaria@intermunicipal.cat\" target=\"_blank\" rel=\"noopener\">secretaria@intermunicipal.cat<\/a><\/p>\n<p><strong>El termini per presentar la sol\u00b7licitud \u00e9s el divendres 27 de mar\u00e7.<\/strong><\/p>\n<p>&nbsp;<\/p>\n","protected":false},"excerpt":{"rendered":"<p>S&#8217;ha obert el termini per sol\u00b7licitar ajuts al despla\u00e7ament del present curs 25-26. Aquest ajut \u00e9s dirigit a les fam\u00edlies que utilitzin transport escolar i tinguin la parada del bus a m\u00e9s de 3\u202fkm respecte al seu domicili.<br \/>\nPodeu trobar el document per fer la sol\u00b7licitud&hellip;  <a href=\"https:\/\/agora.xtec.cat\/ins-intermunicipal\/general\/ajuts-individuals-al-desplacament-curs-2025-26\/\" title=\"Read IMPORTANT: ajuts individuals al despla\u00e7ament per al curs 2025\/26\">Llegeix m\u00e9s\u00bb<\/a><\/p>\n","protected":false},"author":6,"featured_media":5788,"comment_status":"closed","ping_status":"closed","sticky":false,"template":"","format":"standard","meta":{"_bbp_topic_count":0,"_bbp_reply_count":0,"_bbp_total_topic_count":0,"_bbp_total_reply_count":0,"_bbp_voice_count":0,"_bbp_anonymous_reply_count":0,"_bbp_topic_count_hidden":0,"_bbp_reply_count_hidden":0,"_bbp_forum_subforum_count":0,"footnotes":""},"categories":[1,29],"tags":[],"class_list":["post-4360","post","type-post","status-publish","format-standard","has-post-thumbnail","hentry","category-general","category-portada"],"post_mailing_queue_ids":[],"_links":{"self":[{"href":"https:\/\/agora.xtec.cat\/ins-intermunicipal\/wp-json\/wp\/v2\/posts\/4360","targetHints":{"allow":["GET"]}}],"collection":[{"href":"https:\/\/agora.xtec.cat\/ins-intermunicipal\/wp-json\/wp\/v2\/posts"}],"about":[{"href":"https:\/\/agora.xtec.cat\/ins-intermunicipal\/wp-json\/wp\/v2\/types\/post"}],"author":[{"embeddable":true,"href":"https:\/\/agora.xtec.cat\/ins-intermunicipal\/wp-json\/wp\/v2\/users\/6"}],"replies":[{"embeddable":true,"href":"https:\/\/agora.xtec.cat\/ins-intermunicipal\/wp-json\/wp\/v2\/comments?post=4360"}],"version-history":[{"count":6,"href":"https:\/\/agora.xtec.cat\/ins-intermunicipal\/wp-json\/wp\/v2\/posts\/4360\/revisions"}],"predecessor-version":[{"id":5789,"href":"https:\/\/agora.xtec.cat\/ins-intermunicipal\/wp-json\/wp\/v2\/posts\/4360\/revisions\/5789"}],"wp:featuredmedia":[{"embeddable":true,"href":"https:\/\/agora.xtec.cat\/ins-intermunicipal\/wp-json\/wp\/v2\/media\/5788"}],"wp:attachment":[{"href":"https:\/\/agora.xtec.cat\/ins-intermunicipal\/wp-json\/wp\/v2\/media?parent=4360"}],"wp:term":[{"taxonomy":"category","embeddable":true,"href":"https:\/\/agora.xtec.cat\/ins-intermunicipal\/wp-json\/wp\/v2\/categories?post=4360"},{"taxonomy":"post_tag","embeddable":true,"href":"https:\/\/agora.xtec.cat\/ins-intermunicipal\/wp-json\/wp\/v2\/tags?post=4360"}],"curies":[{"name":"wp","href":"https:\/\/api.w.org\/{rel}","templated":true}]}}