{"id":4332,"date":"2025-03-10T11:45:36","date_gmt":"2025-03-10T10:45:36","guid":{"rendered":"https:\/\/agora.xtec.cat\/ins-intermunicipal\/?p=4332"},"modified":"2025-06-05T10:01:47","modified_gmt":"2025-06-05T08:01:47","slug":"jaume-vallverdu-presenta-el-seu-tdr-al-vinseum","status":"publish","type":"post","link":"https:\/\/agora.xtec.cat\/ins-intermunicipal\/general\/jaume-vallverdu-presenta-el-seu-tdr-al-vinseum\/","title":{"rendered":"Jaume Vallverd\u00fa presenta el seu TdR al Vinseum"},"content":{"rendered":"<p align=\"justify\"><span style=\"color: #222222;\"><span style=\"font-family: Arial, Helvetica, sans-serif;\"><span style=\"font-size: medium;\">El passat dijous, 6 de mar\u00e7, es van presentar a l\u2019<\/span><\/span><\/span><span style=\"color: #222222;\"><span style=\"font-family: Arial, Helvetica, sans-serif;\"><span style=\"font-size: medium;\">auditori del<\/span><\/span><\/span><span style=\"color: #339966;\"><a style=\"color: #339966;\" href=\"https:\/\/vinseum.cat\/\" target=\"_blank\" rel=\"noopener\"><span style=\"font-family: Arial, Helvetica, sans-serif;\"><span style=\"font-size: medium;\"> Vinseum<\/span><\/span> <\/a><\/span><span style=\"color: #222222;\"><span style=\"font-family: Arial, Helvetica, sans-serif;\"><span style=\"font-size: medium;\">alguns Treballs de Recerca de Batxillerat vinculats a la nostra comarca i a la vinya. Van participar-hi alumnes de les Escoles Amigues del Vinseum i, entre ells, ho va fer <\/span><\/span><\/span><span style=\"color: #222222;\"><span style=\"font-family: Arial, Helvetica, sans-serif;\"><span style=\"font-size: medium;\">tamb\u00e9 <\/span><\/span><\/span><span style=\"color: #222222;\"><span style=\"font-family: Arial, Helvetica, sans-serif;\"><span style=\"font-size: medium;\">el nostre alumne Jaume Vallverd\u00fa S\u00e1ez de 2n de Batxillerat de ci\u00e8ncies amb el treball titulat <\/span><\/span><\/span><span style=\"color: #222222;\"><span style=\"font-family: Arial, Helvetica, sans-serif;\"><span style=\"font-size: medium;\"><b>Seguiment d\u2019amfibis a Torrelavit<\/b><\/span><\/span><\/span><span style=\"color: #222222;\"><span style=\"font-family: Arial, Helvetica, sans-serif;\"><span style=\"font-size: medium;\">. <\/span><\/span><\/span><span style=\"color: #222222;\"><span style=\"font-family: Arial, Helvetica, sans-serif;\"><span style=\"font-size: medium;\">Felicitats, Jaume!<\/span><\/span><\/span><\/p>\n<p align=\"justify\"><a href=\"https:\/\/agora.xtec.cat\/ins-intermunicipal\/wp-content\/uploads\/usu2220\/2025\/03\/IMG_2732.jpeg\"><img loading=\"lazy\" decoding=\"async\" class=\" wp-image-4333 alignleft\" src=\"https:\/\/agora.xtec.cat\/ins-intermunicipal\/wp-content\/uploads\/usu2220\/2025\/03\/IMG_2732-300x228.jpeg\" alt=\"\" width=\"384\" height=\"292\" srcset=\"https:\/\/agora.xtec.cat\/ins-intermunicipal\/wp-content\/uploads\/usu2220\/2025\/03\/IMG_2732-300x228.jpeg 300w, https:\/\/agora.xtec.cat\/ins-intermunicipal\/wp-content\/uploads\/usu2220\/2025\/03\/IMG_2732.jpeg 617w\" sizes=\"auto, (max-width: 384px) 100vw, 384px\" \/><\/a> <a href=\"https:\/\/agora.xtec.cat\/ins-intermunicipal\/wp-content\/uploads\/usu2220\/2025\/03\/IMG_2740.jpeg\"><img loading=\"lazy\" decoding=\"async\" class=\"wp-image-4334 alignleft\" src=\"https:\/\/agora.xtec.cat\/ins-intermunicipal\/wp-content\/uploads\/usu2220\/2025\/03\/IMG_2740-300x215.jpeg\" alt=\"\" width=\"405\" height=\"290\" srcset=\"https:\/\/agora.xtec.cat\/ins-intermunicipal\/wp-content\/uploads\/usu2220\/2025\/03\/IMG_2740-300x215.jpeg 300w, https:\/\/agora.xtec.cat\/ins-intermunicipal\/wp-content\/uploads\/usu2220\/2025\/03\/IMG_2740.jpeg 700w\" sizes=\"auto, (max-width: 405px) 100vw, 405px\" \/><\/a><\/p>\n","protected":false},"excerpt":{"rendered":"<p>El passat dijous, 6 de mar\u00e7, es van presentar a l\u2019auditori del<a style=\"color: #339966;\" href=\"https:\/\/vinseum.cat\/\" target=\"_blank\" rel=\"noopener\"> Vinseum <\/a>alguns Treballs de Recerca de Batxillerat vinculats a la nostra comarca i a la vinya. Van participar-hi alumnes de les Escoles Amigues del Vinseum i, entre ells,&hellip;  <a href=\"https:\/\/agora.xtec.cat\/ins-intermunicipal\/general\/jaume-vallverdu-presenta-el-seu-tdr-al-vinseum\/\" title=\"Read Jaume Vallverd\u00fa presenta el seu TdR al Vinseum\">Llegeix m\u00e9s\u00bb<\/a><\/p>\n","protected":false},"author":7,"featured_media":4333,"comment_status":"closed","ping_status":"closed","sticky":false,"template":"","format":"standard","meta":{"_bbp_topic_count":0,"_bbp_reply_count":0,"_bbp_total_topic_count":0,"_bbp_total_reply_count":0,"_bbp_voice_count":0,"_bbp_anonymous_reply_count":0,"_bbp_topic_count_hidden":0,"_bbp_reply_count_hidden":0,"_bbp_forum_subforum_count":0,"footnotes":""},"categories":[107,113,8,1,29,733],"tags":[615,614,616,194,613],"class_list":["post-4332","post","type-post","status-publish","format-standard","has-post-thumbnail","hentry","category-bat2","category-bat2a","category-bat","category-general","category-portada","category-premis","tag-amfibis","tag-jaume-vallverdu","tag-torrelavit","tag-treball-de-recerca","tag-vinseum"],"post_mailing_queue_ids":[],"_links":{"self":[{"href":"https:\/\/agora.xtec.cat\/ins-intermunicipal\/wp-json\/wp\/v2\/posts\/4332","targetHints":{"allow":["GET"]}}],"collection":[{"href":"https:\/\/agora.xtec.cat\/ins-intermunicipal\/wp-json\/wp\/v2\/posts"}],"about":[{"href":"https:\/\/agora.xtec.cat\/ins-intermunicipal\/wp-json\/wp\/v2\/types\/post"}],"author":[{"embeddable":true,"href":"https:\/\/agora.xtec.cat\/ins-intermunicipal\/wp-json\/wp\/v2\/users\/7"}],"replies":[{"embeddable":true,"href":"https:\/\/agora.xtec.cat\/ins-intermunicipal\/wp-json\/wp\/v2\/comments?post=4332"}],"version-history":[{"count":5,"href":"https:\/\/agora.xtec.cat\/ins-intermunicipal\/wp-json\/wp\/v2\/posts\/4332\/revisions"}],"predecessor-version":[{"id":4339,"href":"https:\/\/agora.xtec.cat\/ins-intermunicipal\/wp-json\/wp\/v2\/posts\/4332\/revisions\/4339"}],"wp:featuredmedia":[{"embeddable":true,"href":"https:\/\/agora.xtec.cat\/ins-intermunicipal\/wp-json\/wp\/v2\/media\/4333"}],"wp:attachment":[{"href":"https:\/\/agora.xtec.cat\/ins-intermunicipal\/wp-json\/wp\/v2\/media?parent=4332"}],"wp:term":[{"taxonomy":"category","embeddable":true,"href":"https:\/\/agora.xtec.cat\/ins-intermunicipal\/wp-json\/wp\/v2\/categories?post=4332"},{"taxonomy":"post_tag","embeddable":true,"href":"https:\/\/agora.xtec.cat\/ins-intermunicipal\/wp-json\/wp\/v2\/tags?post=4332"}],"curies":[{"name":"wp","href":"https:\/\/api.w.org\/{rel}","templated":true}]}}