{"id":4330,"date":"2025-03-07T18:21:33","date_gmt":"2025-03-07T17:21:33","guid":{"rendered":"https:\/\/agora.xtec.cat\/ins-intermunicipal\/?p=4330"},"modified":"2025-03-07T18:21:33","modified_gmt":"2025-03-07T17:21:33","slug":"ofertes-de-feina-a-lalt-penedes-7-de-marc","status":"publish","type":"post","link":"https:\/\/agora.xtec.cat\/ins-intermunicipal\/formacio-professional\/feina-fp\/ofertes-de-feina-a-lalt-penedes-7-de-marc\/","title":{"rendered":"Ofertes de feina a l&#8217;Alt Pened\u00e8s. 7 de mar\u00e7."},"content":{"rendered":"<p>Compartim amb vosaltres <a href=\"http:\/\/Compartim amb vosaltres les ofertes de feina actualitzades que l\u2019Oficina Municipal del Treball de Vilafranca del Pened\u00e8s ens ha preparat. Trobareu vacants vinculades als estudis que tenim a l\u2019Institut Intermunicipal del Pened\u00e8s. L\u2019oficina ens informa tamb\u00e9 sobre com s\u2019ha de procedir per formalitzar les inscripcions.  Tamb\u00e9 ens comunica els cursos o c\u00e0psules formatives que ofereixen al mes de mar\u00e7.\">les ofertes de feina actualitzades<\/a> que l\u2019Oficina Municipal del Treball de Vilafranca del Pened\u00e8s ens ha preparat. Trobareu vacants vinculades als estudis que tenim a l\u2019Institut Intermunicipal del Pened\u00e8s. L\u2019oficina ens informa tamb\u00e9 sobre <a href=\"https:\/\/drive.google.com\/file\/d\/1ZVPqgy1ES3iahn_FZdCYAZLORcD17Ci-\/view?usp=sharing\">com s\u2019ha de procedir per formalitzar les inscripcions<\/a>.<\/p>\n<p>Tamb\u00e9 ens comunica els <a href=\"https:\/\/drive.google.com\/file\/d\/1dGAUtQ_2UA9p3QxwIPICkyvd1voCtWq0\/view?usp=sharing\">cursos o c\u00e0psules formatives<\/a> que ofereixen al mes de mar\u00e7.<\/p>\n","protected":false},"excerpt":{"rendered":"<p>Compartim amb vosaltres <a href=\"http:\/\/Compartim amb vosaltres les ofertes de feina actualitzades que l\u2019Oficina Municipal del Treball de Vilafranca del Pened\u00e8s ens ha preparat. Trobareu vacants vinculades als estudis que tenim a l\u2019Institut Intermunicipal del Pened\u00e8s. L\u2019oficina ens informa tamb\u00e9 sobre com s\u2019ha de procedir&hellip;  <a href=\"https:\/\/agora.xtec.cat\/ins-intermunicipal\/formacio-professional\/feina-fp\/ofertes-de-feina-a-lalt-penedes-7-de-marc\/\" title=\"Read Ofertes de feina a l&#8217;Alt Pened\u00e8s. 7 de mar\u00e7.\">Llegeix m\u00e9s\u00bb<\/a><\/p>\n","protected":false},"author":8,"featured_media":0,"comment_status":"closed","ping_status":"closed","sticky":false,"template":"","format":"standard","meta":{"_bbp_topic_count":0,"_bbp_reply_count":0,"_bbp_total_topic_count":0,"_bbp_total_reply_count":0,"_bbp_voice_count":0,"_bbp_anonymous_reply_count":0,"_bbp_topic_count_hidden":0,"_bbp_reply_count_hidden":0,"_bbp_forum_subforum_count":0,"footnotes":""},"categories":[189],"tags":[],"class_list":["post-4330","post","type-post","status-publish","format-standard","hentry","category-feina-fp"],"post_mailing_queue_ids":[],"_links":{"self":[{"href":"https:\/\/agora.xtec.cat\/ins-intermunicipal\/wp-json\/wp\/v2\/posts\/4330","targetHints":{"allow":["GET"]}}],"collection":[{"href":"https:\/\/agora.xtec.cat\/ins-intermunicipal\/wp-json\/wp\/v2\/posts"}],"about":[{"href":"https:\/\/agora.xtec.cat\/ins-intermunicipal\/wp-json\/wp\/v2\/types\/post"}],"author":[{"embeddable":true,"href":"https:\/\/agora.xtec.cat\/ins-intermunicipal\/wp-json\/wp\/v2\/users\/8"}],"replies":[{"embeddable":true,"href":"https:\/\/agora.xtec.cat\/ins-intermunicipal\/wp-json\/wp\/v2\/comments?post=4330"}],"version-history":[{"count":1,"href":"https:\/\/agora.xtec.cat\/ins-intermunicipal\/wp-json\/wp\/v2\/posts\/4330\/revisions"}],"predecessor-version":[{"id":4331,"href":"https:\/\/agora.xtec.cat\/ins-intermunicipal\/wp-json\/wp\/v2\/posts\/4330\/revisions\/4331"}],"wp:attachment":[{"href":"https:\/\/agora.xtec.cat\/ins-intermunicipal\/wp-json\/wp\/v2\/media?parent=4330"}],"wp:term":[{"taxonomy":"category","embeddable":true,"href":"https:\/\/agora.xtec.cat\/ins-intermunicipal\/wp-json\/wp\/v2\/categories?post=4330"},{"taxonomy":"post_tag","embeddable":true,"href":"https:\/\/agora.xtec.cat\/ins-intermunicipal\/wp-json\/wp\/v2\/tags?post=4330"}],"curies":[{"name":"wp","href":"https:\/\/api.w.org\/{rel}","templated":true}]}}