{"id":4325,"date":"2025-03-07T18:07:21","date_gmt":"2025-03-07T17:07:21","guid":{"rendered":"https:\/\/agora.xtec.cat\/ins-intermunicipal\/?p=4325"},"modified":"2025-03-07T18:08:56","modified_gmt":"2025-03-07T17:08:56","slug":"8-de-marc-drets-igualtat-i-empoderament","status":"publish","type":"post","link":"https:\/\/agora.xtec.cat\/ins-intermunicipal\/general\/8-de-marc-drets-igualtat-i-empoderament\/","title":{"rendered":"8 de mar\u00e7. Drets, igualtat i empoderament"},"content":{"rendered":"<p>L&#8217;alumnat del m\u00f2dul d&#8217;Atenci\u00f3 a les unitats de conviv\u00e8ncia dins del CFGS d&#8217;Integraci\u00f3 Social ha debatut aquests dies, dins de l&#8217;aula, les difer\u00e8ncies que malauradament encara existeixen per ra\u00f3 de g\u00e8nere aprofitant la commemoraci\u00f3 del Dia Internacional de la Dona, el 8 de mar\u00e7. Us mostrem en aquest<a href=\"https:\/\/drive.google.com\/file\/d\/1iZRJmwU6x0XpXoO2WRiZlZ1JJHrlBY5M\/view?usp=sharing\"> enlla\u00e7<\/a> la feina que han fet per generar reflexi\u00f3 sobre la data, una tasca creativa que s&#8217;afegeix al debat sobre la lluita per la igualtat que s&#8217;ha fet en moltes altres classes de l&#8217;institut. Us afegim, a m\u00e9s<a href=\"https:\/\/dones.gencat.cat\/ca\/detalls\/Article\/origen_dia_internacional\">, en aquest enlla\u00e7,<\/a> informaci\u00f3 del sentit i la hist\u00f2ria de la commemoraci\u00f3.<\/p>\n<p>El lema de l&#8217;ONU per la diada d&#8217;enguany \u00e9s: &#8220;Per a les dones i nenes en TOTA la seva diversitat: Drets, igualtat i empoderament\u201d.<\/p>\n<p>&nbsp;<\/p>\n","protected":false},"excerpt":{"rendered":"<p>L&#8217;alumnat del m\u00f2dul d&#8217;Atenci\u00f3 a les unitats de conviv\u00e8ncia dins del CFGS d&#8217;Integraci\u00f3 Social ha debatut aquests dies, dins de l&#8217;aula, les difer\u00e8ncies que malauradament encara existeixen per ra\u00f3 de g\u00e8nere aprofitant la commemoraci\u00f3 del Dia Internacional de la Dona, el 8 de mar\u00e7. Us&hellip;  <a href=\"https:\/\/agora.xtec.cat\/ins-intermunicipal\/general\/8-de-marc-drets-igualtat-i-empoderament\/\" title=\"Read 8 de mar\u00e7. Drets, igualtat i empoderament\">Llegeix m\u00e9s\u00bb<\/a><\/p>\n","protected":false},"author":8,"featured_media":4326,"comment_status":"closed","ping_status":"closed","sticky":false,"template":"","format":"standard","meta":{"_bbp_topic_count":0,"_bbp_reply_count":0,"_bbp_total_topic_count":0,"_bbp_total_reply_count":0,"_bbp_voice_count":0,"_bbp_anonymous_reply_count":0,"_bbp_topic_count_hidden":0,"_bbp_reply_count_hidden":0,"_bbp_forum_subforum_count":0,"footnotes":""},"categories":[30,1,29],"tags":[],"class_list":["post-4325","post","type-post","status-publish","format-standard","has-post-thumbnail","hentry","category-formacio-professional","category-general","category-portada"],"post_mailing_queue_ids":[],"_links":{"self":[{"href":"https:\/\/agora.xtec.cat\/ins-intermunicipal\/wp-json\/wp\/v2\/posts\/4325","targetHints":{"allow":["GET"]}}],"collection":[{"href":"https:\/\/agora.xtec.cat\/ins-intermunicipal\/wp-json\/wp\/v2\/posts"}],"about":[{"href":"https:\/\/agora.xtec.cat\/ins-intermunicipal\/wp-json\/wp\/v2\/types\/post"}],"author":[{"embeddable":true,"href":"https:\/\/agora.xtec.cat\/ins-intermunicipal\/wp-json\/wp\/v2\/users\/8"}],"replies":[{"embeddable":true,"href":"https:\/\/agora.xtec.cat\/ins-intermunicipal\/wp-json\/wp\/v2\/comments?post=4325"}],"version-history":[{"count":3,"href":"https:\/\/agora.xtec.cat\/ins-intermunicipal\/wp-json\/wp\/v2\/posts\/4325\/revisions"}],"predecessor-version":[{"id":4329,"href":"https:\/\/agora.xtec.cat\/ins-intermunicipal\/wp-json\/wp\/v2\/posts\/4325\/revisions\/4329"}],"wp:featuredmedia":[{"embeddable":true,"href":"https:\/\/agora.xtec.cat\/ins-intermunicipal\/wp-json\/wp\/v2\/media\/4326"}],"wp:attachment":[{"href":"https:\/\/agora.xtec.cat\/ins-intermunicipal\/wp-json\/wp\/v2\/media?parent=4325"}],"wp:term":[{"taxonomy":"category","embeddable":true,"href":"https:\/\/agora.xtec.cat\/ins-intermunicipal\/wp-json\/wp\/v2\/categories?post=4325"},{"taxonomy":"post_tag","embeddable":true,"href":"https:\/\/agora.xtec.cat\/ins-intermunicipal\/wp-json\/wp\/v2\/tags?post=4325"}],"curies":[{"name":"wp","href":"https:\/\/api.w.org\/{rel}","templated":true}]}}