{"id":4316,"date":"2025-03-07T11:17:59","date_gmt":"2025-03-07T10:17:59","guid":{"rendered":"https:\/\/agora.xtec.cat\/ins-intermunicipal\/?p=4316"},"modified":"2025-03-07T11:27:15","modified_gmt":"2025-03-07T10:27:15","slug":"en-marxa-les-jornades-culturals-2025","status":"publish","type":"post","link":"https:\/\/agora.xtec.cat\/ins-intermunicipal\/general\/en-marxa-les-jornades-culturals-2025\/","title":{"rendered":"En marxa les Jornades Culturals 2025"},"content":{"rendered":"<p style=\"text-align: justify;\"><a href=\"https:\/\/agora.xtec.cat\/ins-intermunicipal\/wp-content\/uploads\/usu2220\/2025\/03\/2.png\"><img loading=\"lazy\" decoding=\"async\" class=\"size-medium wp-image-4320 alignleft\" src=\"https:\/\/agora.xtec.cat\/ins-intermunicipal\/wp-content\/uploads\/usu2220\/2025\/03\/2-300x209.png\" alt=\"\" width=\"300\" height=\"209\" srcset=\"https:\/\/agora.xtec.cat\/ins-intermunicipal\/wp-content\/uploads\/usu2220\/2025\/03\/2-300x209.png 300w, https:\/\/agora.xtec.cat\/ins-intermunicipal\/wp-content\/uploads\/usu2220\/2025\/03\/2-1024x714.png 1024w, https:\/\/agora.xtec.cat\/ins-intermunicipal\/wp-content\/uploads\/usu2220\/2025\/03\/2-768x536.png 768w, https:\/\/agora.xtec.cat\/ins-intermunicipal\/wp-content\/uploads\/usu2220\/2025\/03\/2-1536x1071.png 1536w, https:\/\/agora.xtec.cat\/ins-intermunicipal\/wp-content\/uploads\/usu2220\/2025\/03\/2.png 2000w\" sizes=\"auto, (max-width: 300px) 100vw, 300px\" \/><\/a>Ja s\u2019estan organitzant les Jornades Culturals d\u2019aquest curs! Les celebrarem els dies 28, 29 i 30 d\u2019abril i hi haur\u00e0 com sempre tota una colla d\u2019activitats i de tallers en els qual podeu participar. Per fer-ho, us hi heu d\u2019apuntar abans del dimarts vinent, 11 de mar\u00e7, al formulari <a href=\"https:\/\/docs.google.com\/forms\/d\/e\/1FAIpQLSdWSqJ0IpB05ldpcFaBopWlARAWzkW_XMcZjwYoUcpeecnWPg\/viewform\" target=\"_blank\" rel=\"noopener\">TRIA DELS TALLERS JJCC\u201925<\/a>.<\/p>\n<p style=\"text-align: justify;\">A sota us deixem els cartells amb tots els tallers que es faran enguany, per\u00f2 podeu trobar molta m\u00e9s informaci\u00f3 si visiteu la p\u00e0gina de les <a href=\"https:\/\/sites.google.com\/intermunicipal.cat\/jornadesculturals2025\/inici\" target=\"_blank\" rel=\"noopener\">Jornades Culturals 2025<\/a>. Hi trobareu informaci\u00f3 ampliada sobre les activitats per nivells i sobre tots els tallers, els horaris o, tamb\u00e9, els <a href=\"https:\/\/sites.google.com\/intermunicipal.cat\/jornadesculturals2025\/patrocinadors\" target=\"_blank\" rel=\"noopener\">col\u00b7laboradors<\/a>.<\/p>\n<p style=\"text-align: justify;\">No badeu i correu a fer la vostra inscripci\u00f3!<\/p>\n<p><a href=\"https:\/\/agora.xtec.cat\/ins-intermunicipal\/wp-content\/uploads\/usu2220\/2025\/03\/4.png\"><img loading=\"lazy\" decoding=\"async\" class=\" wp-image-4317 alignleft\" src=\"https:\/\/agora.xtec.cat\/ins-intermunicipal\/wp-content\/uploads\/usu2220\/2025\/03\/4-212x300.png\" alt=\"\" width=\"201\" height=\"284\" srcset=\"https:\/\/agora.xtec.cat\/ins-intermunicipal\/wp-content\/uploads\/usu2220\/2025\/03\/4-212x300.png 212w, https:\/\/agora.xtec.cat\/ins-intermunicipal\/wp-content\/uploads\/usu2220\/2025\/03\/4-724x1024.png 724w, https:\/\/agora.xtec.cat\/ins-intermunicipal\/wp-content\/uploads\/usu2220\/2025\/03\/4-768x1086.png 768w, https:\/\/agora.xtec.cat\/ins-intermunicipal\/wp-content\/uploads\/usu2220\/2025\/03\/4-1086x1536.png 1086w, https:\/\/agora.xtec.cat\/ins-intermunicipal\/wp-content\/uploads\/usu2220\/2025\/03\/4.png 1414w\" sizes=\"auto, (max-width: 201px) 100vw, 201px\" \/><\/a> <a href=\"https:\/\/agora.xtec.cat\/ins-intermunicipal\/wp-content\/uploads\/usu2220\/2025\/03\/3.png\"><img loading=\"lazy\" decoding=\"async\" class=\" wp-image-4318 alignleft\" src=\"https:\/\/agora.xtec.cat\/ins-intermunicipal\/wp-content\/uploads\/usu2220\/2025\/03\/3-212x300.png\" alt=\"\" width=\"200\" height=\"283\" srcset=\"https:\/\/agora.xtec.cat\/ins-intermunicipal\/wp-content\/uploads\/usu2220\/2025\/03\/3-212x300.png 212w, https:\/\/agora.xtec.cat\/ins-intermunicipal\/wp-content\/uploads\/usu2220\/2025\/03\/3-724x1024.png 724w, https:\/\/agora.xtec.cat\/ins-intermunicipal\/wp-content\/uploads\/usu2220\/2025\/03\/3-768x1086.png 768w, https:\/\/agora.xtec.cat\/ins-intermunicipal\/wp-content\/uploads\/usu2220\/2025\/03\/3-1086x1536.png 1086w, https:\/\/agora.xtec.cat\/ins-intermunicipal\/wp-content\/uploads\/usu2220\/2025\/03\/3.png 1414w\" sizes=\"auto, (max-width: 200px) 100vw, 200px\" \/><\/a> <a href=\"https:\/\/agora.xtec.cat\/ins-intermunicipal\/wp-content\/uploads\/usu2220\/2025\/03\/2_1.png\"><img loading=\"lazy\" decoding=\"async\" class=\" wp-image-4319 alignleft\" src=\"https:\/\/agora.xtec.cat\/ins-intermunicipal\/wp-content\/uploads\/usu2220\/2025\/03\/2_1-212x300.png\" alt=\"\" width=\"201\" height=\"284\" srcset=\"https:\/\/agora.xtec.cat\/ins-intermunicipal\/wp-content\/uploads\/usu2220\/2025\/03\/2_1-212x300.png 212w, https:\/\/agora.xtec.cat\/ins-intermunicipal\/wp-content\/uploads\/usu2220\/2025\/03\/2_1-724x1024.png 724w, https:\/\/agora.xtec.cat\/ins-intermunicipal\/wp-content\/uploads\/usu2220\/2025\/03\/2_1-768x1086.png 768w, https:\/\/agora.xtec.cat\/ins-intermunicipal\/wp-content\/uploads\/usu2220\/2025\/03\/2_1-1086x1536.png 1086w, https:\/\/agora.xtec.cat\/ins-intermunicipal\/wp-content\/uploads\/usu2220\/2025\/03\/2_1.png 1414w\" sizes=\"auto, (max-width: 201px) 100vw, 201px\" \/><\/a><a href=\"https:\/\/agora.xtec.cat\/ins-intermunicipal\/wp-content\/uploads\/usu2220\/2025\/03\/1.png\"><img loading=\"lazy\" decoding=\"async\" class=\" wp-image-4321 alignleft\" src=\"https:\/\/agora.xtec.cat\/ins-intermunicipal\/wp-content\/uploads\/usu2220\/2025\/03\/1-212x300.png\" alt=\"\" width=\"199\" height=\"282\" srcset=\"https:\/\/agora.xtec.cat\/ins-intermunicipal\/wp-content\/uploads\/usu2220\/2025\/03\/1-212x300.png 212w, https:\/\/agora.xtec.cat\/ins-intermunicipal\/wp-content\/uploads\/usu2220\/2025\/03\/1-724x1024.png 724w, https:\/\/agora.xtec.cat\/ins-intermunicipal\/wp-content\/uploads\/usu2220\/2025\/03\/1-768x1086.png 768w, https:\/\/agora.xtec.cat\/ins-intermunicipal\/wp-content\/uploads\/usu2220\/2025\/03\/1.png 900w\" sizes=\"auto, (max-width: 199px) 100vw, 199px\" \/><\/a><\/p>\n","protected":false},"excerpt":{"rendered":"<p><a href=\"https:\/\/agora.xtec.cat\/ins-intermunicipal\/wp-content\/uploads\/usu2220\/2025\/03\/2.png\"><\/a>Ja s\u2019estan organitzant les Jornades Culturals d\u2019aquest curs! Les celebrarem els dies 28, 29 i 30 d\u2019abril i hi haur\u00e0 com sempre tota una colla d\u2019activitats i de tallers en els qual podeu participar. Per fer-ho, us hi heu d\u2019apuntar abans del dimarts vinent,&hellip;  <a href=\"https:\/\/agora.xtec.cat\/ins-intermunicipal\/general\/en-marxa-les-jornades-culturals-2025\/\" title=\"Read En marxa les Jornades Culturals 2025\">Llegeix m\u00e9s\u00bb<\/a><\/p>\n","protected":false},"author":7,"featured_media":4320,"comment_status":"closed","ping_status":"closed","sticky":false,"template":"","format":"standard","meta":{"_bbp_topic_count":0,"_bbp_reply_count":0,"_bbp_total_topic_count":0,"_bbp_total_reply_count":0,"_bbp_voice_count":0,"_bbp_anonymous_reply_count":0,"_bbp_topic_count_hidden":0,"_bbp_reply_count_hidden":0,"_bbp_forum_subforum_count":0,"footnotes":""},"categories":[8,3,1,29],"tags":[612,327,58],"class_list":["post-4316","post","type-post","status-publish","format-standard","has-post-thumbnail","hentry","category-bat","category-eso","category-general","category-portada","tag-activitats","tag-jornades-culturals","tag-tallers"],"post_mailing_queue_ids":[],"_links":{"self":[{"href":"https:\/\/agora.xtec.cat\/ins-intermunicipal\/wp-json\/wp\/v2\/posts\/4316","targetHints":{"allow":["GET"]}}],"collection":[{"href":"https:\/\/agora.xtec.cat\/ins-intermunicipal\/wp-json\/wp\/v2\/posts"}],"about":[{"href":"https:\/\/agora.xtec.cat\/ins-intermunicipal\/wp-json\/wp\/v2\/types\/post"}],"author":[{"embeddable":true,"href":"https:\/\/agora.xtec.cat\/ins-intermunicipal\/wp-json\/wp\/v2\/users\/7"}],"replies":[{"embeddable":true,"href":"https:\/\/agora.xtec.cat\/ins-intermunicipal\/wp-json\/wp\/v2\/comments?post=4316"}],"version-history":[{"count":2,"href":"https:\/\/agora.xtec.cat\/ins-intermunicipal\/wp-json\/wp\/v2\/posts\/4316\/revisions"}],"predecessor-version":[{"id":4324,"href":"https:\/\/agora.xtec.cat\/ins-intermunicipal\/wp-json\/wp\/v2\/posts\/4316\/revisions\/4324"}],"wp:featuredmedia":[{"embeddable":true,"href":"https:\/\/agora.xtec.cat\/ins-intermunicipal\/wp-json\/wp\/v2\/media\/4320"}],"wp:attachment":[{"href":"https:\/\/agora.xtec.cat\/ins-intermunicipal\/wp-json\/wp\/v2\/media?parent=4316"}],"wp:term":[{"taxonomy":"category","embeddable":true,"href":"https:\/\/agora.xtec.cat\/ins-intermunicipal\/wp-json\/wp\/v2\/categories?post=4316"},{"taxonomy":"post_tag","embeddable":true,"href":"https:\/\/agora.xtec.cat\/ins-intermunicipal\/wp-json\/wp\/v2\/tags?post=4316"}],"curies":[{"name":"wp","href":"https:\/\/api.w.org\/{rel}","templated":true}]}}