{"id":4303,"date":"2025-03-06T10:22:03","date_gmt":"2025-03-06T09:22:03","guid":{"rendered":"https:\/\/agora.xtec.cat\/ins-intermunicipal\/?p=4303"},"modified":"2025-03-17T10:04:38","modified_gmt":"2025-03-17T09:04:38","slug":"la-setmana-de-lorientacio-a-linstitut-intermunicipal-del-penedes","status":"publish","type":"post","link":"https:\/\/agora.xtec.cat\/ins-intermunicipal\/general\/la-setmana-de-lorientacio-a-linstitut-intermunicipal-del-penedes\/","title":{"rendered":"La Setmana de l&#8217;Orientaci\u00f3 a l&#8217;Institut Intermunicipal del Pened\u00e8s"},"content":{"rendered":"<p style=\"text-align: justify;\"><span style=\"font-family: Arial, sans-serif;\">\u00a0<a href=\"https:\/\/agora.xtec.cat\/ins-intermunicipal\/wp-content\/uploads\/usu2220\/2025\/03\/Xerrada-Postobligatoria-Families.png\"><img loading=\"lazy\" decoding=\"async\" class=\"wp-image-4307 alignright\" src=\"https:\/\/agora.xtec.cat\/ins-intermunicipal\/wp-content\/uploads\/usu2220\/2025\/03\/Xerrada-Postobligatoria-Families-212x300.png\" alt=\"\" width=\"372\" height=\"527\" srcset=\"https:\/\/agora.xtec.cat\/ins-intermunicipal\/wp-content\/uploads\/usu2220\/2025\/03\/Xerrada-Postobligatoria-Families-212x300.png 212w, https:\/\/agora.xtec.cat\/ins-intermunicipal\/wp-content\/uploads\/usu2220\/2025\/03\/Xerrada-Postobligatoria-Families-724x1024.png 724w, https:\/\/agora.xtec.cat\/ins-intermunicipal\/wp-content\/uploads\/usu2220\/2025\/03\/Xerrada-Postobligatoria-Families-768x1086.png 768w, https:\/\/agora.xtec.cat\/ins-intermunicipal\/wp-content\/uploads\/usu2220\/2025\/03\/Xerrada-Postobligatoria-Families-1086x1536.png 1086w, https:\/\/agora.xtec.cat\/ins-intermunicipal\/wp-content\/uploads\/usu2220\/2025\/03\/Xerrada-Postobligatoria-Families.png 1414w\" sizes=\"auto, (max-width: 372px) 100vw, 372px\" \/><\/a>Amb la intenci\u00f3 de potenciar l\u2019orientaci\u00f3 respecte dels ensenyaments postobligatoris al nostre institut i per donar visibilitat als estudis de Batxillerat i de Formaci\u00f3 Professional, entre el dia 10 i el 14 de mar\u00e7 farem <\/span><strong><span style=\"font-family: Arial, sans-serif;\">La Setmana de l&#8217;Orientaci\u00f3 a l&#8217;Intermunicipal del Pened\u00e8s <\/span><\/strong><span style=\"font-family: Arial, sans-serif;\">amb <\/span><span style=\"font-family: Arial, sans-serif; font-size: 1em;\">tota una s\u00e8rie d\u2019activitats que de manera resumida s\u00f3n:<\/span><\/p>\n<ul>\n<li><strong>10, 11 i 12 de mar\u00e7:<\/strong> visites al centre per part de l&#8217;alumnat de prim\u00e0ria.<\/li>\n<li><strong>11 de mar\u00e7:<\/strong> Xerrada amb les fam\u00edlies amb el t\u00edtol <a href=\"https:\/\/agora.xtec.cat\/ins-intermunicipal\/wp-content\/uploads\/usu2220\/2025\/03\/Xerrada-Postobligatoria.pdf\" target=\"_blank\" rel=\"noopener\">Les Opcions de l&#8217;Etapa Postobligat\u00f2ria.<\/a><\/li>\n<li><strong>13 de mar\u00e7:<\/strong> <a href=\"https:\/\/agora.xtec.cat\/ins-intermunicipal\/general\/13-de-marc-jornada-de-portes-obertes-deso\/\" target=\"_blank\" rel=\"noopener\">Jornada de Portes Obertes d&#8217;ESO<\/a>.<\/li>\n<li><strong>14 de mar\u00e7, pels alumnes:<\/strong>\n<ul>\n<li>Xerrades sobre les Opcions de la Postobligat\u00f2ria (BAT i FP).<\/li>\n<li>Sal\u00f3 de l&#8217;Inter per ESO4 i\u00a0Batxillerat.<\/li>\n<\/ul>\n<\/li>\n<li><strong>14 de mar\u00e7, per l&#8217;entorn:<\/strong>\n<ul>\n<li>Xerrades sobre les Opcions de la Postobligat\u00f2ria.<\/li>\n<li>Sal\u00f3 de l&#8217;Inter per ESO4 i Batxillerat.<\/li>\n<\/ul>\n<\/li>\n<\/ul>\n<p style=\"text-align: justify;\">Les activitats no s\u00f3n restringides nom\u00e9s pels alumnes de l&#8217;Intermunicipal sin\u00f3 que tamb\u00e9 hi participaran alumnes de l&#8217;Institut Escola Jacint Verdaguer i de l&#8217;Escola Vedruna de Sant Sadurn\u00ed d&#8217;Anoia. Com podreu veure si aneu a l&#8217;enlla\u00e7 anterior, hi ha diversos tipus de xerrades i activitats, algunes dirigides a centres del nostre entorn, algunes dirigides als alumnes i algunes altres dirigides a les seves fam\u00edlies.<\/p>\n<p style=\"text-align: justify;\"><span style=\"font-family: Arial, sans-serif; font-size: 1em;\">Podeu ampliar la informaci\u00f3 sobre <strong><span style=\"font-family: Arial, sans-serif;\">La Setmana de l&#8217;Orientaci\u00f3 a l&#8217;Intermunicipal del Pened\u00e8s <\/span><\/strong>clicant <strong><span style=\"color: #339966;\"><a style=\"color: #339966;\" href=\"https:\/\/drive.google.com\/file\/d\/1m3DctXEiYXrjoCicMMH_eiAQd84xw9dp\/view\" target=\"_blank\" rel=\"noopener\">aquest enlla\u00e7<\/a><\/span><\/strong>. I aprofitem, finalment, <\/span>per recordar-vos que el 25 de mar\u00e7 es far\u00e0 la <a href=\"https:\/\/agora.xtec.cat\/ins-intermunicipal\/general\/25-de-marc-jornada-de-portes-obertes-de-batxillerat-a-linter\/\" target=\"_blank\" rel=\"noopener\">Jornada de Portes Obertes de Batxillerat<\/a>.<\/p>\n<p>&nbsp;<\/p>\n","protected":false},"excerpt":{"rendered":"<p>\u00a0<a href=\"https:\/\/agora.xtec.cat\/ins-intermunicipal\/wp-content\/uploads\/usu2220\/2025\/03\/Xerrada-Postobligatoria-Families.png\"><\/a>Amb la intenci\u00f3 de potenciar l\u2019orientaci\u00f3 respecte dels ensenyaments postobligatoris al nostre institut i per donar visibilitat als estudis de Batxillerat i de Formaci\u00f3 Professional, entre el dia 10 i el 14 de mar\u00e7 farem La Setmana de l&#8217;Orientaci\u00f3 a l&#8217;Intermunicipal del Pened\u00e8s amb&hellip;  <a href=\"https:\/\/agora.xtec.cat\/ins-intermunicipal\/general\/la-setmana-de-lorientacio-a-linstitut-intermunicipal-del-penedes\/\" title=\"Read La Setmana de l&#8217;Orientaci\u00f3 a l&#8217;Institut Intermunicipal del Pened\u00e8s\">Llegeix m\u00e9s\u00bb<\/a><\/p>\n","protected":false},"author":7,"featured_media":4306,"comment_status":"closed","ping_status":"closed","sticky":false,"template":"","format":"standard","meta":{"_bbp_topic_count":0,"_bbp_reply_count":0,"_bbp_total_topic_count":0,"_bbp_total_reply_count":0,"_bbp_voice_count":0,"_bbp_anonymous_reply_count":0,"_bbp_topic_count_hidden":0,"_bbp_reply_count_hidden":0,"_bbp_forum_subforum_count":0,"footnotes":""},"categories":[8,3,30,1,29],"tags":[170,220,611,221,339,169,381],"class_list":["post-4303","post","type-post","status-publish","format-standard","has-post-thumbnail","hentry","category-bat","category-eso","category-formacio-professional","category-general","category-portada","tag-batxillerat","tag-eso","tag-estudis-postobligatoris","tag-formacio-professional","tag-orientacio","tag-portes-obertes","tag-setmana-de-lorientacio"],"post_mailing_queue_ids":[],"_links":{"self":[{"href":"https:\/\/agora.xtec.cat\/ins-intermunicipal\/wp-json\/wp\/v2\/posts\/4303","targetHints":{"allow":["GET"]}}],"collection":[{"href":"https:\/\/agora.xtec.cat\/ins-intermunicipal\/wp-json\/wp\/v2\/posts"}],"about":[{"href":"https:\/\/agora.xtec.cat\/ins-intermunicipal\/wp-json\/wp\/v2\/types\/post"}],"author":[{"embeddable":true,"href":"https:\/\/agora.xtec.cat\/ins-intermunicipal\/wp-json\/wp\/v2\/users\/7"}],"replies":[{"embeddable":true,"href":"https:\/\/agora.xtec.cat\/ins-intermunicipal\/wp-json\/wp\/v2\/comments?post=4303"}],"version-history":[{"count":6,"href":"https:\/\/agora.xtec.cat\/ins-intermunicipal\/wp-json\/wp\/v2\/posts\/4303\/revisions"}],"predecessor-version":[{"id":4358,"href":"https:\/\/agora.xtec.cat\/ins-intermunicipal\/wp-json\/wp\/v2\/posts\/4303\/revisions\/4358"}],"wp:featuredmedia":[{"embeddable":true,"href":"https:\/\/agora.xtec.cat\/ins-intermunicipal\/wp-json\/wp\/v2\/media\/4306"}],"wp:attachment":[{"href":"https:\/\/agora.xtec.cat\/ins-intermunicipal\/wp-json\/wp\/v2\/media?parent=4303"}],"wp:term":[{"taxonomy":"category","embeddable":true,"href":"https:\/\/agora.xtec.cat\/ins-intermunicipal\/wp-json\/wp\/v2\/categories?post=4303"},{"taxonomy":"post_tag","embeddable":true,"href":"https:\/\/agora.xtec.cat\/ins-intermunicipal\/wp-json\/wp\/v2\/tags?post=4303"}],"curies":[{"name":"wp","href":"https:\/\/api.w.org\/{rel}","templated":true}]}}