{"id":4298,"date":"2025-03-04T17:50:52","date_gmt":"2025-03-04T16:50:52","guid":{"rendered":"https:\/\/agora.xtec.cat\/ins-intermunicipal\/?p=4298"},"modified":"2025-03-25T20:31:14","modified_gmt":"2025-03-25T19:31:14","slug":"25-de-marc-jornada-de-portes-obertes-de-batxillerat-a-linter","status":"publish","type":"post","link":"https:\/\/agora.xtec.cat\/ins-intermunicipal\/general\/25-de-marc-jornada-de-portes-obertes-de-batxillerat-a-linter\/","title":{"rendered":"25 de mar\u00e7, Jornada de Portes Obertes de Batxillerat a l&#8217;\u00cdnter"},"content":{"rendered":"<p style=\"text-align: justify;\"><span style=\"color: #444444;\"><span style=\"font-family: Arial, sans-serif;\"><span style=\"font-size: medium;\">El proper <\/span><\/span><\/span><span style=\"color: #444444;\"><span style=\"font-family: Arial, sans-serif;\"><span style=\"font-size: medium;\">dimarts<\/span><\/span><\/span> <span style=\"color: #444444;\"><span style=\"font-family: Arial, sans-serif;\"><span style=\"font-size: medium;\"><b>25<\/b><\/span><\/span><\/span><b> <\/b><strong><span style=\"color: #444444;\"><span style=\"font-family: Arial, sans-serif;\"><span style=\"font-size: medium;\"><b>de mar\u00e7 <\/b><\/span><\/span><\/span><\/strong><span style=\"color: #444444;\"><span style=\"font-family: Arial, sans-serif;\"><span style=\"font-size: medium;\">es far\u00e0 una <\/span><\/span><\/span><strong><span style=\"color: #444444;\"><span style=\"font-family: Arial, sans-serif;\"><span style=\"font-size: medium;\"><b>Jornada de Portes Obertes d<\/b><\/span><\/span><\/span><\/strong><strong><span style=\"color: #444444;\"><span style=\"font-family: Arial, sans-serif;\"><span style=\"font-size: medium;\"><b>e Batxillerat <\/b><\/span><\/span><\/span><\/strong><span style=\"color: #444444;\"><span style=\"font-family: Arial, sans-serif;\"><span style=\"font-size: medium;\">al nostre institut. <\/span><\/span><\/span><span style=\"color: #444444;\"><span style=\"font-family: Arial, sans-serif;\"><span style=\"font-size: medium;\">L<\/span><\/span><\/span><span style=\"color: #444444;\"><span style=\"font-family: Arial, sans-serif;\"><span style=\"font-size: medium;\">a presentaci\u00f3 <\/span><\/span><\/span><span style=\"color: #444444;\"><span style=\"font-family: Arial, sans-serif;\"><span style=\"font-size: medium;\">dels estudis de Batxillerat es far\u00e0 a les 18:00h<\/span><\/span><\/span><span style=\"color: #444444;\"><span style=\"font-family: Arial, sans-serif;\"><span style=\"font-size: medium;\"> i <\/span><\/span><\/span><span style=\"color: #444444;\"><span style=\"font-family: Arial, sans-serif;\"><span style=\"font-size: medium;\">despr\u00e9s hi haur\u00e0 una visita guiada a les 19:15h.<\/span><\/span><\/span><span style=\"color: #444444;\"><span style=\"font-family: Arial, sans-serif;\"><span style=\"font-size: medium;\"> Per assegurar-vos de participar-hi cal que confirmeu l\u2019assist\u00e8ncia omplint el seg\u00fcent<\/span><\/span><\/span> <strong><span style=\"color: #444444;\"><span style=\"font-family: Arial, sans-serif;\"><span style=\"font-size: medium;\"><a href=\"https:\/\/docs.google.com\/forms\/d\/e\/1FAIpQLSeR4VzD8eYgFSuQbwXzBdCmVavMl1ur8Ei-iDWal5Sxxg9aGQ\/viewform\" target=\"_blank\" rel=\"noopener\">formulari d\u2019assist\u00e8ncia<\/a>.<\/span><\/span><\/span><\/strong><a href=\"https:\/\/agora.xtec.cat\/ins-intermunicipal\/wp-content\/uploads\/usu2220\/2025\/03\/Portes-Obertes-Batxillerat-Intermunicipal-2025-1.jpg\"><img loading=\"lazy\" decoding=\"async\" class=\"aligncenter wp-image-4301 size-large\" src=\"https:\/\/agora.xtec.cat\/ins-intermunicipal\/wp-content\/uploads\/usu2220\/2025\/03\/Portes-Obertes-Batxillerat-Intermunicipal-2025-1-731x1024.jpg\" alt=\"\" width=\"731\" height=\"1024\" srcset=\"https:\/\/agora.xtec.cat\/ins-intermunicipal\/wp-content\/uploads\/usu2220\/2025\/03\/Portes-Obertes-Batxillerat-Intermunicipal-2025-1-731x1024.jpg 731w, https:\/\/agora.xtec.cat\/ins-intermunicipal\/wp-content\/uploads\/usu2220\/2025\/03\/Portes-Obertes-Batxillerat-Intermunicipal-2025-1-214x300.jpg 214w, https:\/\/agora.xtec.cat\/ins-intermunicipal\/wp-content\/uploads\/usu2220\/2025\/03\/Portes-Obertes-Batxillerat-Intermunicipal-2025-1-768x1075.jpg 768w, https:\/\/agora.xtec.cat\/ins-intermunicipal\/wp-content\/uploads\/usu2220\/2025\/03\/Portes-Obertes-Batxillerat-Intermunicipal-2025-1.jpg 900w\" sizes=\"auto, (max-width: 731px) 100vw, 731px\" \/><\/a><\/p>\n","protected":false},"excerpt":{"rendered":"<p>El proper dimarts 25 de mar\u00e7 es far\u00e0 una Jornada de Portes Obertes de Batxillerat al nostre institut. La presentaci\u00f3 dels estudis de Batxillerat es far\u00e0 a les 18:00h i despr\u00e9s hi haur\u00e0 una visita guiada a les 19:15h. Per assegurar-vos de participar-hi cal que&hellip;  <a href=\"https:\/\/agora.xtec.cat\/ins-intermunicipal\/general\/25-de-marc-jornada-de-portes-obertes-de-batxillerat-a-linter\/\" title=\"Read 25 de mar\u00e7, Jornada de Portes Obertes de Batxillerat a l&#8217;\u00cdnter\">Llegeix m\u00e9s\u00bb<\/a><\/p>\n","protected":false},"author":7,"featured_media":4301,"comment_status":"closed","ping_status":"closed","sticky":false,"template":"","format":"standard","meta":{"_bbp_topic_count":0,"_bbp_reply_count":0,"_bbp_total_topic_count":0,"_bbp_total_reply_count":0,"_bbp_voice_count":0,"_bbp_anonymous_reply_count":0,"_bbp_topic_count_hidden":0,"_bbp_reply_count_hidden":0,"_bbp_forum_subforum_count":0,"footnotes":""},"categories":[31,8,1,29],"tags":[170,169],"class_list":["post-4298","post","type-post","status-publish","format-standard","has-post-thumbnail","hentry","category-ampa","category-bat","category-general","category-portada","tag-batxillerat","tag-portes-obertes"],"post_mailing_queue_ids":[],"_links":{"self":[{"href":"https:\/\/agora.xtec.cat\/ins-intermunicipal\/wp-json\/wp\/v2\/posts\/4298","targetHints":{"allow":["GET"]}}],"collection":[{"href":"https:\/\/agora.xtec.cat\/ins-intermunicipal\/wp-json\/wp\/v2\/posts"}],"about":[{"href":"https:\/\/agora.xtec.cat\/ins-intermunicipal\/wp-json\/wp\/v2\/types\/post"}],"author":[{"embeddable":true,"href":"https:\/\/agora.xtec.cat\/ins-intermunicipal\/wp-json\/wp\/v2\/users\/7"}],"replies":[{"embeddable":true,"href":"https:\/\/agora.xtec.cat\/ins-intermunicipal\/wp-json\/wp\/v2\/comments?post=4298"}],"version-history":[{"count":3,"href":"https:\/\/agora.xtec.cat\/ins-intermunicipal\/wp-json\/wp\/v2\/posts\/4298\/revisions"}],"predecessor-version":[{"id":4302,"href":"https:\/\/agora.xtec.cat\/ins-intermunicipal\/wp-json\/wp\/v2\/posts\/4298\/revisions\/4302"}],"wp:featuredmedia":[{"embeddable":true,"href":"https:\/\/agora.xtec.cat\/ins-intermunicipal\/wp-json\/wp\/v2\/media\/4301"}],"wp:attachment":[{"href":"https:\/\/agora.xtec.cat\/ins-intermunicipal\/wp-json\/wp\/v2\/media?parent=4298"}],"wp:term":[{"taxonomy":"category","embeddable":true,"href":"https:\/\/agora.xtec.cat\/ins-intermunicipal\/wp-json\/wp\/v2\/categories?post=4298"},{"taxonomy":"post_tag","embeddable":true,"href":"https:\/\/agora.xtec.cat\/ins-intermunicipal\/wp-json\/wp\/v2\/tags?post=4298"}],"curies":[{"name":"wp","href":"https:\/\/api.w.org\/{rel}","templated":true}]}}