{"id":4240,"date":"2025-02-26T13:20:23","date_gmt":"2025-02-26T12:20:23","guid":{"rendered":"https:\/\/agora.xtec.cat\/ins-intermunicipal\/?p=4240"},"modified":"2025-02-26T13:21:11","modified_gmt":"2025-02-26T12:21:11","slug":"aula-ateca-al-nostre-centre","status":"publish","type":"post","link":"https:\/\/agora.xtec.cat\/ins-intermunicipal\/portada\/aula-ateca-al-nostre-centre\/","title":{"rendered":"Aula ATECA al nostre centre"},"content":{"rendered":"<p>Durant aquest curs 2024-25 hem aconseguit habilitar una aula ATECA gr\u00e0cies a una subvenci\u00f3 del Departament d&#8217;Educaci\u00f3 i Formaci\u00f3 Professional.<\/p>\n<p>L&#8217;aula ATECA de l&#8217;Institut Intermunicipal \u00e9s un espai innovador equipat amb tecnologia avan\u00e7ada per potenciar l&#8217;aprenentatge pr\u00e0ctic i creatiu. Disposa d&#8217;eines com impressores 3D, realitat virtual i dispositius digitals que permeten desenvolupar projectes STEAM (Ci\u00e8ncia, Tecnologia, Enginyeria, Art i Matem\u00e0tiques). Aquest entorn fomenta les habilitats digitals, la col\u00b7laboraci\u00f3 i la resoluci\u00f3 de problemes, preparant l&#8217;alumnat per als desafiaments del futur tecnol\u00f2gic.<\/p>\n<p>L&#8217;equipament ha estat adquirit amb els fons MMR del Departament d&#8217;Educaci\u00f3.<\/p>\n<p><a href=\"https:\/\/agora.xtec.cat\/ins-intermunicipal\/wp-content\/uploads\/usu2220\/2025\/02\/ateca2.png\"><img loading=\"lazy\" decoding=\"async\" class=\"alignnone  wp-image-4242\" src=\"https:\/\/agora.xtec.cat\/ins-intermunicipal\/wp-content\/uploads\/usu2220\/2025\/02\/ateca2.png\" alt=\"\" width=\"612\" height=\"347\" srcset=\"https:\/\/agora.xtec.cat\/ins-intermunicipal\/wp-content\/uploads\/usu2220\/2025\/02\/ateca2.png 633w, https:\/\/agora.xtec.cat\/ins-intermunicipal\/wp-content\/uploads\/usu2220\/2025\/02\/ateca2-300x170.png 300w\" sizes=\"auto, (max-width: 612px) 100vw, 612px\" \/><\/a>\u00a0<a href=\"https:\/\/agora.xtec.cat\/ins-intermunicipal\/wp-content\/uploads\/usu2220\/2025\/02\/ateca1.png\"><img loading=\"lazy\" decoding=\"async\" class=\"alignnone wp-image-4243\" src=\"https:\/\/agora.xtec.cat\/ins-intermunicipal\/wp-content\/uploads\/usu2220\/2025\/02\/ateca1.png\" alt=\"\" width=\"643\" height=\"349\" srcset=\"https:\/\/agora.xtec.cat\/ins-intermunicipal\/wp-content\/uploads\/usu2220\/2025\/02\/ateca1.png 641w, https:\/\/agora.xtec.cat\/ins-intermunicipal\/wp-content\/uploads\/usu2220\/2025\/02\/ateca1-300x163.png 300w\" sizes=\"auto, (max-width: 643px) 100vw, 643px\" \/><\/a><\/p>\n","protected":false},"excerpt":{"rendered":"<p>Durant aquest curs 2024-25 hem aconseguit habilitar una aula ATECA gr\u00e0cies a una subvenci\u00f3 del Departament d&#8217;Educaci\u00f3 i Formaci\u00f3 Professional.<br \/>\nL&#8217;aula ATECA de l&#8217;Institut Intermunicipal \u00e9s un espai innovador equipat amb tecnologia avan\u00e7ada per potenciar l&#8217;aprenentatge pr\u00e0ctic i creatiu. Disposa d&#8217;eines com impressores 3D, realitat virtual&hellip;  <a href=\"https:\/\/agora.xtec.cat\/ins-intermunicipal\/portada\/aula-ateca-al-nostre-centre\/\" title=\"Read Aula ATECA al nostre centre\">Llegeix m\u00e9s\u00bb<\/a><\/p>\n","protected":false},"author":6,"featured_media":4244,"comment_status":"closed","ping_status":"closed","sticky":false,"template":"","format":"standard","meta":{"_bbp_topic_count":0,"_bbp_reply_count":0,"_bbp_total_topic_count":0,"_bbp_total_reply_count":0,"_bbp_voice_count":0,"_bbp_anonymous_reply_count":0,"_bbp_topic_count_hidden":0,"_bbp_reply_count_hidden":0,"_bbp_forum_subforum_count":0,"footnotes":""},"categories":[29],"tags":[],"class_list":["post-4240","post","type-post","status-publish","format-standard","has-post-thumbnail","hentry","category-portada"],"post_mailing_queue_ids":[],"_links":{"self":[{"href":"https:\/\/agora.xtec.cat\/ins-intermunicipal\/wp-json\/wp\/v2\/posts\/4240","targetHints":{"allow":["GET"]}}],"collection":[{"href":"https:\/\/agora.xtec.cat\/ins-intermunicipal\/wp-json\/wp\/v2\/posts"}],"about":[{"href":"https:\/\/agora.xtec.cat\/ins-intermunicipal\/wp-json\/wp\/v2\/types\/post"}],"author":[{"embeddable":true,"href":"https:\/\/agora.xtec.cat\/ins-intermunicipal\/wp-json\/wp\/v2\/users\/6"}],"replies":[{"embeddable":true,"href":"https:\/\/agora.xtec.cat\/ins-intermunicipal\/wp-json\/wp\/v2\/comments?post=4240"}],"version-history":[{"count":3,"href":"https:\/\/agora.xtec.cat\/ins-intermunicipal\/wp-json\/wp\/v2\/posts\/4240\/revisions"}],"predecessor-version":[{"id":4247,"href":"https:\/\/agora.xtec.cat\/ins-intermunicipal\/wp-json\/wp\/v2\/posts\/4240\/revisions\/4247"}],"wp:featuredmedia":[{"embeddable":true,"href":"https:\/\/agora.xtec.cat\/ins-intermunicipal\/wp-json\/wp\/v2\/media\/4244"}],"wp:attachment":[{"href":"https:\/\/agora.xtec.cat\/ins-intermunicipal\/wp-json\/wp\/v2\/media?parent=4240"}],"wp:term":[{"taxonomy":"category","embeddable":true,"href":"https:\/\/agora.xtec.cat\/ins-intermunicipal\/wp-json\/wp\/v2\/categories?post=4240"},{"taxonomy":"post_tag","embeddable":true,"href":"https:\/\/agora.xtec.cat\/ins-intermunicipal\/wp-json\/wp\/v2\/tags?post=4240"}],"curies":[{"name":"wp","href":"https:\/\/api.w.org\/{rel}","templated":true}]}}