{"id":4229,"date":"2025-02-24T11:17:23","date_gmt":"2025-02-24T10:17:23","guid":{"rendered":"https:\/\/agora.xtec.cat\/ins-intermunicipal\/?p=4229"},"modified":"2025-02-24T11:21:03","modified_gmt":"2025-02-24T10:21:03","slug":"visitant-el-banc-despanya-i-coop57","status":"publish","type":"post","link":"https:\/\/agora.xtec.cat\/ins-intermunicipal\/general\/visitant-el-banc-despanya-i-coop57\/","title":{"rendered":"Visitant el Banc d&#8217;Espanya i Coop57"},"content":{"rendered":"<p>L&#8217;alumnat del segon curs del CFGM de Gesti\u00f3 Administrativa i del CFGS d&#8217;Administraci\u00f3 i Finances va fer, el passat 18 de febrer, una sortida professional a Barcelona com a complement dels m\u00f2duls de Tresoreria i Gesti\u00f3 Financera que s&#8217;imparteixen a les aules.<br \/>\nDurant la primera part de la sortida, van visitar la sucursal del <a href=\"https:\/\/www.bde.es\/wbe\/es\/sobre-banco\/\">Banc d&#8217;Espanya<\/a> a Barcelona i van participar en un taller interactiu amb el president de l&#8217;entitat on van poder con\u00e8ixer de prop la gesti\u00f3 i reflexionar sobre les seves funcions d&#8217;estabilitat dels preus i d&#8217;estabilitat financera, afavorint aix\u00ed el creixement econ\u00f2mic estable.<br \/>\nPer a complementar la sortida, tamb\u00e9 van visitar les instal\u00b7lacions de la cooperativa de cr\u00e8dit \u00e8tica <a href=\"https:\/\/coop57.coop\/\">Coop57<\/a>. All\u00e0 van poder con\u00e8ixer de primera m\u00e0 els seus objectius i valors, aix\u00ed com l&#8217;impacte social positiu que genera la seva activitat. Aquesta experi\u00e8ncia els ha perm\u00e8s endinsar-se en el concepte de les finances \u00e8tiques i comprendre la seva rellev\u00e0ncia en la societat actual i futura.<\/p>\n<p><a href=\"https:\/\/agora.xtec.cat\/ins-intermunicipal\/wp-content\/uploads\/usu2220\/2025\/02\/Sortida-Banc-dEspanya-24-25.jpg\"><img loading=\"lazy\" decoding=\"async\" class=\"alignnone size-large wp-image-4230\" src=\"https:\/\/agora.xtec.cat\/ins-intermunicipal\/wp-content\/uploads\/usu2220\/2025\/02\/Sortida-Banc-dEspanya-24-25-1024x484.jpg\" alt=\"\" width=\"1024\" height=\"484\" srcset=\"https:\/\/agora.xtec.cat\/ins-intermunicipal\/wp-content\/uploads\/usu2220\/2025\/02\/Sortida-Banc-dEspanya-24-25-1024x484.jpg 1024w, https:\/\/agora.xtec.cat\/ins-intermunicipal\/wp-content\/uploads\/usu2220\/2025\/02\/Sortida-Banc-dEspanya-24-25-300x142.jpg 300w, https:\/\/agora.xtec.cat\/ins-intermunicipal\/wp-content\/uploads\/usu2220\/2025\/02\/Sortida-Banc-dEspanya-24-25-768x363.jpg 768w, https:\/\/agora.xtec.cat\/ins-intermunicipal\/wp-content\/uploads\/usu2220\/2025\/02\/Sortida-Banc-dEspanya-24-25-1536x727.jpg 1536w, https:\/\/agora.xtec.cat\/ins-intermunicipal\/wp-content\/uploads\/usu2220\/2025\/02\/Sortida-Banc-dEspanya-24-25.jpg 1600w\" sizes=\"auto, (max-width: 1024px) 100vw, 1024px\" \/><\/a><\/p>\n<p>&nbsp;<\/p>\n","protected":false},"excerpt":{"rendered":"<p>L&#8217;alumnat del segon curs del CFGM de Gesti\u00f3 Administrativa i del CFGS d&#8217;Administraci\u00f3 i Finances va fer, el passat 18 de febrer, una sortida professional a Barcelona com a complement dels m\u00f2duls de Tresoreria i Gesti\u00f3 Financera que s&#8217;imparteixen a les aules.<br \/>\nDurant la primera part&hellip;  <a href=\"https:\/\/agora.xtec.cat\/ins-intermunicipal\/general\/visitant-el-banc-despanya-i-coop57\/\" title=\"Read Visitant el Banc d&#8217;Espanya i Coop57\">Llegeix m\u00e9s\u00bb<\/a><\/p>\n","protected":false},"author":8,"featured_media":4230,"comment_status":"closed","ping_status":"closed","sticky":false,"template":"","format":"standard","meta":{"_bbp_topic_count":0,"_bbp_reply_count":0,"_bbp_total_topic_count":0,"_bbp_total_reply_count":0,"_bbp_voice_count":0,"_bbp_anonymous_reply_count":0,"_bbp_topic_count_hidden":0,"_bbp_reply_count_hidden":0,"_bbp_forum_subforum_count":0,"footnotes":""},"categories":[30,1,29],"tags":[],"class_list":["post-4229","post","type-post","status-publish","format-standard","has-post-thumbnail","hentry","category-formacio-professional","category-general","category-portada"],"post_mailing_queue_ids":[],"_links":{"self":[{"href":"https:\/\/agora.xtec.cat\/ins-intermunicipal\/wp-json\/wp\/v2\/posts\/4229","targetHints":{"allow":["GET"]}}],"collection":[{"href":"https:\/\/agora.xtec.cat\/ins-intermunicipal\/wp-json\/wp\/v2\/posts"}],"about":[{"href":"https:\/\/agora.xtec.cat\/ins-intermunicipal\/wp-json\/wp\/v2\/types\/post"}],"author":[{"embeddable":true,"href":"https:\/\/agora.xtec.cat\/ins-intermunicipal\/wp-json\/wp\/v2\/users\/8"}],"replies":[{"embeddable":true,"href":"https:\/\/agora.xtec.cat\/ins-intermunicipal\/wp-json\/wp\/v2\/comments?post=4229"}],"version-history":[{"count":2,"href":"https:\/\/agora.xtec.cat\/ins-intermunicipal\/wp-json\/wp\/v2\/posts\/4229\/revisions"}],"predecessor-version":[{"id":4232,"href":"https:\/\/agora.xtec.cat\/ins-intermunicipal\/wp-json\/wp\/v2\/posts\/4229\/revisions\/4232"}],"wp:featuredmedia":[{"embeddable":true,"href":"https:\/\/agora.xtec.cat\/ins-intermunicipal\/wp-json\/wp\/v2\/media\/4230"}],"wp:attachment":[{"href":"https:\/\/agora.xtec.cat\/ins-intermunicipal\/wp-json\/wp\/v2\/media?parent=4229"}],"wp:term":[{"taxonomy":"category","embeddable":true,"href":"https:\/\/agora.xtec.cat\/ins-intermunicipal\/wp-json\/wp\/v2\/categories?post=4229"},{"taxonomy":"post_tag","embeddable":true,"href":"https:\/\/agora.xtec.cat\/ins-intermunicipal\/wp-json\/wp\/v2\/tags?post=4229"}],"curies":[{"name":"wp","href":"https:\/\/api.w.org\/{rel}","templated":true}]}}