{"id":4227,"date":"2025-02-22T11:39:18","date_gmt":"2025-02-22T10:39:18","guid":{"rendered":"https:\/\/agora.xtec.cat\/ins-intermunicipal\/?p=4227"},"modified":"2025-02-22T11:39:18","modified_gmt":"2025-02-22T10:39:18","slug":"ofertes-de-feina-a-lalt-penedes-21-de-febrer","status":"publish","type":"post","link":"https:\/\/agora.xtec.cat\/ins-intermunicipal\/formacio-professional\/feina-fp\/ofertes-de-feina-a-lalt-penedes-21-de-febrer\/","title":{"rendered":"Ofertes de feina a l&#8217;Alt Pened\u00e8s. 21 de febrer."},"content":{"rendered":"<p>Compartim amb vosaltres les\u00a0ofertes de feina actualitzades que l\u2019Oficina Municipal del Treball de Vilafranca del Pened\u00e8s ens ha preparat. Trobareu vacants vinculades als estudis que tenim a l\u2019Institut Intermunicipal del Pened\u00e8s. L\u2019oficina ens informa tamb\u00e9 sobre <a href=\"https:\/\/drive.google.com\/file\/d\/1C5Nz0lWKlw3PCdtv3MeqVx43QxNDGUTg\/view?usp=sharing\">com s\u2019ha de procedir<\/a>\u00a0per formalitzar les inscripcions.<\/p>\n<p>Tamb\u00e9 ens comunica els\u00a0<a href=\"https:\/\/drive.google.com\/file\/d\/1oaFJjoqQKkAEafIhlrzCMBUj4TyLzLjK\/view?usp=sharing\">cursos o c\u00e0psules formatives<\/a> que ofereixen al mes de mar\u00e7.<\/p>\n<table style=\"font-weight: 400;\" width=\"788\">\n<tbody>\n<tr>\n<td width=\"133\">372891<\/td>\n<td width=\"655\">AUXILIAR ADMINISTRATIU\/VA amb Certificat de Discapacitat &#8211; Torrelles de Foix. TASQUES: Creaci\u00f3 de fitxes de productes digitals, creaci\u00f3 de codi EAN, gesti\u00f3 del correu de informaci\u00f3, atenci\u00f3 telef\u00f2nica, arxiu. REQUISITS: Imprescindible disposar de certificat de discapacitat reconegut m\u00ednim del 33%. Formaci\u00f3 m\u00ednima ESO. Carnet i vehicle propi. Nivell mig d&#8217;ofim\u00e0tica. Molt valorable un any d&#8217;experi\u00e8ncia similar. S&#8217;OFEREIX: Contracte indefinit (amb el per\u00edode de prova corresponent). Mitja jornada. Horari: De Dll a Dv de 9h a 13h (aprox). Amb possibilitats d&#8217;ampliaci\u00f3 de jornada.<\/td>\n<\/tr>\n<tr>\n<td width=\"133\">372838<\/td>\n<td width=\"655\">COMMUNITY MANAGER &#8211; Vilafranca. TASQUES: Responsable de les xarxes socials i de tot el que estigui relacionat com a selecci\u00f3 i contacte amb els clients, influencers etc. Domini de programes de disseny tipus, programes de e-mail m\u00e0rqueting, gesti\u00f3 de pagines web i creaci\u00f3 fotogr\u00e0fica. Presentacions PowerPoint i disseny de fulletons o cat\u00e0legs. REQUISITS: Nivell professional d&#8217;angl\u00e8s, Word, PowerPoint, Photoshop, Indesing, Canva, Mailchimp i Prestashop. Formaci\u00f3: Grau Superior\/FP II. Experi\u00e8ncia requerida: 1 any. S&#8217;OFEREIX: contr. indefinit, horari de 9 a 18h<\/td>\n<\/tr>\n<\/tbody>\n<\/table>\n","protected":false},"excerpt":{"rendered":"<p>Compartim amb vosaltres les\u00a0ofertes de feina actualitzades que l\u2019Oficina Municipal del Treball de Vilafranca del Pened\u00e8s ens ha preparat. Trobareu vacants vinculades als estudis que tenim a l\u2019Institut Intermunicipal del Pened\u00e8s. L\u2019oficina ens informa tamb\u00e9 sobre <a href=\"https:\/\/drive.google.com\/file\/d\/1C5Nz0lWKlw3PCdtv3MeqVx43QxNDGUTg\/view?usp=sharing\">com s\u2019ha de procedir<\/a>\u00a0per formalitzar les inscripcions.<br \/>\nTamb\u00e9 ens&hellip;  <a href=\"https:\/\/agora.xtec.cat\/ins-intermunicipal\/formacio-professional\/feina-fp\/ofertes-de-feina-a-lalt-penedes-21-de-febrer\/\" title=\"Read Ofertes de feina a l&#8217;Alt Pened\u00e8s. 21 de febrer.\">Llegeix m\u00e9s\u00bb<\/a><\/p>\n","protected":false},"author":8,"featured_media":0,"comment_status":"closed","ping_status":"closed","sticky":false,"template":"","format":"standard","meta":{"_bbp_topic_count":0,"_bbp_reply_count":0,"_bbp_total_topic_count":0,"_bbp_total_reply_count":0,"_bbp_voice_count":0,"_bbp_anonymous_reply_count":0,"_bbp_topic_count_hidden":0,"_bbp_reply_count_hidden":0,"_bbp_forum_subforum_count":0,"footnotes":""},"categories":[189],"tags":[],"class_list":["post-4227","post","type-post","status-publish","format-standard","hentry","category-feina-fp"],"post_mailing_queue_ids":[],"_links":{"self":[{"href":"https:\/\/agora.xtec.cat\/ins-intermunicipal\/wp-json\/wp\/v2\/posts\/4227","targetHints":{"allow":["GET"]}}],"collection":[{"href":"https:\/\/agora.xtec.cat\/ins-intermunicipal\/wp-json\/wp\/v2\/posts"}],"about":[{"href":"https:\/\/agora.xtec.cat\/ins-intermunicipal\/wp-json\/wp\/v2\/types\/post"}],"author":[{"embeddable":true,"href":"https:\/\/agora.xtec.cat\/ins-intermunicipal\/wp-json\/wp\/v2\/users\/8"}],"replies":[{"embeddable":true,"href":"https:\/\/agora.xtec.cat\/ins-intermunicipal\/wp-json\/wp\/v2\/comments?post=4227"}],"version-history":[{"count":1,"href":"https:\/\/agora.xtec.cat\/ins-intermunicipal\/wp-json\/wp\/v2\/posts\/4227\/revisions"}],"predecessor-version":[{"id":4228,"href":"https:\/\/agora.xtec.cat\/ins-intermunicipal\/wp-json\/wp\/v2\/posts\/4227\/revisions\/4228"}],"wp:attachment":[{"href":"https:\/\/agora.xtec.cat\/ins-intermunicipal\/wp-json\/wp\/v2\/media?parent=4227"}],"wp:term":[{"taxonomy":"category","embeddable":true,"href":"https:\/\/agora.xtec.cat\/ins-intermunicipal\/wp-json\/wp\/v2\/categories?post=4227"},{"taxonomy":"post_tag","embeddable":true,"href":"https:\/\/agora.xtec.cat\/ins-intermunicipal\/wp-json\/wp\/v2\/tags?post=4227"}],"curies":[{"name":"wp","href":"https:\/\/api.w.org\/{rel}","templated":true}]}}