{"id":4214,"date":"2025-02-20T11:34:39","date_gmt":"2025-02-20T10:34:39","guid":{"rendered":"https:\/\/agora.xtec.cat\/ins-intermunicipal\/?p=4214"},"modified":"2025-03-14T09:07:00","modified_gmt":"2025-03-14T08:07:00","slug":"13-de-marc-jornada-de-portes-obertes-deso","status":"publish","type":"post","link":"https:\/\/agora.xtec.cat\/ins-intermunicipal\/general\/13-de-marc-jornada-de-portes-obertes-deso\/","title":{"rendered":"13 de mar\u00e7, Jornada de Portes Obertes d&#8217;ESO"},"content":{"rendered":"<p style=\"text-align: justify;\">El proper dijous <strong>13 de mar\u00e7<\/strong> es far\u00e0 una <strong>Jornada de Portes Obertes d&#8217;ESO<\/strong> al nostre institut. Hi haur\u00e0 dos torns i en cadasc\u00fan d&#8217;ells podreu assistir a la presentaci\u00f3 i a una visita guiada. El primer torn comen\u00e7ar\u00e0 a les 17:30h i el segon a les 18:30h. Per assegurar-vos de participar-hi cal que confirmeu l&#8217;assit\u00e8ncia omplint el seg\u00fcent<strong> <a href=\"https:\/\/docs.google.com\/forms\/d\/e\/1FAIpQLSdns4q1dUQ6wayzr26wLBORIwnSJAIh9nQ_eXqgxTE796cyKA\/viewform\" target=\"_blank\" rel=\"noopener\">formulari d&#8217;assit\u00e8ncia<\/a><\/strong>.<\/p>\n<p style=\"text-align: justify;\">Per tal que els nens m\u00e9s menuts s&#8217;ho passin d&#8217;all\u00f2 m\u00e9s b\u00e9, durant la presentaci\u00f3 i la visita guiada hi haur\u00e0 servei de ludoteca at\u00e8s per alumnes i professors dels Cicles Formatius de Grau Superior d&#8217;Educaci\u00f3 Infantil i Integraci\u00f3 Social del nostre centre. Els podreu deixar a l&#8217;espai del Taller d&#8217;Infantil 10 minuts abans de l&#8217;inici de la presentaci\u00f3 o visita.<\/p>\n<p style=\"text-align: justify;\"><a href=\"https:\/\/agora.xtec.cat\/ins-intermunicipal\/wp-content\/uploads\/usu2220\/2025\/02\/Cartell-Jornada-de-Portes-Obertes-Inter-25_page-0001-1.jpg\"><br \/>\n<img loading=\"lazy\" decoding=\"async\" class=\"aligncenter wp-image-4215 size-large\" src=\"https:\/\/agora.xtec.cat\/ins-intermunicipal\/wp-content\/uploads\/usu2220\/2025\/02\/Cartell-Jornada-de-Portes-Obertes-Inter-25_page-0001-1-724x1024.jpg\" alt=\"\" width=\"724\" height=\"1024\" srcset=\"https:\/\/agora.xtec.cat\/ins-intermunicipal\/wp-content\/uploads\/usu2220\/2025\/02\/Cartell-Jornada-de-Portes-Obertes-Inter-25_page-0001-1-724x1024.jpg 724w, https:\/\/agora.xtec.cat\/ins-intermunicipal\/wp-content\/uploads\/usu2220\/2025\/02\/Cartell-Jornada-de-Portes-Obertes-Inter-25_page-0001-1-212x300.jpg 212w, https:\/\/agora.xtec.cat\/ins-intermunicipal\/wp-content\/uploads\/usu2220\/2025\/02\/Cartell-Jornada-de-Portes-Obertes-Inter-25_page-0001-1-768x1086.jpg 768w, https:\/\/agora.xtec.cat\/ins-intermunicipal\/wp-content\/uploads\/usu2220\/2025\/02\/Cartell-Jornada-de-Portes-Obertes-Inter-25_page-0001-1.jpg 900w\" sizes=\"auto, (max-width: 724px) 100vw, 724px\" \/><\/a><\/p>\n","protected":false},"excerpt":{"rendered":"<p>El proper dijous 13 de mar\u00e7 es far\u00e0 una Jornada de Portes Obertes d&#8217;ESO al nostre institut. Hi haur\u00e0 dos torns i en cadasc\u00fan d&#8217;ells podreu assistir a la presentaci\u00f3 i a una visita guiada. El primer torn comen\u00e7ar\u00e0 a les 17:30h i el segon&hellip;  <a href=\"https:\/\/agora.xtec.cat\/ins-intermunicipal\/general\/13-de-marc-jornada-de-portes-obertes-deso\/\" title=\"Read 13 de mar\u00e7, Jornada de Portes Obertes d&#8217;ESO\">Llegeix m\u00e9s\u00bb<\/a><\/p>\n","protected":false},"author":7,"featured_media":4215,"comment_status":"closed","ping_status":"closed","sticky":false,"template":"","format":"standard","meta":{"_bbp_topic_count":0,"_bbp_reply_count":0,"_bbp_total_topic_count":0,"_bbp_total_reply_count":0,"_bbp_voice_count":0,"_bbp_anonymous_reply_count":0,"_bbp_topic_count_hidden":0,"_bbp_reply_count_hidden":0,"_bbp_forum_subforum_count":0,"footnotes":""},"categories":[1,29],"tags":[220,169,609],"class_list":["post-4214","post","type-post","status-publish","format-standard","has-post-thumbnail","hentry","category-general","category-portada","tag-eso","tag-portes-obertes","tag-servei-de-ludoteca"],"post_mailing_queue_ids":[],"_links":{"self":[{"href":"https:\/\/agora.xtec.cat\/ins-intermunicipal\/wp-json\/wp\/v2\/posts\/4214","targetHints":{"allow":["GET"]}}],"collection":[{"href":"https:\/\/agora.xtec.cat\/ins-intermunicipal\/wp-json\/wp\/v2\/posts"}],"about":[{"href":"https:\/\/agora.xtec.cat\/ins-intermunicipal\/wp-json\/wp\/v2\/types\/post"}],"author":[{"embeddable":true,"href":"https:\/\/agora.xtec.cat\/ins-intermunicipal\/wp-json\/wp\/v2\/users\/7"}],"replies":[{"embeddable":true,"href":"https:\/\/agora.xtec.cat\/ins-intermunicipal\/wp-json\/wp\/v2\/comments?post=4214"}],"version-history":[{"count":4,"href":"https:\/\/agora.xtec.cat\/ins-intermunicipal\/wp-json\/wp\/v2\/posts\/4214\/revisions"}],"predecessor-version":[{"id":4219,"href":"https:\/\/agora.xtec.cat\/ins-intermunicipal\/wp-json\/wp\/v2\/posts\/4214\/revisions\/4219"}],"wp:featuredmedia":[{"embeddable":true,"href":"https:\/\/agora.xtec.cat\/ins-intermunicipal\/wp-json\/wp\/v2\/media\/4215"}],"wp:attachment":[{"href":"https:\/\/agora.xtec.cat\/ins-intermunicipal\/wp-json\/wp\/v2\/media?parent=4214"}],"wp:term":[{"taxonomy":"category","embeddable":true,"href":"https:\/\/agora.xtec.cat\/ins-intermunicipal\/wp-json\/wp\/v2\/categories?post=4214"},{"taxonomy":"post_tag","embeddable":true,"href":"https:\/\/agora.xtec.cat\/ins-intermunicipal\/wp-json\/wp\/v2\/tags?post=4214"}],"curies":[{"name":"wp","href":"https:\/\/api.w.org\/{rel}","templated":true}]}}