{"id":4208,"date":"2025-02-19T14:19:04","date_gmt":"2025-02-19T13:19:04","guid":{"rendered":"https:\/\/agora.xtec.cat\/ins-intermunicipal\/?p=4208"},"modified":"2025-02-19T14:19:27","modified_gmt":"2025-02-19T13:19:27","slug":"21-de-febrer-dia-internacional-de-les-llengues-dorigen","status":"publish","type":"post","link":"https:\/\/agora.xtec.cat\/ins-intermunicipal\/general\/21-de-febrer-dia-internacional-de-les-llengues-dorigen\/","title":{"rendered":"21 de febrer, Dia Internacional de les Lleng\u00fces d\u2019Origen"},"content":{"rendered":"<p style=\"text-align: justify;\"><span style=\"font-family: Arial, sans-serif;\"><span style=\"font-size: medium;\"><span style=\"color: #000000;\"><span style=\"color: #212121;\"><a href=\"https:\/\/agora.xtec.cat\/ins-intermunicipal\/wp-content\/uploads\/usu2220\/2025\/02\/984px-Pieter_Bruegel_the_Elder_-_The_Tower_of_Babel_Vienna_-_Google_Art_Project_-_edited.jpg\"><img loading=\"lazy\" decoding=\"async\" class=\"alignleft wp-image-4209 \" src=\"https:\/\/agora.xtec.cat\/ins-intermunicipal\/wp-content\/uploads\/usu2220\/2025\/02\/984px-Pieter_Bruegel_the_Elder_-_The_Tower_of_Babel_Vienna_-_Google_Art_Project_-_edited-300x220.jpg\" alt=\"\" width=\"334\" height=\"245\" srcset=\"https:\/\/agora.xtec.cat\/ins-intermunicipal\/wp-content\/uploads\/usu2220\/2025\/02\/984px-Pieter_Bruegel_the_Elder_-_The_Tower_of_Babel_Vienna_-_Google_Art_Project_-_edited-300x220.jpg 300w, https:\/\/agora.xtec.cat\/ins-intermunicipal\/wp-content\/uploads\/usu2220\/2025\/02\/984px-Pieter_Bruegel_the_Elder_-_The_Tower_of_Babel_Vienna_-_Google_Art_Project_-_edited-768x562.jpg 768w, https:\/\/agora.xtec.cat\/ins-intermunicipal\/wp-content\/uploads\/usu2220\/2025\/02\/984px-Pieter_Bruegel_the_Elder_-_The_Tower_of_Babel_Vienna_-_Google_Art_Project_-_edited.jpg 984w\" sizes=\"auto, (max-width: 334px) 100vw, 334px\" \/><\/a>El dia 21 de febrer se celebra el Dia Internacional de les Lleng\u00fces d\u2019Origen. A proposta de Bangladesh, l\u2019any 1999 la UNESCO va establir aquesta data en reconeixement dels estudiants i activistes que van morir en les accions de protesta per demanar que la seva llengua, el <\/span><span style=\"color: #212121;\">b<\/span><span style=\"color: #212121;\">angla, fos reconeguda al seu pa\u00eds. <\/span><span style=\"color: #212121;\">Un cop aprovada aquesta iniciativa a la Confer\u00e8ncia General de la UNESCO, es celebra arreu del m\u00f3n des de l\u2019any 2000.<\/span><\/span><\/span><\/span><\/p>\n<p style=\"text-align: justify;\"><span style=\"font-family: Arial, sans-serif;\"><span style=\"font-size: medium;\"><span style=\"color: #000000;\"><span style=\"color: #212121;\">L\u2019any 2025, per tant, <\/span><span style=\"color: #212121;\">suposa<\/span><span style=\"color: #212121;\"> el 25\u00e8 aniversari d\u2019aquest reconeixement, l\u2019objectiu del qual \u00e9s posar en valor i sobretot preservar la diversitat ling\u00fc\u00edstica mundial.<\/span><\/span><\/span><\/span><\/p>\n<p style=\"text-align: justify;\"><span style=\"font-family: Arial, sans-serif;\"><span style=\"font-size: medium;\"><span style=\"color: #000000;\">Es calcula que hi ha entre 6000 i 7000 lleng\u00fces \u2013parlades per m\u00e9s de 8.000 milions de persones- i almenys la meitat de la poblaci\u00f3 mundial \u00e9s biling\u00fce o pluriling\u00fce, \u00e9s a dir, parla dues o m\u00e9s lleng\u00fces.<\/span><\/span><\/span><\/p>\n<p style=\"text-align: justify;\"><span style=\"font-family: Arial, sans-serif;\"><span style=\"font-size: medium;\"><span style=\"color: #212121;\">Con\u00e8ixer, respectar, protegir i sobretot garantir l\u2019expressi\u00f3 lliure i en igualtat de condicions de totes les lleng\u00fces, orals i escrites, comporta tamb\u00e9 preservar la sostenibilitat de la cultura i la vida.<\/span><\/span><\/span><\/p>\n","protected":false},"excerpt":{"rendered":"<p><a href=\"https:\/\/agora.xtec.cat\/ins-intermunicipal\/wp-content\/uploads\/usu2220\/2025\/02\/984px-Pieter_Bruegel_the_Elder_-_The_Tower_of_Babel_Vienna_-_Google_Art_Project_-_edited.jpg\"><\/a>El dia 21 de febrer se celebra el Dia Internacional de les Lleng\u00fces d\u2019Origen. A proposta de Bangladesh, l\u2019any 1999 la UNESCO va establir aquesta data en reconeixement dels estudiants i activistes que van morir en les accions de protesta per demanar que la&hellip;  <a href=\"https:\/\/agora.xtec.cat\/ins-intermunicipal\/general\/21-de-febrer-dia-internacional-de-les-llengues-dorigen\/\" title=\"Read 21 de febrer, Dia Internacional de les Lleng\u00fces d\u2019Origen\">Llegeix m\u00e9s\u00bb<\/a><\/p>\n","protected":false},"author":7,"featured_media":4209,"comment_status":"closed","ping_status":"closed","sticky":false,"template":"","format":"standard","meta":{"_bbp_topic_count":0,"_bbp_reply_count":0,"_bbp_total_topic_count":0,"_bbp_total_reply_count":0,"_bbp_voice_count":0,"_bbp_anonymous_reply_count":0,"_bbp_topic_count_hidden":0,"_bbp_reply_count_hidden":0,"_bbp_forum_subforum_count":0,"footnotes":""},"categories":[1,29],"tags":[608,606,607],"class_list":["post-4208","post","type-post","status-publish","format-standard","has-post-thumbnail","hentry","category-general","category-portada","tag-bangla","tag-dia-internacional-de-les-llengues-dorigen","tag-unesco"],"post_mailing_queue_ids":[],"_links":{"self":[{"href":"https:\/\/agora.xtec.cat\/ins-intermunicipal\/wp-json\/wp\/v2\/posts\/4208","targetHints":{"allow":["GET"]}}],"collection":[{"href":"https:\/\/agora.xtec.cat\/ins-intermunicipal\/wp-json\/wp\/v2\/posts"}],"about":[{"href":"https:\/\/agora.xtec.cat\/ins-intermunicipal\/wp-json\/wp\/v2\/types\/post"}],"author":[{"embeddable":true,"href":"https:\/\/agora.xtec.cat\/ins-intermunicipal\/wp-json\/wp\/v2\/users\/7"}],"replies":[{"embeddable":true,"href":"https:\/\/agora.xtec.cat\/ins-intermunicipal\/wp-json\/wp\/v2\/comments?post=4208"}],"version-history":[{"count":4,"href":"https:\/\/agora.xtec.cat\/ins-intermunicipal\/wp-json\/wp\/v2\/posts\/4208\/revisions"}],"predecessor-version":[{"id":4213,"href":"https:\/\/agora.xtec.cat\/ins-intermunicipal\/wp-json\/wp\/v2\/posts\/4208\/revisions\/4213"}],"wp:featuredmedia":[{"embeddable":true,"href":"https:\/\/agora.xtec.cat\/ins-intermunicipal\/wp-json\/wp\/v2\/media\/4209"}],"wp:attachment":[{"href":"https:\/\/agora.xtec.cat\/ins-intermunicipal\/wp-json\/wp\/v2\/media?parent=4208"}],"wp:term":[{"taxonomy":"category","embeddable":true,"href":"https:\/\/agora.xtec.cat\/ins-intermunicipal\/wp-json\/wp\/v2\/categories?post=4208"},{"taxonomy":"post_tag","embeddable":true,"href":"https:\/\/agora.xtec.cat\/ins-intermunicipal\/wp-json\/wp\/v2\/tags?post=4208"}],"curies":[{"name":"wp","href":"https:\/\/api.w.org\/{rel}","templated":true}]}}