{"id":4199,"date":"2025-02-19T12:45:42","date_gmt":"2025-02-19T11:45:42","guid":{"rendered":"https:\/\/agora.xtec.cat\/ins-intermunicipal\/?p=4199"},"modified":"2025-02-19T12:46:29","modified_gmt":"2025-02-19T11:46:29","slug":"2n-de-batxillerat-a-berlin","status":"publish","type":"post","link":"https:\/\/agora.xtec.cat\/ins-intermunicipal\/general\/2n-de-batxillerat-a-berlin\/","title":{"rendered":"2n de Batxillerat a Berl\u00edn"},"content":{"rendered":"<p align=\"justify\"><span style=\"color: #222222;\"><span style=\"font-family: Arial, Helvetica, sans-serif;\"><span style=\"font-size: medium;\">Els alumnes de 2n de batxillerat s\u00f3n durant aquesta setmana de viatge de final d&#8217;etapa a Berl\u00edn. Tot i que el fred hivernal de la capital alemanya ha impactat de ple en els nostres alumnes, aix\u00f2 no els est\u00e0 impedint de gaudir d&#8217;uns dies de trencament de la rutina molt profitosos. Sense anar m\u00e9s lluny, avui tenen previst de visitar el Bundestag, l\u2019edifici del Parlament de la Rep\u00fablica Federal d\u2019Alemanya. Esperem que gaudeixin molt d&#8217;aquesta magn\u00edfica experi\u00e8ncia.<\/span><\/span><\/span><\/p>\n<p align=\"justify\"><span style=\"color: #222222;\"><span style=\"font-family: Arial, Helvetica, sans-serif;\"><span style=\"font-size: medium;\"><a href=\"https:\/\/agora.xtec.cat\/ins-intermunicipal\/wp-content\/uploads\/usu2220\/2025\/02\/WhatsApp-Image-2025-02-17-at-21.02.20-e1739965025874.jpeg\"><img loading=\"lazy\" decoding=\"async\" class=\"alignnone wp-image-4202 \" src=\"https:\/\/agora.xtec.cat\/ins-intermunicipal\/wp-content\/uploads\/usu2220\/2025\/02\/WhatsApp-Image-2025-02-17-at-21.02.20-e1739965025874-300x195.jpeg\" alt=\"\" width=\"462\" height=\"300\" srcset=\"https:\/\/agora.xtec.cat\/ins-intermunicipal\/wp-content\/uploads\/usu2220\/2025\/02\/WhatsApp-Image-2025-02-17-at-21.02.20-e1739965025874-300x195.jpeg 300w, https:\/\/agora.xtec.cat\/ins-intermunicipal\/wp-content\/uploads\/usu2220\/2025\/02\/WhatsApp-Image-2025-02-17-at-21.02.20-e1739965025874.jpeg 537w\" sizes=\"auto, (max-width: 462px) 100vw, 462px\" \/><\/a><a href=\"https:\/\/agora.xtec.cat\/ins-intermunicipal\/wp-content\/uploads\/usu2220\/2025\/02\/WhatsApp-Image-2025-02-18-at-21.24.14-e1739965055137.jpeg\"> <img loading=\"lazy\" decoding=\"async\" class=\"alignnone wp-image-4200 size-medium\" src=\"https:\/\/agora.xtec.cat\/ins-intermunicipal\/wp-content\/uploads\/usu2220\/2025\/02\/WhatsApp-Image-2025-02-18-at-21.24.14-e1739965055137-215x300.jpeg\" alt=\"\" width=\"215\" height=\"300\" srcset=\"https:\/\/agora.xtec.cat\/ins-intermunicipal\/wp-content\/uploads\/usu2220\/2025\/02\/WhatsApp-Image-2025-02-18-at-21.24.14-e1739965055137-215x300.jpeg 215w, https:\/\/agora.xtec.cat\/ins-intermunicipal\/wp-content\/uploads\/usu2220\/2025\/02\/WhatsApp-Image-2025-02-18-at-21.24.14-e1739965055137.jpeg 720w\" sizes=\"auto, (max-width: 215px) 100vw, 215px\" \/><\/a><\/span><\/span><\/span><\/p>\n","protected":false},"excerpt":{"rendered":"<p>Els alumnes de 2n de batxillerat s\u00f3n durant aquesta setmana de viatge de final d&#8217;etapa a Berl\u00edn. Tot i que el fred hivernal de la capital alemanya ha impactat de ple en els nostres alumnes, aix\u00f2 no els est\u00e0 impedint de gaudir d&#8217;uns dies de&hellip;  <a href=\"https:\/\/agora.xtec.cat\/ins-intermunicipal\/general\/2n-de-batxillerat-a-berlin\/\" title=\"Read 2n de Batxillerat a Berl\u00edn\">Llegeix m\u00e9s\u00bb<\/a><\/p>\n","protected":false},"author":7,"featured_media":4202,"comment_status":"closed","ping_status":"closed","sticky":false,"template":"","format":"standard","meta":{"_bbp_topic_count":0,"_bbp_reply_count":0,"_bbp_total_topic_count":0,"_bbp_total_reply_count":0,"_bbp_voice_count":0,"_bbp_anonymous_reply_count":0,"_bbp_topic_count_hidden":0,"_bbp_reply_count_hidden":0,"_bbp_forum_subforum_count":0,"footnotes":""},"categories":[107,1,29],"tags":[604,605],"class_list":["post-4199","post","type-post","status-publish","format-standard","has-post-thumbnail","hentry","category-bat2","category-general","category-portada","tag-berlin","tag-viatge"],"post_mailing_queue_ids":[],"_links":{"self":[{"href":"https:\/\/agora.xtec.cat\/ins-intermunicipal\/wp-json\/wp\/v2\/posts\/4199","targetHints":{"allow":["GET"]}}],"collection":[{"href":"https:\/\/agora.xtec.cat\/ins-intermunicipal\/wp-json\/wp\/v2\/posts"}],"about":[{"href":"https:\/\/agora.xtec.cat\/ins-intermunicipal\/wp-json\/wp\/v2\/types\/post"}],"author":[{"embeddable":true,"href":"https:\/\/agora.xtec.cat\/ins-intermunicipal\/wp-json\/wp\/v2\/users\/7"}],"replies":[{"embeddable":true,"href":"https:\/\/agora.xtec.cat\/ins-intermunicipal\/wp-json\/wp\/v2\/comments?post=4199"}],"version-history":[{"count":5,"href":"https:\/\/agora.xtec.cat\/ins-intermunicipal\/wp-json\/wp\/v2\/posts\/4199\/revisions"}],"predecessor-version":[{"id":4207,"href":"https:\/\/agora.xtec.cat\/ins-intermunicipal\/wp-json\/wp\/v2\/posts\/4199\/revisions\/4207"}],"wp:featuredmedia":[{"embeddable":true,"href":"https:\/\/agora.xtec.cat\/ins-intermunicipal\/wp-json\/wp\/v2\/media\/4202"}],"wp:attachment":[{"href":"https:\/\/agora.xtec.cat\/ins-intermunicipal\/wp-json\/wp\/v2\/media?parent=4199"}],"wp:term":[{"taxonomy":"category","embeddable":true,"href":"https:\/\/agora.xtec.cat\/ins-intermunicipal\/wp-json\/wp\/v2\/categories?post=4199"},{"taxonomy":"post_tag","embeddable":true,"href":"https:\/\/agora.xtec.cat\/ins-intermunicipal\/wp-json\/wp\/v2\/tags?post=4199"}],"curies":[{"name":"wp","href":"https:\/\/api.w.org\/{rel}","templated":true}]}}