{"id":4192,"date":"2025-02-18T10:25:11","date_gmt":"2025-02-18T09:25:11","guid":{"rendered":"https:\/\/agora.xtec.cat\/ins-intermunicipal\/?p=4192"},"modified":"2025-02-18T11:05:13","modified_gmt":"2025-02-18T10:05:13","slug":"solidart-exposicio-el-8-de-marc-de-2025","status":"publish","type":"post","link":"https:\/\/agora.xtec.cat\/ins-intermunicipal\/general\/solidart-exposicio-el-8-de-marc-de-2025\/","title":{"rendered":"SolidArt: exposici\u00f3 8M"},"content":{"rendered":"<p align=\"justify\"><span style=\"color: #202124;\"><span style=\"font-family: Arial, sans-serif;\"><span style=\"font-size: medium;\">Els alumnes de 3r d&#8217;ESO, des del projecte Solidart, estem preparant la nostra primera exposici\u00f3 en el marc del 8 de mar\u00e7!\u00a0<\/span><\/span><\/span><\/p>\n<p style=\"text-align: center;\" align=\"justify\"><span style=\"color: #202124;\"><span style=\"font-family: Arial, sans-serif;\"><span style=\"font-size: medium;\"><iframe loading=\"lazy\" title=\"YouTube video player\" src=\"\/\/www.youtube.com\/embed\/N-kJpBFLf0g?si=zSI6dfKV3cNFqK4z\" width=\"560\" height=\"315\" frameborder=\"0\" allowfullscreen=\"allowfullscreen\"><\/iframe><\/span><\/span><\/span><\/p>\n<p style=\"text-align: justify;\" align=\"justify\"><span style=\"color: #202124;\"><span style=\"font-family: Arial, sans-serif;\"><span style=\"font-size: medium;\">Farem <b>visites guiades de l&#8217;exposici\u00f3<\/b> els propers <b>dimarts 4 <\/b>(mat\u00ed i tarda)<b>, divendres 7<\/b> (mat\u00ed) <b>i dilluns 10 de mar\u00e7<\/b> (mat\u00ed). Us convidem a embarcar-vos en una experi\u00e8ncia \u00fanica. Cada visita durar\u00e0 aproximadament 20 minuts. Podreu escollir entre vuit rutes diferents per rec\u00f3rrer el nostre institut. Cada ruta us permetr\u00e0 con\u00e8ixer dones artistes que han estat clau en la hist\u00f2ria de l&#8217;art, des de l&#8217;antiga H\u00e8lena d&#8217;Egipte fins a les activistes de Guerrilla Girls, passant per la pintura de Llu\u00efsa Vidal o les obres de Sofonisba Anguissola. <\/span><\/span><\/span><\/p>\n<p style=\"text-align: justify;\" align=\"justify\"><span style=\"color: #202124;\"><span style=\"font-family: Arial, sans-serif;\"><span style=\"font-size: medium;\">A trav\u00e9s d\u2019aquesta visita, volem proposar una mirada nova i inclusiva de la hist\u00f2ria de l&#8217;art, amb una perspectiva de g\u00e8nere i racial. Apunteu-vos en <strong><a href=\"https:\/\/docs.google.com\/forms\/d\/e\/1FAIpQLSfuV38dOXiG2iLduVW-jO-kIOb9pLfJCtxzB7N9A9CeVWuWmw\/viewform\" target=\"_blank\" rel=\"noopener\">aquest formulari<\/a><\/strong>. <\/span><\/span><\/span><span style=\"color: #202124;\"><span style=\"font-family: Arial, sans-serif;\"><span style=\"font-size: medium;\">Us hi esperem!<\/span><\/span><\/span><\/p>\n<p style=\"text-align: center;\">\n","protected":false},"excerpt":{"rendered":"<p>Els alumnes de 3r d&#8217;ESO, des del projecte Solidart, estem preparant la nostra primera exposici\u00f3 en el marc del 8 de mar\u00e7!\u00a0<\/p>\n<p>Farem visites guiades de l&#8217;exposici\u00f3 els propers dimarts 4 (mat\u00ed i tarda), divendres 7 (mat\u00ed) i dilluns 10 de mar\u00e7 (mat\u00ed). Us convidem a&hellip;  <a href=\"https:\/\/agora.xtec.cat\/ins-intermunicipal\/general\/solidart-exposicio-el-8-de-marc-de-2025\/\" title=\"Read SolidArt: exposici\u00f3 8M\">Llegeix m\u00e9s\u00bb<\/a><\/p>\n","protected":false},"author":7,"featured_media":4195,"comment_status":"closed","ping_status":"closed","sticky":false,"template":"","format":"standard","meta":{"_bbp_topic_count":0,"_bbp_reply_count":0,"_bbp_total_topic_count":0,"_bbp_total_reply_count":0,"_bbp_voice_count":0,"_bbp_anonymous_reply_count":0,"_bbp_topic_count_hidden":0,"_bbp_reply_count_hidden":0,"_bbp_forum_subforum_count":0,"footnotes":""},"categories":[6,1,29],"tags":[472,460],"class_list":["post-4192","post","type-post","status-publish","format-standard","has-post-thumbnail","hentry","category-3eso","category-general","category-portada","tag-exposicio","tag-solidart"],"post_mailing_queue_ids":[],"_links":{"self":[{"href":"https:\/\/agora.xtec.cat\/ins-intermunicipal\/wp-json\/wp\/v2\/posts\/4192","targetHints":{"allow":["GET"]}}],"collection":[{"href":"https:\/\/agora.xtec.cat\/ins-intermunicipal\/wp-json\/wp\/v2\/posts"}],"about":[{"href":"https:\/\/agora.xtec.cat\/ins-intermunicipal\/wp-json\/wp\/v2\/types\/post"}],"author":[{"embeddable":true,"href":"https:\/\/agora.xtec.cat\/ins-intermunicipal\/wp-json\/wp\/v2\/users\/7"}],"replies":[{"embeddable":true,"href":"https:\/\/agora.xtec.cat\/ins-intermunicipal\/wp-json\/wp\/v2\/comments?post=4192"}],"version-history":[{"count":5,"href":"https:\/\/agora.xtec.cat\/ins-intermunicipal\/wp-json\/wp\/v2\/posts\/4192\/revisions"}],"predecessor-version":[{"id":4198,"href":"https:\/\/agora.xtec.cat\/ins-intermunicipal\/wp-json\/wp\/v2\/posts\/4192\/revisions\/4198"}],"wp:featuredmedia":[{"embeddable":true,"href":"https:\/\/agora.xtec.cat\/ins-intermunicipal\/wp-json\/wp\/v2\/media\/4195"}],"wp:attachment":[{"href":"https:\/\/agora.xtec.cat\/ins-intermunicipal\/wp-json\/wp\/v2\/media?parent=4192"}],"wp:term":[{"taxonomy":"category","embeddable":true,"href":"https:\/\/agora.xtec.cat\/ins-intermunicipal\/wp-json\/wp\/v2\/categories?post=4192"},{"taxonomy":"post_tag","embeddable":true,"href":"https:\/\/agora.xtec.cat\/ins-intermunicipal\/wp-json\/wp\/v2\/tags?post=4192"}],"curies":[{"name":"wp","href":"https:\/\/api.w.org\/{rel}","templated":true}]}}