{"id":4190,"date":"2025-02-14T18:21:44","date_gmt":"2025-02-14T17:21:44","guid":{"rendered":"https:\/\/agora.xtec.cat\/ins-intermunicipal\/?p=4190"},"modified":"2025-02-14T18:21:44","modified_gmt":"2025-02-14T17:21:44","slug":"ofertes-de-feina-de-lalt-penedes-14-de-febrer","status":"publish","type":"post","link":"https:\/\/agora.xtec.cat\/ins-intermunicipal\/formacio-professional\/feina-fp\/ofertes-de-feina-de-lalt-penedes-14-de-febrer\/","title":{"rendered":"Ofertes de feina de l&#8217;Alt Pened\u00e8s. 14 de febrer."},"content":{"rendered":"<p>Compartim amb vosaltres les <a href=\"https:\/\/drive.google.com\/file\/d\/15B7733Jl7kid9duqSUcMvSh4WHXZDr53\/view?usp=sharing\">ofertes de feina actualitzades<\/a> que l\u2019Oficina Municipal del Treball de Vilafranca del Pened\u00e8s ens ha preparat. Trobareu vacants vinculades als estudis que tenim a l\u2019Institut Intermunicipal del Pened\u00e8s. L\u2019oficina ens informa sobre <a href=\"https:\/\/drive.google.com\/file\/d\/1C5Nz0lWKlw3PCdtv3MeqVx43QxNDGUTg\/view?usp=sharing\">com s\u2019ha de procedir<\/a> per formalitzar les inscripcions.<\/p>\n<p>Tamb\u00e9 ens comunica els <a href=\"https:\/\/drive.google.com\/file\/d\/11LKoXi4Lllzu9_tDTlBJGIuqZAb1ZSCF\/view?usp=sharing\">cursos o c\u00e0psules formatives<\/a> que ofereixen al mes de febrer.<\/p>\n<p>A continuaci\u00f3 veureu un petit resum del contingut de les pr\u00f2ximes c\u00e0psules:<\/p>\n<p style=\"font-weight: 400;\">14\/02\/2025<\/p>\n<p style=\"font-weight: 400;\"><strong>DESTACA LA TEVA CANDIDATURA<\/strong><\/p>\n<p style=\"font-weight: 400;\">Consells i estrat\u00e8gies per elaborar un curr\u00edculum professional i una carta de presentaci\u00f3 que aporti valor i faci brillar el potencial de la persona. Es treballaran continguts, estructura i disseny adequats a les necessitats del mercat de treball actual.<\/p>\n<p style=\"font-weight: 400;\">21\/02\/2025<\/p>\n<p style=\"font-weight: 400;\"><strong>PREGUNTES D\u2019ENTREVISTA: M\u00c8TODE STAR<\/strong><\/p>\n<p style=\"font-weight: 400;\">En els processos de selecci\u00f3, una de les coses que m\u00e9s preocupa a les persones candidates \u00e9s l\u2019entrevista de feina i el fet de no saber qu\u00e8 et preguntaran i com respondre. En aquesta sessi\u00f3 veurem quin tipus de q\u00fcestions acostumen a fer les empreses i com respondre amb \u00e8xit.<\/p>\n","protected":false},"excerpt":{"rendered":"<p>Compartim amb vosaltres les <a href=\"https:\/\/drive.google.com\/file\/d\/15B7733Jl7kid9duqSUcMvSh4WHXZDr53\/view?usp=sharing\">ofertes de feina actualitzades<\/a> que l\u2019Oficina Municipal del Treball de Vilafranca del Pened\u00e8s ens ha preparat. Trobareu vacants vinculades als estudis que tenim a l\u2019Institut Intermunicipal del Pened\u00e8s. L\u2019oficina ens informa sobre <a href=\"https:\/\/drive.google.com\/file\/d\/1C5Nz0lWKlw3PCdtv3MeqVx43QxNDGUTg\/view?usp=sharing\">com s\u2019ha de procedir<\/a> per formalitzar les&hellip;  <a href=\"https:\/\/agora.xtec.cat\/ins-intermunicipal\/formacio-professional\/feina-fp\/ofertes-de-feina-de-lalt-penedes-14-de-febrer\/\" title=\"Read Ofertes de feina de l&#8217;Alt Pened\u00e8s. 14 de febrer.\">Llegeix m\u00e9s\u00bb<\/a><\/p>\n","protected":false},"author":8,"featured_media":0,"comment_status":"closed","ping_status":"closed","sticky":false,"template":"","format":"standard","meta":{"_bbp_topic_count":0,"_bbp_reply_count":0,"_bbp_total_topic_count":0,"_bbp_total_reply_count":0,"_bbp_voice_count":0,"_bbp_anonymous_reply_count":0,"_bbp_topic_count_hidden":0,"_bbp_reply_count_hidden":0,"_bbp_forum_subforum_count":0,"footnotes":""},"categories":[189],"tags":[],"class_list":["post-4190","post","type-post","status-publish","format-standard","hentry","category-feina-fp"],"post_mailing_queue_ids":[],"_links":{"self":[{"href":"https:\/\/agora.xtec.cat\/ins-intermunicipal\/wp-json\/wp\/v2\/posts\/4190","targetHints":{"allow":["GET"]}}],"collection":[{"href":"https:\/\/agora.xtec.cat\/ins-intermunicipal\/wp-json\/wp\/v2\/posts"}],"about":[{"href":"https:\/\/agora.xtec.cat\/ins-intermunicipal\/wp-json\/wp\/v2\/types\/post"}],"author":[{"embeddable":true,"href":"https:\/\/agora.xtec.cat\/ins-intermunicipal\/wp-json\/wp\/v2\/users\/8"}],"replies":[{"embeddable":true,"href":"https:\/\/agora.xtec.cat\/ins-intermunicipal\/wp-json\/wp\/v2\/comments?post=4190"}],"version-history":[{"count":1,"href":"https:\/\/agora.xtec.cat\/ins-intermunicipal\/wp-json\/wp\/v2\/posts\/4190\/revisions"}],"predecessor-version":[{"id":4191,"href":"https:\/\/agora.xtec.cat\/ins-intermunicipal\/wp-json\/wp\/v2\/posts\/4190\/revisions\/4191"}],"wp:attachment":[{"href":"https:\/\/agora.xtec.cat\/ins-intermunicipal\/wp-json\/wp\/v2\/media?parent=4190"}],"wp:term":[{"taxonomy":"category","embeddable":true,"href":"https:\/\/agora.xtec.cat\/ins-intermunicipal\/wp-json\/wp\/v2\/categories?post=4190"},{"taxonomy":"post_tag","embeddable":true,"href":"https:\/\/agora.xtec.cat\/ins-intermunicipal\/wp-json\/wp\/v2\/tags?post=4190"}],"curies":[{"name":"wp","href":"https:\/\/api.w.org\/{rel}","templated":true}]}}