{"id":4170,"date":"2025-02-12T11:35:38","date_gmt":"2025-02-12T10:35:38","guid":{"rendered":"https:\/\/agora.xtec.cat\/ins-intermunicipal\/?p=4170"},"modified":"2025-02-12T11:43:21","modified_gmt":"2025-02-12T10:43:21","slug":"vens-a-veure-mar-i-cel","status":"publish","type":"post","link":"https:\/\/agora.xtec.cat\/ins-intermunicipal\/general\/vens-a-veure-mar-i-cel\/","title":{"rendered":"Vens a veure MAR I CEL?"},"content":{"rendered":"<p style=\"text-align: justify;\" align=\"justify\"><span style=\"color: #000000;\"><span style=\"font-family: Arial, Helvetica, sans-serif;\"><span style=\"font-size: medium;\"><a href=\"https:\/\/agora.xtec.cat\/ins-intermunicipal\/wp-content\/uploads\/usu2220\/2025\/02\/Mar-i-Cel.png\"><img loading=\"lazy\" decoding=\"async\" class=\"alignleft wp-image-4173 \" src=\"https:\/\/agora.xtec.cat\/ins-intermunicipal\/wp-content\/uploads\/usu2220\/2025\/02\/Mar-i-Cel-300x200.png\" alt=\"\" width=\"326\" height=\"217\" srcset=\"https:\/\/agora.xtec.cat\/ins-intermunicipal\/wp-content\/uploads\/usu2220\/2025\/02\/Mar-i-Cel-300x200.png 300w, https:\/\/agora.xtec.cat\/ins-intermunicipal\/wp-content\/uploads\/usu2220\/2025\/02\/Mar-i-Cel.png 600w\" sizes=\"auto, (max-width: 326px) 100vw, 326px\" \/><\/a>El 7 de maig anem a veure, en funci\u00f3 nocturna, el musical <a href=\"https:\/\/maricelelmusical.cat\/\" target=\"_blank\" rel=\"noopener\"><b>Mar i Cel<\/b> <\/a>de <a href=\"https:\/\/www.dagolldagom.com\/\" target=\"_blank\" rel=\"noopener\">Dagoll Dagom<\/a> al teatre Vict\u00f2ria. Aquest musical es representa per quarta vegada amb motiu de la celebraci\u00f3 dels 50 anys de traject\u00f2ria de la companyia Dagoll Dagom i ser\u00e0 el seu comiat definitiu. <\/span><\/span><\/span><\/p>\n<p style=\"text-align: justify;\" align=\"justify\"><span style=\"color: #000000;\"><span style=\"font-family: Arial, Helvetica, sans-serif;\"><span style=\"font-size: medium;\">Si ets alumne d&#8217;ESO o Batxillerat, no et perdis l&#8217;oportunitat i compra l&#8217;entrada abans no s&#8217;acabin. <\/span><\/span><\/span><span style=\"color: #000000;\"><span style=\"font-family: Arial, Helvetica, sans-serif;\"><span style=\"font-size: medium;\">Ho pots fer a partir de divendres 14 de febrer i fins al 14 de mar\u00e7 (o fins que s\u2019exhaureixin les entrades) mitjan\u00e7ant la botiga del <a href=\"https:\/\/itescola.tpvescola.com\/Default2.aspx\" target=\"_blank\" rel=\"noopener\">TPV<\/a>. El preu (68\u202f\u20ac) inclou transport i entrada a platea.<\/span><\/span><\/span><\/p>\n","protected":false},"excerpt":{"rendered":"<p><a href=\"https:\/\/agora.xtec.cat\/ins-intermunicipal\/wp-content\/uploads\/usu2220\/2025\/02\/Mar-i-Cel.png\"><\/a>El 7 de maig anem a veure, en funci\u00f3 nocturna, el musical <a href=\"https:\/\/maricelelmusical.cat\/\" target=\"_blank\" rel=\"noopener\">Mar i Cel <\/a>de <a href=\"https:\/\/www.dagolldagom.com\/\" target=\"_blank\" rel=\"noopener\">Dagoll Dagom<\/a> al teatre Vict\u00f2ria. Aquest musical es representa per quarta vegada amb motiu de la celebraci\u00f3 dels 50 anys de traject\u00f2ria&hellip;  <a href=\"https:\/\/agora.xtec.cat\/ins-intermunicipal\/general\/vens-a-veure-mar-i-cel\/\" title=\"Read Vens a veure MAR I CEL?\">Llegeix m\u00e9s\u00bb<\/a><\/p>\n","protected":false},"author":7,"featured_media":4173,"comment_status":"closed","ping_status":"closed","sticky":false,"template":"","format":"standard","meta":{"_bbp_topic_count":0,"_bbp_reply_count":0,"_bbp_total_topic_count":0,"_bbp_total_reply_count":0,"_bbp_voice_count":0,"_bbp_anonymous_reply_count":0,"_bbp_topic_count_hidden":0,"_bbp_reply_count_hidden":0,"_bbp_forum_subforum_count":0,"footnotes":""},"categories":[8,3,1,29],"tags":[603,602,40],"class_list":["post-4170","post","type-post","status-publish","format-standard","has-post-thumbnail","hentry","category-bat","category-eso","category-general","category-portada","tag-dagoll-dagom","tag-mar-i-cel","tag-teatre"],"post_mailing_queue_ids":[],"_links":{"self":[{"href":"https:\/\/agora.xtec.cat\/ins-intermunicipal\/wp-json\/wp\/v2\/posts\/4170","targetHints":{"allow":["GET"]}}],"collection":[{"href":"https:\/\/agora.xtec.cat\/ins-intermunicipal\/wp-json\/wp\/v2\/posts"}],"about":[{"href":"https:\/\/agora.xtec.cat\/ins-intermunicipal\/wp-json\/wp\/v2\/types\/post"}],"author":[{"embeddable":true,"href":"https:\/\/agora.xtec.cat\/ins-intermunicipal\/wp-json\/wp\/v2\/users\/7"}],"replies":[{"embeddable":true,"href":"https:\/\/agora.xtec.cat\/ins-intermunicipal\/wp-json\/wp\/v2\/comments?post=4170"}],"version-history":[{"count":6,"href":"https:\/\/agora.xtec.cat\/ins-intermunicipal\/wp-json\/wp\/v2\/posts\/4170\/revisions"}],"predecessor-version":[{"id":4186,"href":"https:\/\/agora.xtec.cat\/ins-intermunicipal\/wp-json\/wp\/v2\/posts\/4170\/revisions\/4186"}],"wp:featuredmedia":[{"embeddable":true,"href":"https:\/\/agora.xtec.cat\/ins-intermunicipal\/wp-json\/wp\/v2\/media\/4173"}],"wp:attachment":[{"href":"https:\/\/agora.xtec.cat\/ins-intermunicipal\/wp-json\/wp\/v2\/media?parent=4170"}],"wp:term":[{"taxonomy":"category","embeddable":true,"href":"https:\/\/agora.xtec.cat\/ins-intermunicipal\/wp-json\/wp\/v2\/categories?post=4170"},{"taxonomy":"post_tag","embeddable":true,"href":"https:\/\/agora.xtec.cat\/ins-intermunicipal\/wp-json\/wp\/v2\/tags?post=4170"}],"curies":[{"name":"wp","href":"https:\/\/api.w.org\/{rel}","templated":true}]}}