{"id":4145,"date":"2025-02-03T12:18:17","date_gmt":"2025-02-03T11:18:17","guid":{"rendered":"https:\/\/agora.xtec.cat\/ins-intermunicipal\/?p=4145"},"modified":"2025-02-03T12:19:20","modified_gmt":"2025-02-03T11:19:20","slug":"enquesta-per-lods-de-2n-de-batxillerat","status":"publish","type":"post","link":"https:\/\/agora.xtec.cat\/ins-intermunicipal\/general\/enquesta-per-lods-de-2n-de-batxillerat\/","title":{"rendered":"Enquesta per l&#8217;ODS de 2n de Batxillerat"},"content":{"rendered":"<p align=\"justify\"><span style=\"color: #222222;\"><span style=\"font-family: Arial, Helvetica, sans-serif;\"><span style=\"font-size: medium;\"><i><a href=\"https:\/\/agora.xtec.cat\/ins-intermunicipal\/wp-content\/uploads\/usu2220\/2025\/02\/No-tamaguis-e1738581234741.png\"><img loading=\"lazy\" decoding=\"async\" class=\"alignleft wp-image-4146 \" src=\"https:\/\/agora.xtec.cat\/ins-intermunicipal\/wp-content\/uploads\/usu2220\/2025\/02\/No-tamaguis-300x300.png\" alt=\"\" width=\"250\" height=\"250\" \/><\/a><\/i>Els alumnes de l\u2019assignatura Objectius de Desenvolupament Sostenible (ODS) de 2n de Batxillerat ens fan arribar el seg\u00fcent comunicat i demanen la nostra participaci\u00f3 en la seva tasca omplint l\u2019enquesta que trobareu enlla\u00e7ada a sota:<\/span><\/span><\/span><\/p>\n<p align=\"justify\"><em><span style=\"color: #222222;\"><span style=\"font-family: Arial, Helvetica, sans-serif;\"><span style=\"font-size: medium;\">Un grup d&#8217;estudiants de 2n de Batxillerat que cursem l&#8217;assignatura d&#8217;ODS, estem realitzant una campanya de recollida d&#8217;opinions per saber qu\u00e8 en pensa la poblaci\u00f3 de Sant Sadurn\u00ed d&#8217;Anoia sobre les ofertes d&#8217;oci i cultura vigents al municipi. <\/span><\/span><\/span><\/em><\/p>\n<p align=\"justify\"><em><span style=\"color: #222222;\"><span style=\"font-family: Arial, Helvetica, sans-serif;\"><span style=\"font-size: medium;\">Despr\u00e9s d\u2019haver-les obtingut, exposarem les dades de l\u2019enquesta en una taula rodona amb un membre de l&#8217;ajuntament per intentar arribar a acords.<\/span><\/span><\/span><\/em><\/p>\n<p align=\"justify\"><em><span style=\"color: #222222;\"><span style=\"font-family: Arial, Helvetica, sans-serif;\"><span style=\"font-size: medium;\">T<\/span><\/span><\/span><span style=\"color: #222222;\"><span style=\"font-family: Arial, Helvetica, sans-serif;\"><span style=\"font-size: medium;\">amb\u00e9 agrair\u00edem molt <\/span><\/span><\/span><span style=\"color: #222222;\"><span style=\"font-family: Arial, Helvetica, sans-serif;\"><span style=\"font-size: medium;\">que participeu en l\u2019enquesta que trobareu en<\/span><\/span><\/span><span style=\"color: #222222;\"><span style=\"font-family: Arial, Helvetica, sans-serif;\"><span style=\"font-size: medium;\"> l&#8217;enlla\u00e7 seg\u00fcent: <strong><a href=\"https:\/\/docs.google.com\/forms\/d\/e\/1FAIpQLSf7ck4RsE8BZ1k8NEsZEOT1mab3dFBVe0XiE9kxpxEsPtxolg\/viewform\" target=\"_blank\" rel=\"noopener\">Sant Sadurn\u00ed ens facilita el dret a l&#8217;oci i a la cultura?<\/a><\/strong><\/span><\/span><\/span><\/em><\/p>\n<p>&nbsp;<\/p>\n","protected":false},"excerpt":{"rendered":"<p><a href=\"https:\/\/agora.xtec.cat\/ins-intermunicipal\/wp-content\/uploads\/usu2220\/2025\/02\/No-tamaguis-e1738581234741.png\"><\/a>Els alumnes de l\u2019assignatura Objectius de Desenvolupament Sostenible (ODS) de 2n de Batxillerat ens fan arribar el seg\u00fcent comunicat i demanen la nostra participaci\u00f3 en la seva tasca omplint l\u2019enquesta que trobareu enlla\u00e7ada a sota:<br \/>\nUn grup d&#8217;estudiants de 2n de Batxillerat que cursem l&#8217;assignatura&hellip;  <a href=\"https:\/\/agora.xtec.cat\/ins-intermunicipal\/general\/enquesta-per-lods-de-2n-de-batxillerat\/\" title=\"Read Enquesta per l&#8217;ODS de 2n de Batxillerat\">Llegeix m\u00e9s\u00bb<\/a><\/p>\n","protected":false},"author":7,"featured_media":4146,"comment_status":"closed","ping_status":"closed","sticky":false,"template":"","format":"standard","meta":{"_bbp_topic_count":0,"_bbp_reply_count":0,"_bbp_total_topic_count":0,"_bbp_total_reply_count":0,"_bbp_voice_count":0,"_bbp_anonymous_reply_count":0,"_bbp_topic_count_hidden":0,"_bbp_reply_count_hidden":0,"_bbp_forum_subforum_count":0,"footnotes":""},"categories":[107,1,29],"tags":[599,601,600,533,212],"class_list":["post-4145","post","type-post","status-publish","format-standard","has-post-thumbnail","hentry","category-bat2","category-general","category-portada","tag-bat2","tag-cultura","tag-oci","tag-ods","tag-sant-sadurni-danoia"],"post_mailing_queue_ids":[],"_links":{"self":[{"href":"https:\/\/agora.xtec.cat\/ins-intermunicipal\/wp-json\/wp\/v2\/posts\/4145","targetHints":{"allow":["GET"]}}],"collection":[{"href":"https:\/\/agora.xtec.cat\/ins-intermunicipal\/wp-json\/wp\/v2\/posts"}],"about":[{"href":"https:\/\/agora.xtec.cat\/ins-intermunicipal\/wp-json\/wp\/v2\/types\/post"}],"author":[{"embeddable":true,"href":"https:\/\/agora.xtec.cat\/ins-intermunicipal\/wp-json\/wp\/v2\/users\/7"}],"replies":[{"embeddable":true,"href":"https:\/\/agora.xtec.cat\/ins-intermunicipal\/wp-json\/wp\/v2\/comments?post=4145"}],"version-history":[{"count":6,"href":"https:\/\/agora.xtec.cat\/ins-intermunicipal\/wp-json\/wp\/v2\/posts\/4145\/revisions"}],"predecessor-version":[{"id":4152,"href":"https:\/\/agora.xtec.cat\/ins-intermunicipal\/wp-json\/wp\/v2\/posts\/4145\/revisions\/4152"}],"wp:featuredmedia":[{"embeddable":true,"href":"https:\/\/agora.xtec.cat\/ins-intermunicipal\/wp-json\/wp\/v2\/media\/4146"}],"wp:attachment":[{"href":"https:\/\/agora.xtec.cat\/ins-intermunicipal\/wp-json\/wp\/v2\/media?parent=4145"}],"wp:term":[{"taxonomy":"category","embeddable":true,"href":"https:\/\/agora.xtec.cat\/ins-intermunicipal\/wp-json\/wp\/v2\/categories?post=4145"},{"taxonomy":"post_tag","embeddable":true,"href":"https:\/\/agora.xtec.cat\/ins-intermunicipal\/wp-json\/wp\/v2\/tags?post=4145"}],"curies":[{"name":"wp","href":"https:\/\/api.w.org\/{rel}","templated":true}]}}