{"id":4124,"date":"2025-01-30T19:22:10","date_gmt":"2025-01-30T18:22:10","guid":{"rendered":"https:\/\/agora.xtec.cat\/ins-intermunicipal\/?p=4124"},"modified":"2025-06-05T10:02:40","modified_gmt":"2025-06-05T08:02:40","slug":"lequip-de-linter-queda-2n-a-la-copa-cangur","status":"publish","type":"post","link":"https:\/\/agora.xtec.cat\/ins-intermunicipal\/general\/lequip-de-linter-queda-2n-a-la-copa-cangur\/","title":{"rendered":"L&#8217;equip de l&#8217;\u00cdnter queda 2n a la Copa Cangur!"},"content":{"rendered":"<p style=\"font-weight: 400; text-align: justify;\">El dimecres 29 de gener, un equip de 7 alumnes de l\u2019Institut Intermunicipal del Pened\u00e8s van participar a la primera fase de la <a href=\"https:\/\/scm.iec.cat\/concurs-presencial\/copa-cangur\/\" target=\"_blank\" rel=\"noopener\">Copa Cangur 2025<\/a> en la categor\u00eda cadet per alumnes de 1r i 2n d\u2019ESO.<\/p>\n<p style=\"font-weight: 400; text-align: justify;\">La Copa Cangur \u00e9s una competici\u00f3 matem\u00e0tica per equips dirigida a estudiants d\u2019educaci\u00f3 secundaria que organitza la Societat Catalana de Matem\u00e0tiques. En aquesta competici\u00f3 es posa a prova l\u2019habilitat, l\u2019estrat\u00e8gia i el treball en equip a trav\u00e9s de problemes matem\u00e0tics din\u00e0mics i competitius.<\/p>\n<p style=\"font-weight: 400; text-align: justify;\">L\u2019equip d\u2019alumnes del nostre institut que hi va participar estava format pel Mart\u00ed Canals, l\u2019\u00c8ric Primo, l\u2019Helena Prieto i el D\u00eddac Escalante de 2n d\u2019ESO i per la Cesca Marqu\u00e8s, la Sara Arilla i la Carla Fern\u00e1ndez de 1r d\u2019ESO. Estem orgullosos de la seva participaci\u00f3 i de poder-vos anunciar que el nostre equip va quedar en una 2a posici\u00f3 molt merescuda. Moltes felicitats a tot l\u2019equip!<\/p>\n<p><a href=\"https:\/\/agora.xtec.cat\/ins-intermunicipal\/wp-content\/uploads\/usu2220\/2025\/01\/IMG_20250129_092258.jpg\"><img loading=\"lazy\" decoding=\"async\" class=\"alignnone wp-image-4127 size-medium\" src=\"https:\/\/agora.xtec.cat\/ins-intermunicipal\/wp-content\/uploads\/usu2220\/2025\/01\/IMG_20250129_092258-300x225.jpg\" alt=\"\" width=\"300\" height=\"225\" srcset=\"https:\/\/agora.xtec.cat\/ins-intermunicipal\/wp-content\/uploads\/usu2220\/2025\/01\/IMG_20250129_092258-300x225.jpg 300w, https:\/\/agora.xtec.cat\/ins-intermunicipal\/wp-content\/uploads\/usu2220\/2025\/01\/IMG_20250129_092258-768x576.jpg 768w, https:\/\/agora.xtec.cat\/ins-intermunicipal\/wp-content\/uploads\/usu2220\/2025\/01\/IMG_20250129_092258-200x150.jpg 200w, https:\/\/agora.xtec.cat\/ins-intermunicipal\/wp-content\/uploads\/usu2220\/2025\/01\/IMG_20250129_092258.jpg 900w\" sizes=\"auto, (max-width: 300px) 100vw, 300px\" \/><\/a><a href=\"https:\/\/agora.xtec.cat\/ins-intermunicipal\/wp-content\/uploads\/usu2220\/2025\/01\/IMG_20250129_093052.jpg\"><img loading=\"lazy\" decoding=\"async\" class=\"alignnone wp-image-4128 size-medium\" src=\"https:\/\/agora.xtec.cat\/ins-intermunicipal\/wp-content\/uploads\/usu2220\/2025\/01\/IMG_20250129_093052-300x225.jpg\" alt=\"\" width=\"300\" height=\"225\" srcset=\"https:\/\/agora.xtec.cat\/ins-intermunicipal\/wp-content\/uploads\/usu2220\/2025\/01\/IMG_20250129_093052-300x225.jpg 300w, https:\/\/agora.xtec.cat\/ins-intermunicipal\/wp-content\/uploads\/usu2220\/2025\/01\/IMG_20250129_093052-768x576.jpg 768w, https:\/\/agora.xtec.cat\/ins-intermunicipal\/wp-content\/uploads\/usu2220\/2025\/01\/IMG_20250129_093052-200x150.jpg 200w, https:\/\/agora.xtec.cat\/ins-intermunicipal\/wp-content\/uploads\/usu2220\/2025\/01\/IMG_20250129_093052.jpg 900w\" sizes=\"auto, (max-width: 300px) 100vw, 300px\" \/><\/a><a href=\"https:\/\/agora.xtec.cat\/ins-intermunicipal\/wp-content\/uploads\/usu2220\/2025\/01\/IMG_20250129_101532_1.jpg\"><img loading=\"lazy\" decoding=\"async\" class=\"alignnone wp-image-4129 \" src=\"https:\/\/agora.xtec.cat\/ins-intermunicipal\/wp-content\/uploads\/usu2220\/2025\/01\/IMG_20250129_101532_1-300x169.jpg\" alt=\"\" width=\"398\" height=\"224\" srcset=\"https:\/\/agora.xtec.cat\/ins-intermunicipal\/wp-content\/uploads\/usu2220\/2025\/01\/IMG_20250129_101532_1-300x169.jpg 300w, https:\/\/agora.xtec.cat\/ins-intermunicipal\/wp-content\/uploads\/usu2220\/2025\/01\/IMG_20250129_101532_1-768x432.jpg 768w, https:\/\/agora.xtec.cat\/ins-intermunicipal\/wp-content\/uploads\/usu2220\/2025\/01\/IMG_20250129_101532_1.jpg 900w\" sizes=\"auto, (max-width: 398px) 100vw, 398px\" \/><\/a> <a href=\"https:\/\/agora.xtec.cat\/ins-intermunicipal\/wp-content\/uploads\/usu2220\/2025\/01\/IMG_20250129_104119.jpg\"><img loading=\"lazy\" decoding=\"async\" class=\"alignnone wp-image-4130 \" src=\"https:\/\/agora.xtec.cat\/ins-intermunicipal\/wp-content\/uploads\/usu2220\/2025\/01\/IMG_20250129_104119-300x225.jpg\" alt=\"\" width=\"331\" height=\"248\" srcset=\"https:\/\/agora.xtec.cat\/ins-intermunicipal\/wp-content\/uploads\/usu2220\/2025\/01\/IMG_20250129_104119-300x225.jpg 300w, https:\/\/agora.xtec.cat\/ins-intermunicipal\/wp-content\/uploads\/usu2220\/2025\/01\/IMG_20250129_104119-768x576.jpg 768w, https:\/\/agora.xtec.cat\/ins-intermunicipal\/wp-content\/uploads\/usu2220\/2025\/01\/IMG_20250129_104119-200x150.jpg 200w, https:\/\/agora.xtec.cat\/ins-intermunicipal\/wp-content\/uploads\/usu2220\/2025\/01\/IMG_20250129_104119.jpg 900w\" sizes=\"auto, (max-width: 331px) 100vw, 331px\" \/><\/a><a href=\"https:\/\/agora.xtec.cat\/ins-intermunicipal\/wp-content\/uploads\/usu2220\/2025\/01\/IMG_20250129_092047.jpg\"><img loading=\"lazy\" decoding=\"async\" class=\"alignnone wp-image-4126 \" src=\"https:\/\/agora.xtec.cat\/ins-intermunicipal\/wp-content\/uploads\/usu2220\/2025\/01\/IMG_20250129_092047-300x225.jpg\" alt=\"\" width=\"333\" height=\"250\" srcset=\"https:\/\/agora.xtec.cat\/ins-intermunicipal\/wp-content\/uploads\/usu2220\/2025\/01\/IMG_20250129_092047-300x225.jpg 300w, https:\/\/agora.xtec.cat\/ins-intermunicipal\/wp-content\/uploads\/usu2220\/2025\/01\/IMG_20250129_092047-768x576.jpg 768w, https:\/\/agora.xtec.cat\/ins-intermunicipal\/wp-content\/uploads\/usu2220\/2025\/01\/IMG_20250129_092047-200x150.jpg 200w, https:\/\/agora.xtec.cat\/ins-intermunicipal\/wp-content\/uploads\/usu2220\/2025\/01\/IMG_20250129_092047.jpg 900w\" sizes=\"auto, (max-width: 333px) 100vw, 333px\" \/><\/a><a href=\"https:\/\/agora.xtec.cat\/ins-intermunicipal\/wp-content\/uploads\/usu2220\/2025\/01\/IMG_20250129_104228.jpg\"><img loading=\"lazy\" decoding=\"async\" class=\"alignnone wp-image-4131 \" src=\"https:\/\/agora.xtec.cat\/ins-intermunicipal\/wp-content\/uploads\/usu2220\/2025\/01\/IMG_20250129_104228-300x225.jpg\" alt=\"\" width=\"335\" height=\"251\" srcset=\"https:\/\/agora.xtec.cat\/ins-intermunicipal\/wp-content\/uploads\/usu2220\/2025\/01\/IMG_20250129_104228-300x225.jpg 300w, https:\/\/agora.xtec.cat\/ins-intermunicipal\/wp-content\/uploads\/usu2220\/2025\/01\/IMG_20250129_104228-768x576.jpg 768w, https:\/\/agora.xtec.cat\/ins-intermunicipal\/wp-content\/uploads\/usu2220\/2025\/01\/IMG_20250129_104228-200x150.jpg 200w, https:\/\/agora.xtec.cat\/ins-intermunicipal\/wp-content\/uploads\/usu2220\/2025\/01\/IMG_20250129_104228.jpg 900w\" sizes=\"auto, (max-width: 335px) 100vw, 335px\" \/><\/a><\/p>\n","protected":false},"excerpt":{"rendered":"<p>El dimecres 29 de gener, un equip de 7 alumnes de l\u2019Institut Intermunicipal del Pened\u00e8s van participar a la primera fase de la <a href=\"https:\/\/scm.iec.cat\/concurs-presencial\/copa-cangur\/\" target=\"_blank\" rel=\"noopener\">Copa Cangur 2025<\/a> en la categor\u00eda cadet per alumnes de 1r i 2n d\u2019ESO.<br \/>\nLa Copa Cangur \u00e9s una competici\u00f3&hellip;  <a href=\"https:\/\/agora.xtec.cat\/ins-intermunicipal\/general\/lequip-de-linter-queda-2n-a-la-copa-cangur\/\" title=\"Read L&#8217;equip de l&#8217;\u00cdnter queda 2n a la Copa Cangur!\">Llegeix m\u00e9s\u00bb<\/a><\/p>\n","protected":false},"author":7,"featured_media":4131,"comment_status":"closed","ping_status":"closed","sticky":false,"template":"","format":"standard","meta":{"_bbp_topic_count":0,"_bbp_reply_count":0,"_bbp_total_topic_count":0,"_bbp_total_reply_count":0,"_bbp_voice_count":0,"_bbp_anonymous_reply_count":0,"_bbp_topic_count_hidden":0,"_bbp_reply_count_hidden":0,"_bbp_forum_subforum_count":0,"footnotes":""},"categories":[4,5,3,1,29,733],"tags":[598,596,589,592,594,492,590,593,595,597,591],"class_list":["post-4124","post","type-post","status-publish","format-standard","has-post-thumbnail","hentry","category-1eso","category-eso-2","category-eso","category-general","category-portada","category-premis","tag-carla-fernandez","tag-cesca-marques","tag-copa-cangur","tag-didac-escalante","tag-eric-primo","tag-eso1","tag-eso2","tag-helena-prieto","tag-marti-canals","tag-sara-arilla","tag-societat-catalana-de-matematiques"],"post_mailing_queue_ids":[],"_links":{"self":[{"href":"https:\/\/agora.xtec.cat\/ins-intermunicipal\/wp-json\/wp\/v2\/posts\/4124","targetHints":{"allow":["GET"]}}],"collection":[{"href":"https:\/\/agora.xtec.cat\/ins-intermunicipal\/wp-json\/wp\/v2\/posts"}],"about":[{"href":"https:\/\/agora.xtec.cat\/ins-intermunicipal\/wp-json\/wp\/v2\/types\/post"}],"author":[{"embeddable":true,"href":"https:\/\/agora.xtec.cat\/ins-intermunicipal\/wp-json\/wp\/v2\/users\/7"}],"replies":[{"embeddable":true,"href":"https:\/\/agora.xtec.cat\/ins-intermunicipal\/wp-json\/wp\/v2\/comments?post=4124"}],"version-history":[{"count":3,"href":"https:\/\/agora.xtec.cat\/ins-intermunicipal\/wp-json\/wp\/v2\/posts\/4124\/revisions"}],"predecessor-version":[{"id":4133,"href":"https:\/\/agora.xtec.cat\/ins-intermunicipal\/wp-json\/wp\/v2\/posts\/4124\/revisions\/4133"}],"wp:featuredmedia":[{"embeddable":true,"href":"https:\/\/agora.xtec.cat\/ins-intermunicipal\/wp-json\/wp\/v2\/media\/4131"}],"wp:attachment":[{"href":"https:\/\/agora.xtec.cat\/ins-intermunicipal\/wp-json\/wp\/v2\/media?parent=4124"}],"wp:term":[{"taxonomy":"category","embeddable":true,"href":"https:\/\/agora.xtec.cat\/ins-intermunicipal\/wp-json\/wp\/v2\/categories?post=4124"},{"taxonomy":"post_tag","embeddable":true,"href":"https:\/\/agora.xtec.cat\/ins-intermunicipal\/wp-json\/wp\/v2\/tags?post=4124"}],"curies":[{"name":"wp","href":"https:\/\/api.w.org\/{rel}","templated":true}]}}