{"id":4115,"date":"2025-01-28T10:36:32","date_gmt":"2025-01-28T09:36:32","guid":{"rendered":"https:\/\/agora.xtec.cat\/ins-intermunicipal\/?p=4115"},"modified":"2025-01-28T10:37:25","modified_gmt":"2025-01-28T09:37:25","slug":"lalumnat-dadministracio-i-gestio-visita-el-parlament","status":"publish","type":"post","link":"https:\/\/agora.xtec.cat\/ins-intermunicipal\/general\/lalumnat-dadministracio-i-gestio-visita-el-parlament\/","title":{"rendered":"L&#8217;alumnat d&#8217;Administraci\u00f3 i Gesti\u00f3 visita el Parlament"},"content":{"rendered":"<p>L&#8217;alumnat del CFGM de Gesti\u00f3 Administrativa i el CFGS d&#8217;Administraci\u00f3 i finances van visitar ahir el Parlament de Catalunya. La visita va comptar amb l&#8217;acompanyament de la diputada penedesenca Montse Ortiz, que va explicar la seva tasca com a diputada al Parlament. L&#8217;alumnat va mostrar inter\u00e8s per l&#8217;\u00e0mplia informaci\u00f3 que va oferir la guia del Parlament i va fer aportacions molt interessants. L&#8217;activitat va permetre ampliar informaci\u00f3 que s&#8217;imparteixen a les aules dins dels m\u00f2duls professionals de Jur\u00eddica i Administraci\u00f3 p\u00fablica.<\/p>\n<p><a href=\"https:\/\/agora.xtec.cat\/ins-intermunicipal\/wp-content\/uploads\/usu2220\/2025\/01\/Imagen-de-WhatsApp-2025-01-28-a-las-10.21.10_0f09d0a7.jpg\"><img loading=\"lazy\" decoding=\"async\" class=\"alignnone size-large wp-image-4116\" src=\"https:\/\/agora.xtec.cat\/ins-intermunicipal\/wp-content\/uploads\/usu2220\/2025\/01\/Imagen-de-WhatsApp-2025-01-28-a-las-10.21.10_0f09d0a7-768x1024.jpg\" alt=\"\" width=\"768\" height=\"1024\" srcset=\"https:\/\/agora.xtec.cat\/ins-intermunicipal\/wp-content\/uploads\/usu2220\/2025\/01\/Imagen-de-WhatsApp-2025-01-28-a-las-10.21.10_0f09d0a7-768x1024.jpg 768w, https:\/\/agora.xtec.cat\/ins-intermunicipal\/wp-content\/uploads\/usu2220\/2025\/01\/Imagen-de-WhatsApp-2025-01-28-a-las-10.21.10_0f09d0a7-225x300.jpg 225w, https:\/\/agora.xtec.cat\/ins-intermunicipal\/wp-content\/uploads\/usu2220\/2025\/01\/Imagen-de-WhatsApp-2025-01-28-a-las-10.21.10_0f09d0a7-1152x1536.jpg 1152w, https:\/\/agora.xtec.cat\/ins-intermunicipal\/wp-content\/uploads\/usu2220\/2025\/01\/Imagen-de-WhatsApp-2025-01-28-a-las-10.21.10_0f09d0a7.jpg 1536w\" sizes=\"auto, (max-width: 768px) 100vw, 768px\" \/><\/a><\/p>\n<p>&nbsp;<\/p>\n","protected":false},"excerpt":{"rendered":"<p>L&#8217;alumnat del CFGM de Gesti\u00f3 Administrativa i el CFGS d&#8217;Administraci\u00f3 i finances van visitar ahir el Parlament de Catalunya. La visita va comptar amb l&#8217;acompanyament de la diputada penedesenca Montse Ortiz, que va explicar la seva tasca com a diputada al Parlament. L&#8217;alumnat va mostrar&hellip;  <a href=\"https:\/\/agora.xtec.cat\/ins-intermunicipal\/general\/lalumnat-dadministracio-i-gestio-visita-el-parlament\/\" title=\"Read L&#8217;alumnat d&#8217;Administraci\u00f3 i Gesti\u00f3 visita el Parlament\">Llegeix m\u00e9s\u00bb<\/a><\/p>\n","protected":false},"author":8,"featured_media":4116,"comment_status":"closed","ping_status":"closed","sticky":false,"template":"","format":"standard","meta":{"_bbp_topic_count":0,"_bbp_reply_count":0,"_bbp_total_topic_count":0,"_bbp_total_reply_count":0,"_bbp_voice_count":0,"_bbp_anonymous_reply_count":0,"_bbp_topic_count_hidden":0,"_bbp_reply_count_hidden":0,"_bbp_forum_subforum_count":0,"footnotes":""},"categories":[30,1,29],"tags":[],"class_list":["post-4115","post","type-post","status-publish","format-standard","has-post-thumbnail","hentry","category-formacio-professional","category-general","category-portada"],"post_mailing_queue_ids":[],"_links":{"self":[{"href":"https:\/\/agora.xtec.cat\/ins-intermunicipal\/wp-json\/wp\/v2\/posts\/4115","targetHints":{"allow":["GET"]}}],"collection":[{"href":"https:\/\/agora.xtec.cat\/ins-intermunicipal\/wp-json\/wp\/v2\/posts"}],"about":[{"href":"https:\/\/agora.xtec.cat\/ins-intermunicipal\/wp-json\/wp\/v2\/types\/post"}],"author":[{"embeddable":true,"href":"https:\/\/agora.xtec.cat\/ins-intermunicipal\/wp-json\/wp\/v2\/users\/8"}],"replies":[{"embeddable":true,"href":"https:\/\/agora.xtec.cat\/ins-intermunicipal\/wp-json\/wp\/v2\/comments?post=4115"}],"version-history":[{"count":1,"href":"https:\/\/agora.xtec.cat\/ins-intermunicipal\/wp-json\/wp\/v2\/posts\/4115\/revisions"}],"predecessor-version":[{"id":4117,"href":"https:\/\/agora.xtec.cat\/ins-intermunicipal\/wp-json\/wp\/v2\/posts\/4115\/revisions\/4117"}],"wp:featuredmedia":[{"embeddable":true,"href":"https:\/\/agora.xtec.cat\/ins-intermunicipal\/wp-json\/wp\/v2\/media\/4116"}],"wp:attachment":[{"href":"https:\/\/agora.xtec.cat\/ins-intermunicipal\/wp-json\/wp\/v2\/media?parent=4115"}],"wp:term":[{"taxonomy":"category","embeddable":true,"href":"https:\/\/agora.xtec.cat\/ins-intermunicipal\/wp-json\/wp\/v2\/categories?post=4115"},{"taxonomy":"post_tag","embeddable":true,"href":"https:\/\/agora.xtec.cat\/ins-intermunicipal\/wp-json\/wp\/v2\/tags?post=4115"}],"curies":[{"name":"wp","href":"https:\/\/api.w.org\/{rel}","templated":true}]}}