{"id":4106,"date":"2025-01-27T12:47:52","date_gmt":"2025-01-27T11:47:52","guid":{"rendered":"https:\/\/agora.xtec.cat\/ins-intermunicipal\/?p=4106"},"modified":"2025-01-27T12:50:36","modified_gmt":"2025-01-27T11:50:36","slug":"el-projecte-solidart-tria-ajudar-a-ampert","status":"publish","type":"post","link":"https:\/\/agora.xtec.cat\/ins-intermunicipal\/general\/el-projecte-solidart-tria-ajudar-a-ampert\/","title":{"rendered":"El Projecte SolidArt tria ajudar a AMPERT"},"content":{"rendered":"<p align=\"justify\"><em>Les alumnes Lidia Pavaloaia i Merc\u00e8 Mariages de 3r d&#8217;ESO han redactat el seg\u00fcent text per explicar-nos quina ha estat l&#8217;entitat escollida per col\u00b7laborar-hi aquest curs des del <a href=\"https:\/\/agora.xtec.cat\/ins-intermunicipal\/general\/solidart-2024-2025\/\" target=\"_blank\" rel=\"noopener\">Projecte SolidArt 2024-2025<\/a>:<\/em><\/p>\n<p align=\"justify\"><a href=\"https:\/\/agora.xtec.cat\/ins-intermunicipal\/wp-content\/uploads\/usu2220\/2025\/01\/logoampertblanc.png\"><img loading=\"lazy\" decoding=\"async\" class=\"alignleft wp-image-4108 size-medium\" src=\"https:\/\/agora.xtec.cat\/ins-intermunicipal\/wp-content\/uploads\/usu2220\/2025\/01\/logoampertblanc-300x247.png\" alt=\"\" width=\"300\" height=\"247\" srcset=\"https:\/\/agora.xtec.cat\/ins-intermunicipal\/wp-content\/uploads\/usu2220\/2025\/01\/logoampertblanc-300x247.png 300w, https:\/\/agora.xtec.cat\/ins-intermunicipal\/wp-content\/uploads\/usu2220\/2025\/01\/logoampertblanc.png 662w\" sizes=\"auto, (max-width: 300px) 100vw, 300px\" \/><\/a>Ja tenim entitat guanyadora del Projecte SolidArt d\u2019aquest curs! Fa unes setmanes, els alumnes de tercer i els usuaris de <a href=\"https:\/\/masalborna.org\/\" target=\"_blank\" rel=\"noopener\">Mas Alborn\u00e0<\/a> vam participar en el proc\u00e9s d&#8217;elecci\u00f3 de l&#8217;entitat sense \u00e0nim de lucre que ajudar\u00edem aquest curs a trav\u00e9s del projecte SolidArt.<\/p>\n<p align=\"justify\">El proc\u00e9s va comen\u00e7ar amb la creaci\u00f3 de v\u00eddeos (es poden veure al final d&#8217;aquest text), on cada grup representava a una entitat diferent. En aquests, els alumnes vam explicar la seva funci\u00f3 i com treballen. Una vegada acabats i entregats els v\u00eddeos, els dies 26 i 28 de novembre, els alumnes ens vam reunir en dos grups de tres classes juntament amb alguns dels usuaris de Mas Alborn\u00e0 i les seves monitores per a observar i avaluar els v\u00eddeos i escollir l\u2019entitat guanyadora.<\/p>\n<p align=\"justify\">Primer vam puntuar cada v\u00eddeo utilitzant una taula de qualificaci\u00f3, analitzant diversos aspectes com la claredat del missatge o la creativitat. Posteriorment vam dur a terme una votaci\u00f3 final en la qual cada estudiant va atorgar 3 punts a l\u2019entitat del seu v\u00eddeo preferit, 2 punts al segon i 1 punt al tercer. Finalment, despr\u00e9s de sumar totes les puntuacions, les professores ens van donar la not\u00edcia que l&#8217;entitat guanyadora \u00e9s <a href=\"https:\/\/www.ampert.org\/\" target=\"_blank\" rel=\"noopener\">Ampert<\/a>.<\/p>\n<p align=\"justify\">Aquest resultat reflecteix el magn\u00edfic treball que fa aquesta associaci\u00f3 que ofereix transport i atenci\u00f3 a tots els pacients oncol\u00f2gics de l\u2019Alt Pened\u00e8s que es tracten a l\u2019Institut Catal\u00e0 d&#8217;Oncologia. A m\u00e9s dona suport emocional als ususaris i a les seves fam\u00edlies i els acompanya en tot el proc\u00e9s, arribant a tothom i fent-nos conscienciar de la import\u00e0ncia d\u2019ajudar.<\/p>\n<p align=\"justify\">Per acabar, cal recalcar que tot aix\u00f2 no hauria sigut possible sense la implicaci\u00f3 de Mas Alborn\u00e0, que una vegada m\u00e9s ens han demostrat el seu suport i implicaci\u00f3 en el projecte. Gr\u00e0cies a tots i felicitacions a Ampert!<\/p>\n<p style=\"text-align: center;\" align=\"justify\"><iframe loading=\"lazy\" src=\"\/\/www.youtube.com\/embed\/Gp-3YIQqojc?si=YwFlUk_4OcMRYOeN\" width=\"560\" height=\"314\" allowfullscreen=\"allowfullscreen\"><\/iframe><\/p>\n<p style=\"text-align: center;\" align=\"justify\"><iframe loading=\"lazy\" src=\"\/\/www.youtube.com\/embed\/hHZKO1ZE5iE?si=6UDkSeZAi_HQQ0aa\" width=\"560\" height=\"314\" allowfullscreen=\"allowfullscreen\"><\/iframe><\/p>\n<p style=\"text-align: center;\" align=\"justify\"><iframe loading=\"lazy\" src=\"\/\/www.youtube.com\/embed\/Y6A39bOLujo?si=jTWuxfXfHjSVk0ID\" width=\"560\" height=\"314\" allowfullscreen=\"allowfullscreen\"><\/iframe><\/p>\n","protected":false},"excerpt":{"rendered":"<p>Les alumnes Lidia Pavaloaia i Merc\u00e8 Mariages de 3r d&#8217;ESO han redactat el seg\u00fcent text per explicar-nos quina ha estat l&#8217;entitat escollida per col\u00b7laborar-hi aquest curs des del <a href=\"https:\/\/agora.xtec.cat\/ins-intermunicipal\/general\/solidart-2024-2025\/\" target=\"_blank\" rel=\"noopener\">Projecte SolidArt 2024-2025<\/a>:<br \/>\n<a href=\"https:\/\/agora.xtec.cat\/ins-intermunicipal\/wp-content\/uploads\/usu2220\/2025\/01\/logoampertblanc.png\"><\/a>Ja tenim entitat guanyadora del Projecte SolidArt d\u2019aquest curs! Fa unes&hellip;  <a href=\"https:\/\/agora.xtec.cat\/ins-intermunicipal\/general\/el-projecte-solidart-tria-ajudar-a-ampert\/\" title=\"Read El Projecte SolidArt tria ajudar a AMPERT\">Llegeix m\u00e9s\u00bb<\/a><\/p>\n","protected":false},"author":7,"featured_media":4108,"comment_status":"closed","ping_status":"closed","sticky":false,"template":"","format":"standard","meta":{"_bbp_topic_count":0,"_bbp_reply_count":0,"_bbp_total_topic_count":0,"_bbp_total_reply_count":0,"_bbp_voice_count":0,"_bbp_anonymous_reply_count":0,"_bbp_topic_count_hidden":0,"_bbp_reply_count_hidden":0,"_bbp_forum_subforum_count":0,"footnotes":""},"categories":[6,1,29],"tags":[584,496,586,587,585,588,460],"class_list":["post-4106","post","type-post","status-publish","format-standard","has-post-thumbnail","hentry","category-3eso","category-general","category-portada","tag-ampert","tag-eso3","tag-institut-catala-doncologia","tag-lidia-pavaloaia","tag-mas-alborna","tag-merce-mariages","tag-solidart"],"post_mailing_queue_ids":[],"_links":{"self":[{"href":"https:\/\/agora.xtec.cat\/ins-intermunicipal\/wp-json\/wp\/v2\/posts\/4106","targetHints":{"allow":["GET"]}}],"collection":[{"href":"https:\/\/agora.xtec.cat\/ins-intermunicipal\/wp-json\/wp\/v2\/posts"}],"about":[{"href":"https:\/\/agora.xtec.cat\/ins-intermunicipal\/wp-json\/wp\/v2\/types\/post"}],"author":[{"embeddable":true,"href":"https:\/\/agora.xtec.cat\/ins-intermunicipal\/wp-json\/wp\/v2\/users\/7"}],"replies":[{"embeddable":true,"href":"https:\/\/agora.xtec.cat\/ins-intermunicipal\/wp-json\/wp\/v2\/comments?post=4106"}],"version-history":[{"count":5,"href":"https:\/\/agora.xtec.cat\/ins-intermunicipal\/wp-json\/wp\/v2\/posts\/4106\/revisions"}],"predecessor-version":[{"id":4113,"href":"https:\/\/agora.xtec.cat\/ins-intermunicipal\/wp-json\/wp\/v2\/posts\/4106\/revisions\/4113"}],"wp:featuredmedia":[{"embeddable":true,"href":"https:\/\/agora.xtec.cat\/ins-intermunicipal\/wp-json\/wp\/v2\/media\/4108"}],"wp:attachment":[{"href":"https:\/\/agora.xtec.cat\/ins-intermunicipal\/wp-json\/wp\/v2\/media?parent=4106"}],"wp:term":[{"taxonomy":"category","embeddable":true,"href":"https:\/\/agora.xtec.cat\/ins-intermunicipal\/wp-json\/wp\/v2\/categories?post=4106"},{"taxonomy":"post_tag","embeddable":true,"href":"https:\/\/agora.xtec.cat\/ins-intermunicipal\/wp-json\/wp\/v2\/tags?post=4106"}],"curies":[{"name":"wp","href":"https:\/\/api.w.org\/{rel}","templated":true}]}}