{"id":4077,"date":"2025-01-21T11:57:04","date_gmt":"2025-01-21T10:57:04","guid":{"rendered":"https:\/\/agora.xtec.cat\/ins-intermunicipal\/?p=4077"},"modified":"2025-01-21T11:57:04","modified_gmt":"2025-01-21T10:57:04","slug":"programacio-amb-lsmart-cutebot","status":"publish","type":"post","link":"https:\/\/agora.xtec.cat\/ins-intermunicipal\/general\/programacio-amb-lsmart-cutebot\/","title":{"rendered":"Programaci\u00f3 amb l&#8217;Smart Cutebot"},"content":{"rendered":"<p style=\"text-align: justify;\">\u00a0 \u00a0 \u00a0 \u00a0 \u00a0 \u00a0 \u00a0 \u00a0 \u00a0 \u00a0 \u00a0 \u00a0 \u00a0 \u00a0 \u00a0 \u00a0 \u00a0<iframe loading=\"lazy\" src=\"\/\/www.youtube.com\/embed\/R_lPpY4i1rY?si=wLJY5NquGe_SN8pB\" width=\"560\" height=\"314\" allowfullscreen=\"allowfullscreen\"><\/iframe><\/p>\n<p style=\"text-align: justify;\">Els alumnes de 3r d\u2019ESO van posar a prova les seves habilitats de programaci\u00f3 amb el robot <a href=\"https:\/\/projectes.xtec.cat\/digital\/equipaments-i-infraestructures\/robotica\/formacio-tecnica-robotica\/robots-educatius\/smart-cutebot\/\" target=\"_blank\" rel=\"noopener\">Smart Cutebot<\/a>. Despr\u00e9s de codificar els moviments i ajustar la velocitat, hem organitzat emocionants curses on la creativitat i la tecnologia s\u2019han trobat en un ambient de diversi\u00f3 i treball en equip. Mireu el v\u00eddeo per veure les seves incre\u00efbles creacions en acci\u00f3!<\/p>\n","protected":false},"excerpt":{"rendered":"<p>\u00a0 \u00a0 \u00a0 \u00a0 \u00a0 \u00a0 \u00a0 \u00a0 \u00a0 \u00a0 \u00a0 \u00a0 \u00a0 \u00a0 \u00a0 \u00a0 \u00a0<br \/>\nEls alumnes de 3r d\u2019ESO van posar a prova les seves habilitats de programaci\u00f3 amb el robot <a href=\"https:\/\/projectes.xtec.cat\/digital\/equipaments-i-infraestructures\/robotica\/formacio-tecnica-robotica\/robots-educatius\/smart-cutebot\/\" target=\"_blank\" rel=\"noopener\">Smart Cutebot<\/a>. Despr\u00e9s de codificar els moviments i ajustar&hellip;  <a href=\"https:\/\/agora.xtec.cat\/ins-intermunicipal\/general\/programacio-amb-lsmart-cutebot\/\" title=\"Read Programaci\u00f3 amb l&#8217;Smart Cutebot\">Llegeix m\u00e9s\u00bb<\/a><\/p>\n","protected":false},"author":7,"featured_media":4078,"comment_status":"closed","ping_status":"closed","sticky":false,"template":"","format":"standard","meta":{"_bbp_topic_count":0,"_bbp_reply_count":0,"_bbp_total_topic_count":0,"_bbp_total_reply_count":0,"_bbp_voice_count":0,"_bbp_anonymous_reply_count":0,"_bbp_topic_count_hidden":0,"_bbp_reply_count_hidden":0,"_bbp_forum_subforum_count":0,"footnotes":""},"categories":[6,1,29],"tags":[496,579,380,577,580],"class_list":["post-4077","post","type-post","status-publish","format-standard","has-post-thumbnail","hentry","category-3eso","category-general","category-portada","tag-eso3","tag-innovacio","tag-programacio","tag-robotica","tag-smart-cutebot"],"post_mailing_queue_ids":[],"_links":{"self":[{"href":"https:\/\/agora.xtec.cat\/ins-intermunicipal\/wp-json\/wp\/v2\/posts\/4077","targetHints":{"allow":["GET"]}}],"collection":[{"href":"https:\/\/agora.xtec.cat\/ins-intermunicipal\/wp-json\/wp\/v2\/posts"}],"about":[{"href":"https:\/\/agora.xtec.cat\/ins-intermunicipal\/wp-json\/wp\/v2\/types\/post"}],"author":[{"embeddable":true,"href":"https:\/\/agora.xtec.cat\/ins-intermunicipal\/wp-json\/wp\/v2\/users\/7"}],"replies":[{"embeddable":true,"href":"https:\/\/agora.xtec.cat\/ins-intermunicipal\/wp-json\/wp\/v2\/comments?post=4077"}],"version-history":[{"count":2,"href":"https:\/\/agora.xtec.cat\/ins-intermunicipal\/wp-json\/wp\/v2\/posts\/4077\/revisions"}],"predecessor-version":[{"id":4080,"href":"https:\/\/agora.xtec.cat\/ins-intermunicipal\/wp-json\/wp\/v2\/posts\/4077\/revisions\/4080"}],"wp:featuredmedia":[{"embeddable":true,"href":"https:\/\/agora.xtec.cat\/ins-intermunicipal\/wp-json\/wp\/v2\/media\/4078"}],"wp:attachment":[{"href":"https:\/\/agora.xtec.cat\/ins-intermunicipal\/wp-json\/wp\/v2\/media?parent=4077"}],"wp:term":[{"taxonomy":"category","embeddable":true,"href":"https:\/\/agora.xtec.cat\/ins-intermunicipal\/wp-json\/wp\/v2\/categories?post=4077"},{"taxonomy":"post_tag","embeddable":true,"href":"https:\/\/agora.xtec.cat\/ins-intermunicipal\/wp-json\/wp\/v2\/tags?post=4077"}],"curies":[{"name":"wp","href":"https:\/\/api.w.org\/{rel}","templated":true}]}}