{"id":4071,"date":"2025-01-20T11:17:11","date_gmt":"2025-01-20T10:17:11","guid":{"rendered":"https:\/\/agora.xtec.cat\/ins-intermunicipal\/?p=4071"},"modified":"2025-01-20T11:18:27","modified_gmt":"2025-01-20T10:18:27","slug":"linter-sera-seu-de-les-pau-2025","status":"publish","type":"post","link":"https:\/\/agora.xtec.cat\/ins-intermunicipal\/general\/linter-sera-seu-de-les-pau-2025\/","title":{"rendered":"L&#8217;\u00cdnter ser\u00e0 seu de les PAU 2025"},"content":{"rendered":"<p class=\"western\" align=\"justify\"><a href=\"https:\/\/agora.xtec.cat\/ins-intermunicipal\/wp-content\/uploads\/usu2220\/2025\/01\/6f345c91-e947-4049-9349-0aae5c6a7e52.png\"><img loading=\"lazy\" decoding=\"async\" class=\"alignleft wp-image-4073 size-medium\" src=\"https:\/\/agora.xtec.cat\/ins-intermunicipal\/wp-content\/uploads\/usu2220\/2025\/01\/6f345c91-e947-4049-9349-0aae5c6a7e52-300x225.png\" alt=\"\" width=\"300\" height=\"225\" srcset=\"https:\/\/agora.xtec.cat\/ins-intermunicipal\/wp-content\/uploads\/usu2220\/2025\/01\/6f345c91-e947-4049-9349-0aae5c6a7e52-300x225.png 300w, https:\/\/agora.xtec.cat\/ins-intermunicipal\/wp-content\/uploads\/usu2220\/2025\/01\/6f345c91-e947-4049-9349-0aae5c6a7e52-768x576.png 768w, https:\/\/agora.xtec.cat\/ins-intermunicipal\/wp-content\/uploads\/usu2220\/2025\/01\/6f345c91-e947-4049-9349-0aae5c6a7e52-200x150.png 200w, https:\/\/agora.xtec.cat\/ins-intermunicipal\/wp-content\/uploads\/usu2220\/2025\/01\/6f345c91-e947-4049-9349-0aae5c6a7e52.png 800w\" sizes=\"auto, (max-width: 300px) 100vw, 300px\" \/><\/a>L\u2019Oficina d\u2019Acc\u00e9s a la Universitat ens ha autoritzar per a ser seu de tribunal de les Proves d\u2019Acc\u00e9s a la Universitat (PAU). Per tant, aquest curs i despr\u00e9s d\u2019haver-ho sol\u00b7licitat en diverses ocasions, el nostre institut acollir\u00e0 les PAU 2025.<\/p>\n<p class=\"western\" align=\"justify\">Estem conven\u00e7uts que aix\u00f2 ser\u00e0 molt benefici\u00f3s per al nostre alumnat, ja que els alumnes que es presentin a aquestes proves podran fer els ex\u00e0mens en un entorn conegut i sense el destorb i el cansament propis d\u2019haver de matinar per traslladar-se en autocar durant tres dies a Barcelona.<\/p>\n<p class=\"western\" align=\"justify\">Aprofitem tamb\u00e9 per anunciar que la prematr\u00edcula de les PAU 2025 es far\u00e0 entre els dies 14 i 26 de febrer, aspecte que es treballar\u00e0 des de tutories.<\/p>\n","protected":false},"excerpt":{"rendered":"<p><a href=\"https:\/\/agora.xtec.cat\/ins-intermunicipal\/wp-content\/uploads\/usu2220\/2025\/01\/6f345c91-e947-4049-9349-0aae5c6a7e52.png\"><\/a>L\u2019Oficina d\u2019Acc\u00e9s a la Universitat ens ha autoritzar per a ser seu de tribunal de les Proves d\u2019Acc\u00e9s a la Universitat (PAU). Per tant, aquest curs i despr\u00e9s d\u2019haver-ho sol\u00b7licitat en diverses ocasions, el nostre institut acollir\u00e0 les PAU 2025.<br \/>\nEstem conven\u00e7uts que aix\u00f2 ser\u00e0&hellip;  <a href=\"https:\/\/agora.xtec.cat\/ins-intermunicipal\/general\/linter-sera-seu-de-les-pau-2025\/\" title=\"Read L&#8217;\u00cdnter ser\u00e0 seu de les PAU 2025\">Llegeix m\u00e9s\u00bb<\/a><\/p>\n","protected":false},"author":7,"featured_media":4073,"comment_status":"closed","ping_status":"closed","sticky":false,"template":"","format":"standard","meta":{"_bbp_topic_count":0,"_bbp_reply_count":0,"_bbp_total_topic_count":0,"_bbp_total_reply_count":0,"_bbp_voice_count":0,"_bbp_anonymous_reply_count":0,"_bbp_topic_count_hidden":0,"_bbp_reply_count_hidden":0,"_bbp_forum_subforum_count":0,"footnotes":""},"categories":[107,30,1,29],"tags":[578],"class_list":["post-4071","post","type-post","status-publish","format-standard","has-post-thumbnail","hentry","category-bat2","category-formacio-professional","category-general","category-portada","tag-pau-2025"],"post_mailing_queue_ids":[],"_links":{"self":[{"href":"https:\/\/agora.xtec.cat\/ins-intermunicipal\/wp-json\/wp\/v2\/posts\/4071","targetHints":{"allow":["GET"]}}],"collection":[{"href":"https:\/\/agora.xtec.cat\/ins-intermunicipal\/wp-json\/wp\/v2\/posts"}],"about":[{"href":"https:\/\/agora.xtec.cat\/ins-intermunicipal\/wp-json\/wp\/v2\/types\/post"}],"author":[{"embeddable":true,"href":"https:\/\/agora.xtec.cat\/ins-intermunicipal\/wp-json\/wp\/v2\/users\/7"}],"replies":[{"embeddable":true,"href":"https:\/\/agora.xtec.cat\/ins-intermunicipal\/wp-json\/wp\/v2\/comments?post=4071"}],"version-history":[{"count":4,"href":"https:\/\/agora.xtec.cat\/ins-intermunicipal\/wp-json\/wp\/v2\/posts\/4071\/revisions"}],"predecessor-version":[{"id":4076,"href":"https:\/\/agora.xtec.cat\/ins-intermunicipal\/wp-json\/wp\/v2\/posts\/4071\/revisions\/4076"}],"wp:featuredmedia":[{"embeddable":true,"href":"https:\/\/agora.xtec.cat\/ins-intermunicipal\/wp-json\/wp\/v2\/media\/4073"}],"wp:attachment":[{"href":"https:\/\/agora.xtec.cat\/ins-intermunicipal\/wp-json\/wp\/v2\/media?parent=4071"}],"wp:term":[{"taxonomy":"category","embeddable":true,"href":"https:\/\/agora.xtec.cat\/ins-intermunicipal\/wp-json\/wp\/v2\/categories?post=4071"},{"taxonomy":"post_tag","embeddable":true,"href":"https:\/\/agora.xtec.cat\/ins-intermunicipal\/wp-json\/wp\/v2\/tags?post=4071"}],"curies":[{"name":"wp","href":"https:\/\/api.w.org\/{rel}","templated":true}]}}