{"id":4062,"date":"2025-01-13T11:30:16","date_gmt":"2025-01-13T10:30:16","guid":{"rendered":"https:\/\/agora.xtec.cat\/ins-intermunicipal\/?p=4062"},"modified":"2025-01-13T11:30:16","modified_gmt":"2025-01-13T10:30:16","slug":"ofertes-de-feina-a-lalt-penedes-13-de-gener","status":"publish","type":"post","link":"https:\/\/agora.xtec.cat\/ins-intermunicipal\/formacio-professional\/feina-fp\/ofertes-de-feina-a-lalt-penedes-13-de-gener\/","title":{"rendered":"Ofertes de feina a l&#8217;Alt Pened\u00e8s. 13 de gener"},"content":{"rendered":"<p>Compartim amb vosaltres les <a href=\"https:\/\/drive.google.com\/file\/d\/1Gt_94MKkTDR0Ep4iT6kFDlEDUguzUbJ6\/view?usp=sharing\">ofertes de feina actualitzades d&#8217;aquest inici d&#8217;any<\/a> que l\u2019Oficina Municipal del Treball de Vilafranca del Pened\u00e8s ens ha preparat. Trobareu vacants vinculades als estudis que tenim a l\u2019Institut Intermunicipal del Pened\u00e8s. L\u2019oficina ens informa sobre <a href=\"https:\/\/drive.google.com\/file\/d\/1C5Nz0lWKlw3PCdtv3MeqVx43QxNDGUTg\/view?usp=sharing\">com s\u2019ha de procedir per formalitzar les inscripcions<\/a>.<\/p>\n<p>Tamb\u00e9 ens comunica els <a href=\"https:\/\/drive.google.com\/file\/d\/1Gmu4TWZxH1ep1UnLQJZEP_L3Tin6rchB\/view?usp=sharing\">cursos o c\u00e0psules formatives que ofereixen al mes de gener.<\/a><\/p>\n<p>17\/01\/2025 &#8211; CONEIX LA FORMACI\u00d3 OCUPACIONAL AL TERRITORI<\/p>\n<p>Donada la import\u00e0ncia d\u2019estar en continu reciclatge i adaptaci\u00f3 al mercat laboral, dedicarem aquesta sessi\u00f3 a con\u00e8ixer les diferents opcions per cercar cursos que millorin el perfil professional i ampli\u00efn les possibilitats de trobar feina.<\/p>\n<p>&nbsp;<\/p>\n<p>24\/01\/2025 &#8211; RESKILLING: POSA EN VALOR LES TEVES COMPET\u00c8NCIES<\/p>\n<p>Les compet\u00e8ncies professionals s\u00f3n el conjunt integrat d&#8217;habilitats, coneixements i aptituds que es necessiten per a exercir una feina, i que s\u2019adquireixen mitjan\u00e7ant la formaci\u00f3, la pr\u00e0ctica professional i l\u2019experi\u00e8ncia en diferents moments de la vida. L\u2019objectiu d\u2019aquesta sessi\u00f3 \u00e9s identificar les teves habilitats mitjan\u00e7ant una sessi\u00f3 pr\u00e0ctica de rescat competencial.<\/p>\n<p>&nbsp;<\/p>\n<p>31\/01\/2025 &#8211; TREBALLA A L\u2019ADMINISTRACI\u00d3 LOCAL<\/p>\n<p>Si tens inter\u00e8s a treballar al sector p\u00fablic i vols saber on trobar ofertes i com funciona un proc\u00e9s de selecci\u00f3 per treballar a l\u2019administraci\u00f3 local, aquesta sessi\u00f3 et dona les claus per con\u00e8ixer quins s\u00f3n els procediments i requisits per a fer-ho.<\/p>\n","protected":false},"excerpt":{"rendered":"<p>Compartim amb vosaltres les <a href=\"https:\/\/drive.google.com\/file\/d\/1Gt_94MKkTDR0Ep4iT6kFDlEDUguzUbJ6\/view?usp=sharing\">ofertes de feina actualitzades d&#8217;aquest inici d&#8217;any<\/a> que l\u2019Oficina Municipal del Treball de Vilafranca del Pened\u00e8s ens ha preparat. Trobareu vacants vinculades als estudis que tenim a l\u2019Institut Intermunicipal del Pened\u00e8s. L\u2019oficina ens informa sobre <a href=\"https:\/\/drive.google.com\/file\/d\/1C5Nz0lWKlw3PCdtv3MeqVx43QxNDGUTg\/view?usp=sharing\">com s\u2019ha de procedir&hellip;  <a href=\"https:\/\/agora.xtec.cat\/ins-intermunicipal\/formacio-professional\/feina-fp\/ofertes-de-feina-a-lalt-penedes-13-de-gener\/\" title=\"Read Ofertes de feina a l&#8217;Alt Pened\u00e8s. 13 de gener\">Llegeix m\u00e9s\u00bb<\/a><\/p>\n","protected":false},"author":8,"featured_media":0,"comment_status":"closed","ping_status":"closed","sticky":false,"template":"","format":"standard","meta":{"_bbp_topic_count":0,"_bbp_reply_count":0,"_bbp_total_topic_count":0,"_bbp_total_reply_count":0,"_bbp_voice_count":0,"_bbp_anonymous_reply_count":0,"_bbp_topic_count_hidden":0,"_bbp_reply_count_hidden":0,"_bbp_forum_subforum_count":0,"footnotes":""},"categories":[189],"tags":[],"class_list":["post-4062","post","type-post","status-publish","format-standard","hentry","category-feina-fp"],"post_mailing_queue_ids":[],"_links":{"self":[{"href":"https:\/\/agora.xtec.cat\/ins-intermunicipal\/wp-json\/wp\/v2\/posts\/4062","targetHints":{"allow":["GET"]}}],"collection":[{"href":"https:\/\/agora.xtec.cat\/ins-intermunicipal\/wp-json\/wp\/v2\/posts"}],"about":[{"href":"https:\/\/agora.xtec.cat\/ins-intermunicipal\/wp-json\/wp\/v2\/types\/post"}],"author":[{"embeddable":true,"href":"https:\/\/agora.xtec.cat\/ins-intermunicipal\/wp-json\/wp\/v2\/users\/8"}],"replies":[{"embeddable":true,"href":"https:\/\/agora.xtec.cat\/ins-intermunicipal\/wp-json\/wp\/v2\/comments?post=4062"}],"version-history":[{"count":1,"href":"https:\/\/agora.xtec.cat\/ins-intermunicipal\/wp-json\/wp\/v2\/posts\/4062\/revisions"}],"predecessor-version":[{"id":4063,"href":"https:\/\/agora.xtec.cat\/ins-intermunicipal\/wp-json\/wp\/v2\/posts\/4062\/revisions\/4063"}],"wp:attachment":[{"href":"https:\/\/agora.xtec.cat\/ins-intermunicipal\/wp-json\/wp\/v2\/media?parent=4062"}],"wp:term":[{"taxonomy":"category","embeddable":true,"href":"https:\/\/agora.xtec.cat\/ins-intermunicipal\/wp-json\/wp\/v2\/categories?post=4062"},{"taxonomy":"post_tag","embeddable":true,"href":"https:\/\/agora.xtec.cat\/ins-intermunicipal\/wp-json\/wp\/v2\/tags?post=4062"}],"curies":[{"name":"wp","href":"https:\/\/api.w.org\/{rel}","templated":true}]}}